{"id":53183,"date":"2022-11-28T16:11:59","date_gmt":"2022-11-28T15:11:59","guid":{"rendered":"https:\/\/www.greenpeace.org\/sweden\/?p=53183"},"modified":"2023-02-17T14:13:50","modified_gmt":"2023-02-17T13:13:50","slug":"cyber-monday-gor-som-sophie-istallet-bli-cirkulent","status":"publish","type":"post","link":"https:\/\/www.greenpeace.org\/sweden\/artiklar\/greenpeace\/cyber-monday-gor-som-sophie-istallet-bli-cirkulent\/","title":{"rendered":"Cyber Monday? G\u00f6r som Sophie &#8211; lev mer cirkul\u00e4rt"},"content":{"rendered":"\n<p><strong>Singles Day, Black Friday, eller till och med Black Week har s\u00e4kert inte undg\u00e5tt dig: konsumtionens h\u00f6gtidsdagar som f\u00f6ljer t\u00e4tt inp\u00e5 varandra. Vi befinner oss nu i en tid p\u00e5 \u00e5ret d\u00e4r f\u00f6retag anv\u00e4nder sig av mer aggressiv marknadsf\u00f6ring \u00e4n vanligt f\u00f6r att vi ska handla mer \u00e4n vad vi egentligen beh\u00f6ver. Idag under Cyber Monday \u00e4r det knappast annorlunda.  <\/strong><\/p>\n\n<p>F\u00f6rra veckan under Circular Monday fick vi <a href=\"https:\/\/www.greenpeace.org\/sweden\/bakgrund\/53087\/circular-monday-cirkulara-kladtips\/\">5 tips fr\u00e5n det h\u00e5llbara modeinitiativet A Sustainable Closet om vi kan leva mer cirkul\u00e4rt.<\/a> Idag under Cyber Monday f\u00e5r vi ta del av grundaren, Sophie Gripenbergs egna ord om varf\u00f6r hon har gjort ett aktivt val att leva ett cirkul\u00e4rt liv.   <\/p>\n\n<figure class=\"wp-block-image size-large\"><img loading=\"lazy\" decoding=\"async\" width=\"1024\" height=\"682\" src=\"https:\/\/www.greenpeace.org\/static\/planet4-sweden-stateless\/2022\/11\/9b6a011e-img_2497-1024x682.jpg\" alt=\"\" class=\"wp-image-53184\" srcset=\"https:\/\/www.greenpeace.org\/static\/planet4-sweden-stateless\/2022\/11\/9b6a011e-img_2497-1024x682.jpg 1024w, https:\/\/www.greenpeace.org\/static\/planet4-sweden-stateless\/2022\/11\/9b6a011e-img_2497-300x200.jpg 300w, https:\/\/www.greenpeace.org\/static\/planet4-sweden-stateless\/2022\/11\/9b6a011e-img_2497-768x512.jpg 768w, https:\/\/www.greenpeace.org\/static\/planet4-sweden-stateless\/2022\/11\/9b6a011e-img_2497-1536x1024.jpg 1536w, https:\/\/www.greenpeace.org\/static\/planet4-sweden-stateless\/2022\/11\/9b6a011e-img_2497-510x340.jpg 510w, https:\/\/www.greenpeace.org\/static\/planet4-sweden-stateless\/2022\/11\/9b6a011e-img_2497.jpg 1613w\" sizes=\"auto, (max-width: 1024px) 100vw, 1024px\" \/><figcaption class=\"wp-element-caption\">Sophie Gripenberg, cirkulent och grundare till f\u00f6retaget A Sustainable Closet som lyfter h\u00e5llbart mode.<\/figcaption><\/figure>\n\n<h4 class=\"wp-block-heading\">Sophie, Vad inneb\u00e4r det egentligen att vara cirkulent?<\/h4>\n\n<p>Ordet \u00e4r en sammanslagning av cirkul\u00e4r och konsument och syftar till en person som \u00e4gnar sig \u00e5t h\u00e5llbar konsumtion genom att hyra, l\u00e5na, \u00e5teranv\u00e4nda, k\u00f6pa begagnat och s\u00e5 vidare. En cirkulent ser sig inte som \u00e4gare till material och resurser utan snarare som en destination d\u00e4r resursen tas om hand om innan det \u00e4r dags f\u00f6r den att vandra vidare. Ordet kom med i Institutet f\u00f6r spr\u00e5k och folkminnes ordlista \u00e5r 2020.<\/p>\n\n<h4 class=\"wp-block-heading\">Vad fick dig att bli cirkulent?<\/h4>\n\n<p>Jag var cirkulent l\u00e5ngt innan ordet uppstod. F\u00f6r min del v\u00e4cktes ett engagemang f\u00f6r klimat- och milj\u00f6fr\u00e5gor p\u00e5 universitet f\u00f6r ca 10 \u00e5r sedan och genom att l\u00e4ra mig mer om hur oh\u00e5llbar den svenska resursf\u00f6rbrukningen var, ville jag minska min klimat- och milj\u00f6p\u00e5verkan s\u00e5 mycket som m\u00f6jligt. Min f\u00f6rsta studentbostad fylldes med massor av second hand-fynd och jag b\u00f6rjade k\u00f6pa en hel del kl\u00e4der p\u00e5 second hand ocks\u00e5. Jag bodde i V\u00e4xj\u00f6 i Sm\u00e5land och d\u00e4r var det l\u00e4tt att fynda massor av fina antika m\u00f6bler och annan heminredning billigt!<\/p>\n\n<h4 class=\"wp-block-heading\">Vad \u00e4r det mest utmanande med att cirkulera?<\/h4>\n\n<p>Prylar som kr\u00e4ver h\u00f6g funktionalitet, det kan vara underst\u00e4ll till vandringsturer, kuddar som \u00e4r bra f\u00f6r nacken, tr\u00e4ningsskor som sitter bra och s\u00e5 vidare. Jag gjorde misstaget att k\u00f6pa saker p\u00e5 second hand trots att de egentligen inte passade bara f\u00f6r att de var second hand, men d\u00e5 l\u00e5g de bara h\u00e4r hemma, s\u00e5 nu k\u00f6per jag endast det som verkligen passar. F\u00f6r min del \u00e4r det perspektivet att jag i f\u00f6rsta hand g\u00f6r det jag kan f\u00f6r att cirkulera och om det inte g\u00e5r och jag beh\u00f6ver n\u00e5got (k\u00f6pte exempelvis nya vandringskor f\u00f6r tv\u00e5 \u00e5r sedan) &#8211; d\u00e5 ser jag till att k\u00f6pa bra kvalitet, helst milj\u00f6m\u00e4rkt och sedan v\u00e5rdar jag det s\u00e5 att prylen eller plagget kan vandra vidare l\u00e5ngt efter jag anv\u00e4nt det.<\/p>\n\n<h4 class=\"wp-block-heading\">Vad \u00e4r det roligaste med att leva mer cirkul\u00e4rt?<\/h4>\n\n<p>Allt! Att leta, att fynda, att sedan anv\u00e4nda det och sedan se n\u00e5gon annan gl\u00e4djas \u00e5t prylen eller plagget efter mig. Det tog mig 10 m\u00e5nader och mer \u00e4n 100 testade br\u00f6llopskl\u00e4nningar innan jag hittade r\u00e4tt. Det hade varit enklare att k\u00f6pa en ny men jag fick precis det jag ville ha till ett b\u00e4ttre pris. Jag s\u00e5lde nyligen br\u00f6llopskl\u00e4nningen till en blivande brud som blev s\u00e5 himla glad \u00f6ver att f\u00e5 ta \u00f6ver kl\u00e4nningen.<\/p>\n\n<p>Senast i helgen fyndade jag och min man ett soffbord. Vi hade l\u00e4nge velat ha ett teakbord inspirerad av danskt 50\/60-tal men b\u00e5de nyproduktion och en del vintage har varit v\u00e4ldigt dyra, men s\u00e5 lyckades vi till slut hitta ett i helgen i en lokal retrobutik. Lyckan var stor n\u00e4r vi kom hem med det.<\/p>\n\n<p>Sedan har jag anordnat en hel del kl\u00e4dbytarkv\u00e4llar med v\u00e4nner. Vi ses, kanske lagar mat tillsammans eller fikar och dricker te och byter lite plagg som vi tr\u00f6ttnat p\u00e5 med varandra. M\u00e5nga g\u00e5nger kommer plaggen tillbaka, det kanske bara beh\u00f6vdes en paus p\u00e5 ett par \u00e5r. Det \u00e4r v\u00e4ldigt roligt n\u00e4r vi ses och umg\u00e5s och f\u00e5r se hur plaggen livas upp av en ny anv\u00e4ndare.<\/p>\n\n<figure class=\"wp-block-image size-full\"><img loading=\"lazy\" decoding=\"async\" width=\"796\" height=\"560\" src=\"https:\/\/www.greenpeace.org\/static\/planet4-sweden-stateless\/2022\/11\/36ede310-sophie.png\" alt=\"\" class=\"wp-image-53185\" srcset=\"https:\/\/www.greenpeace.org\/static\/planet4-sweden-stateless\/2022\/11\/36ede310-sophie.png 796w, https:\/\/www.greenpeace.org\/static\/planet4-sweden-stateless\/2022\/11\/36ede310-sophie-300x211.png 300w, https:\/\/www.greenpeace.org\/static\/planet4-sweden-stateless\/2022\/11\/36ede310-sophie-768x540.png 768w, https:\/\/www.greenpeace.org\/static\/planet4-sweden-stateless\/2022\/11\/36ede310-sophie-483x340.png 483w\" sizes=\"auto, (max-width: 796px) 100vw, 796px\" \/><\/figure>\n\n<h4 class=\"wp-block-heading\">Finns det n\u00e5got community en kan v\u00e4nda sig till f\u00f6r att f\u00e5 och ge inspiration till att vara mer cirkul\u00e4r?<\/h4>\n\n<p>Det finns naturligtvis en del organisationer och plattformar som lyfter det cirkul\u00e4ra alternativet, precis som A Sustainable Closet. Men \u00e4ven en del appar d\u00e4r du direkt kan handla, byta eller inspireras. \u00c4ven en del Facebookgrupper d\u00e4r personer handlar med varandra, men jag b\u00f6r nog varna f\u00f6r dom ocks\u00e5. Det \u00e4r s\u00e5 mycket fina saker som s\u00e4ljs eller auktioneras varje dag att det \u00e4r l\u00e4tt att bli beroende! Jag skulle nog rekommendera att v\u00e4nda dig till de plattformar du redan anv\u00e4nder och funkar bra f\u00f6r dig och sedan inom den kategori du \u00e4r mest intresserad av eller har behov av, om det \u00e4r kl\u00e4der eller heminredning exempelvis.<\/p>\n\n<h4 class=\"wp-block-heading\">Slutligen, Vad \u00e4r dina tre b\u00e4sta tips till den som vill g\u00e5 fr\u00e5n konsument till mer cirkul\u00e4r?<\/h4>\n\n<p><strong>Bli v\u00e4n med appar, Facebook-grupperna och butikerna som erbjuder de cirkul\u00e4ra alternativet.<\/strong> Bes\u00f6k dom regelbundet \u00e4ven om du inte beh\u00f6ver n\u00e5got just nu, f\u00f6r att v\u00e4nja dig vid hur de fungerar, vilka regler som g\u00e4ller och vad som erbjuds p\u00e5 s\u00e5 s\u00e4tt blir du varm i kl\u00e4derna n\u00e4r n\u00e5got beh\u00f6vs.<br><br><strong>Normalisera det cirkul\u00e4ra i dina n\u00e4tverk.<\/strong> V\u00e5ga fr\u00e5ga bekanta om de har n\u00e5got hemma som du kan l\u00e5na om det \u00e4r n\u00e5got du beh\u00f6ver. Ta upp fr\u00e5gan om en gemensam verktygsverkstad med hyresr\u00e4tt eller bostadsf\u00f6reningen. Introducera en kl\u00e4dbytardag vid n\u00e4sta middag med dina v\u00e4nner. Skriv en \u00f6ppen fr\u00e5ga i sociala medier om det \u00e4r n\u00e5got speciellt du letar efter.<br><br><strong>F\u00f6lj och inspireras av de som redan \u00e4r cirkul\u00e4ra.<\/strong> Anv\u00e4nder du Instagram s\u00e5 finns det massor av mikro-influncers som inreder och stylar sina hem och sig sj\u00e4lva med endast begagnat. S\u00f6k p\u00e5 hashtags som #prelovedfashion #secondhandstyle #secondhandfashion. Du kommer bli f\u00f6rv\u00e5nad \u00f6ver variationen av stilar! Det cirkul\u00e4ra finns verkligen f\u00f6r alla.<\/p>\n","protected":false},"excerpt":{"rendered":"<p>Idag \u00e4r det Cyber Monday &#8211; ytterligare en av dagarna d\u00e5 f\u00f6retag anv\u00e4nder sig av Vad inneb\u00e4r det egentligen att vara cirkulent?<\/p>\n","protected":false},"author":34,"featured_media":53184,"comment_status":"closed","ping_status":"closed","sticky":false,"template":"","format":"standard","meta":{"ep_exclude_from_search":false,"p4_og_title":"Cyber Monday? Lev cirkul\u00e4rt ist\u00e4llet ","p4_og_description":"Under Circular Monday fick vi 5 tips fr\u00e5n det h\u00e5llbara modeinitiativet A Sustainable Closet om vi kan leva mer cirkul\u00e4rt. Idag under Cyber Monday f\u00e5r vi ta del av grundaren, Sophie Gripenbergs egna ord om varf\u00f6r hon har gjort ett aktivt val att leva ett cirkul\u00e4rt liv. ","p4_og_image":"","p4_og_image_id":"","p4_seo_canonical_url":"","p4_campaign_name":"not set","p4_local_project":"not set","p4_basket_name":"not set","p4_department":"","footnotes":""},"categories":[1],"tags":[8,59],"p4-page-type":[16],"class_list":["post-53183","post","type-post","status-publish","format-standard","has-post-thumbnail","hentry","category-greenpeace","tag-livsstil","tag-tips","p4-page-type-artiklar"],"_links":{"self":[{"href":"https:\/\/www.greenpeace.org\/sweden\/wp-json\/wp\/v2\/posts\/53183","targetHints":{"allow":["GET"]}}],"collection":[{"href":"https:\/\/www.greenpeace.org\/sweden\/wp-json\/wp\/v2\/posts"}],"about":[{"href":"https:\/\/www.greenpeace.org\/sweden\/wp-json\/wp\/v2\/types\/post"}],"author":[{"embeddable":true,"href":"https:\/\/www.greenpeace.org\/sweden\/wp-json\/wp\/v2\/users\/34"}],"replies":[{"embeddable":true,"href":"https:\/\/www.greenpeace.org\/sweden\/wp-json\/wp\/v2\/comments?post=53183"}],"version-history":[{"count":8,"href":"https:\/\/www.greenpeace.org\/sweden\/wp-json\/wp\/v2\/posts\/53183\/revisions"}],"predecessor-version":[{"id":53193,"href":"https:\/\/www.greenpeace.org\/sweden\/wp-json\/wp\/v2\/posts\/53183\/revisions\/53193"}],"wp:featuredmedia":[{"embeddable":true,"href":"https:\/\/www.greenpeace.org\/sweden\/wp-json\/wp\/v2\/media\/53184"}],"wp:attachment":[{"href":"https:\/\/www.greenpeace.org\/sweden\/wp-json\/wp\/v2\/media?parent=53183"}],"wp:term":[{"taxonomy":"category","embeddable":true,"href":"https:\/\/www.greenpeace.org\/sweden\/wp-json\/wp\/v2\/categories?post=53183"},{"taxonomy":"post_tag","embeddable":true,"href":"https:\/\/www.greenpeace.org\/sweden\/wp-json\/wp\/v2\/tags?post=53183"},{"taxonomy":"p4-page-type","embeddable":true,"href":"https:\/\/www.greenpeace.org\/sweden\/wp-json\/wp\/v2\/p4-page-type?post=53183"}],"curies":[{"name":"wp","href":"https:\/\/api.w.org\/{rel}","templated":true}]}}