{"id":53387,"date":"2023-01-11T13:35:58","date_gmt":"2023-01-11T12:35:58","guid":{"rendered":"https:\/\/www.greenpeace.org\/sweden\/?p=53387"},"modified":"2023-02-23T16:50:48","modified_gmt":"2023-02-23T15:50:48","slug":"regeringsforslag-om-fler-karnkraftverk-greenpeace-kommentar","status":"publish","type":"post","link":"https:\/\/www.greenpeace.org\/sweden\/pressmeddelanden\/klimat\/regeringsforslag-om-fler-karnkraftverk-greenpeace-kommentar\/","title":{"rendered":"Regeringsf\u00f6rslag om fler k\u00e4rnkraftverk &#8211; Greenpeace kommentar"},"content":{"rendered":"\n<p>Regeringen <a href=\"https:\/\/www.regeringen.se\/pressmeddelanden\/2023\/01\/presstraff-med-statsminister-ulf-kristersson-och-klimat--och-miljominister-romina-pourmokhtari\/\">presenterade idag ett f\u00f6rslag<\/a> om att ny k\u00e4rnkraft ska kunna byggas p\u00e5 fler platser \u00e4n vad som \u00e4r till\u00e5tet idag. Med anledning av det f\u00f6ljer h\u00e4r Greenpeace kommentarer.<\/p>\n\n<figure class=\"wp-block-image size-full\"><img loading=\"lazy\" decoding=\"async\" width=\"605\" height=\"402\" src=\"https:\/\/www.greenpeace.org\/static\/planet4-sweden-stateless\/2019\/01\/a42dd6bb-a42dd6bb-110926_ringhals_activist.jpg\" alt=\"\" class=\"wp-image-738\" srcset=\"https:\/\/www.greenpeace.org\/static\/planet4-sweden-stateless\/2019\/01\/a42dd6bb-a42dd6bb-110926_ringhals_activist.jpg 605w, https:\/\/www.greenpeace.org\/static\/planet4-sweden-stateless\/2019\/01\/a42dd6bb-a42dd6bb-110926_ringhals_activist-300x199.jpg 300w, https:\/\/www.greenpeace.org\/static\/planet4-sweden-stateless\/2019\/01\/a42dd6bb-a42dd6bb-110926_ringhals_activist-510x340.jpg 510w\" sizes=\"auto, (max-width: 605px) 100vw, 605px\" \/><figcaption class=\"wp-element-caption\">Projektion p\u00e5 Ringhals k\u00e4rnkraftverk 2011<\/figcaption><\/figure>\n\n<p>\u2013 F\u00f6rslaget att \u00f6ppna upp f\u00f6r ny k\u00e4rnkraft p\u00e5 fler platser i Sverige kommer inte hj\u00e4lpa m\u00e4nniskor i den energikris vi nu och fortsatt kommer att befinna oss i. Det tar minst ett decennium att bygga och kostar astronomiska summor j\u00e4mf\u00f6rt med andra kraftslag. Tid och investeringar som hade kunnat g\u00e5 till energibesparings\u00e5tg\u00e4rder och effektivisering, satsningar p\u00e5 storskalig solv\u00e4rme f\u00f6r industrin och havsbaserad vindkraft som snabbt och kostnadseffektivt s\u00e4krar v\u00e5r energif\u00f6rs\u00f6rjning i den nya tid vi befinner oss i, s\u00e4ger <strong>Isadora Wronski, senior r\u00e5dgivare p\u00e5 Greenpeace<\/strong><\/p>\n\n<p>Innan jul sl\u00e4ppte Greenpeace ett <a href=\"https:\/\/www.greenpeace.org\/sweden\/pressmeddelanden\/53278\/analys-eu-maste-minska-slosaktig-konsumtion-nu-for-att-lindra-energikrisen\/\">energikrisscenario<\/a> som visar att Europa kan spara in 278 TWh (dubbelt s\u00e5 mycket som Sveriges elf\u00f6rs\u00f6rjning), vilket skulle spara in lika mycket som Polen \u00e5rliga utsl\u00e4pp, omedelbart utan att det kr\u00e4vs n\u00e5gra investeringar.&nbsp;<\/p>\n\n<p>\u2013 Sverige regering agerar inte ansvarsfullt eller insiktsfull n\u00e4r de f\u00f6rs\u00f6ker forcera fram ny k\u00e4rnkraft ist\u00e4llet f\u00f6r att vidta \u00e5tg\u00e4rder som snabbt skulle kunna bidra till att mildrade energikrisen och \u00f6ka v\u00e5r s\u00e4kerhet fram\u00e5t. Det \u00e4r tydligt att regeringen inte heller lyssnar p\u00e5 vad industrin s\u00e4ger att de beh\u00f6ver, vilket \u00e4r tydligare spelregler f\u00f6r vindkraften, s\u00e4ger <strong>Isadora Wronski<\/strong><\/p>\n\n<p>K\u00e4rnkraften i Europa har haft stora problem det senaste \u00e5ret. <a href=\"https:\/\/www.spglobal.com\/commodityinsights\/en\/market-insights\/latest-news\/electric-power\/122922-french-nuclear-output-to-start-2023-at-record-low-amid-long-term-outages-fuel-savings-stops\">H\u00e4lften av de 56 franska reaktorerna<\/a> har legat nere under h\u00f6sten vilket bidragit till de skyh\u00f6ga elpriserna vi har haft i Europa.\u00a0<br><br>\u2013\u00a0 Mot bakgrund av alla enorma kostnader och stora problem som k\u00e4rnkraften dras med \u00e4r det tydligt att ny k\u00e4rnkraft p\u00e5 fler orter \u00e4r fel v\u00e4g att g\u00e5. Det ger inte den stabilitet som utlovas utan bidrar till mer os\u00e4kerhet i Sverige. Det kommer att dramatiskt \u00f6ka de samh\u00e4lleliga kostnaderna f\u00f6r haveriberedskap och skydd och det g\u00f6r oss fortsatt beroende av radioaktivt br\u00e4nsle fr\u00e5n utlandet, s\u00e4ger <strong>Isadora Wronski<\/strong><\/p>\n","protected":false},"excerpt":{"rendered":"<p>F\u00f6rslaget att \u00f6ppna upp f\u00f6r ny k\u00e4rnkraft p\u00e5 fler platser i Sverige kommer inte hj\u00e4lpa m\u00e4nniskor i den energikris vi nu och fortsatt kommer att befinna oss i. Det tar minst ett decennium att bygga och kostar astronomiska summor j\u00e4mf\u00f6rt med andra kraftslag. <\/p>\n","protected":false},"author":38,"featured_media":738,"comment_status":"closed","ping_status":"closed","sticky":false,"template":"","format":"standard","meta":{"ep_exclude_from_search":false,"p4_og_title":"","p4_og_description":"","p4_og_image":"","p4_og_image_id":"","p4_seo_canonical_url":"","p4_campaign_name":"not set","p4_local_project":"not set","p4_basket_name":"not set","p4_department":"","footnotes":""},"categories":[45,2],"tags":[26,53],"p4-page-type":[14],"class_list":["post-53387","post","type-post","status-publish","format-standard","has-post-thumbnail","hentry","category-energi","category-klimat","tag-atomkraft","tag-svenskpolitik","p4-page-type-pressmeddelanden"],"_links":{"self":[{"href":"https:\/\/www.greenpeace.org\/sweden\/wp-json\/wp\/v2\/posts\/53387","targetHints":{"allow":["GET"]}}],"collection":[{"href":"https:\/\/www.greenpeace.org\/sweden\/wp-json\/wp\/v2\/posts"}],"about":[{"href":"https:\/\/www.greenpeace.org\/sweden\/wp-json\/wp\/v2\/types\/post"}],"author":[{"embeddable":true,"href":"https:\/\/www.greenpeace.org\/sweden\/wp-json\/wp\/v2\/users\/38"}],"replies":[{"embeddable":true,"href":"https:\/\/www.greenpeace.org\/sweden\/wp-json\/wp\/v2\/comments?post=53387"}],"version-history":[{"count":1,"href":"https:\/\/www.greenpeace.org\/sweden\/wp-json\/wp\/v2\/posts\/53387\/revisions"}],"predecessor-version":[{"id":53388,"href":"https:\/\/www.greenpeace.org\/sweden\/wp-json\/wp\/v2\/posts\/53387\/revisions\/53388"}],"wp:featuredmedia":[{"embeddable":true,"href":"https:\/\/www.greenpeace.org\/sweden\/wp-json\/wp\/v2\/media\/738"}],"wp:attachment":[{"href":"https:\/\/www.greenpeace.org\/sweden\/wp-json\/wp\/v2\/media?parent=53387"}],"wp:term":[{"taxonomy":"category","embeddable":true,"href":"https:\/\/www.greenpeace.org\/sweden\/wp-json\/wp\/v2\/categories?post=53387"},{"taxonomy":"post_tag","embeddable":true,"href":"https:\/\/www.greenpeace.org\/sweden\/wp-json\/wp\/v2\/tags?post=53387"},{"taxonomy":"p4-page-type","embeddable":true,"href":"https:\/\/www.greenpeace.org\/sweden\/wp-json\/wp\/v2\/p4-page-type?post=53387"}],"curies":[{"name":"wp","href":"https:\/\/api.w.org\/{rel}","templated":true}]}}