{"id":53402,"date":"2023-01-12T06:30:00","date_gmt":"2023-01-12T05:30:00","guid":{"rendered":"https:\/\/www.greenpeace.org\/sweden\/?p=53402"},"modified":"2023-02-23T16:51:14","modified_gmt":"2023-02-23T15:51:14","slug":"miljodepartementets-skylt-omhandertagen-av-greenpeaceaktivister","status":"publish","type":"post","link":"https:\/\/www.greenpeace.org\/sweden\/pressmeddelanden\/klimat\/miljodepartementets-skylt-omhandertagen-av-greenpeaceaktivister\/","title":{"rendered":"Milj\u00f6departementets skylt omh\u00e4ndertagen av Greenpeaceaktivister"},"content":{"rendered":"\n<p><strong>Vid \u00e5rsskiftet lade regeringen ner milj\u00f6departementet och milj\u00f6fr\u00e5gorna underordnades energi- och n\u00e4ringsministern i det nya klimat- och n\u00e4ringsdepartementet. Nedl\u00e4ggningen \u00e4r en del av regeringens omorganisering av departementen och f\u00f6ljer p\u00e5 den stora minskningen av milj\u00f6budgeten. Oroliga medborgare och aktivister fr\u00e5n Greenpeace har d\u00e4rf\u00f6r omh\u00e4ndertagit det nedlagda milj\u00f6departementets skylt, som annars riskerade att f\u00f6rst\u00f6ras eller komma bort likt anslagen f\u00f6r klimat- och milj\u00f6arbetet.<\/strong><\/p>\n\n<figure class=\"wp-block-image size-full\"><img loading=\"lazy\" decoding=\"async\" width=\"800\" height=\"533\" src=\"https:\/\/www.greenpeace.org\/static\/planet4-sweden-stateless\/2023\/01\/96df616c-image-miljodepartementet-007_800px.jpg\" title=\"Milj\u00f6departementets skylt p\u00e5 ett t\u00e5g genom Sverige\" alt=\"\" class=\"wp-image-53407\" srcset=\"https:\/\/www.greenpeace.org\/static\/planet4-sweden-stateless\/2023\/01\/96df616c-image-miljodepartementet-007_800px.jpg 800w, https:\/\/www.greenpeace.org\/static\/planet4-sweden-stateless\/2023\/01\/96df616c-image-miljodepartementet-007_800px-300x200.jpg 300w, https:\/\/www.greenpeace.org\/static\/planet4-sweden-stateless\/2023\/01\/96df616c-image-miljodepartementet-007_800px-768x512.jpg 768w, https:\/\/www.greenpeace.org\/static\/planet4-sweden-stateless\/2023\/01\/96df616c-image-miljodepartementet-007_800px-510x340.jpg 510w\" sizes=\"auto, (max-width: 800px) 100vw, 800px\" \/><figcaption class=\"wp-element-caption\">Milj\u00f6departementets skylt p\u00e5 ett t\u00e5g genom Sverige<\/figcaption><\/figure>\n\n<p>\u2013 Genom att montera ner Sveriges klimat- och milj\u00f6politik riskerar Ulf Kristersson v\u00e5r gemensamma framtid och den tydligaste symbolen f\u00f6r detta haveri \u00e4r att milj\u00f6departementet l\u00e4ggs ned. Ist\u00e4llet f\u00f6r att underordnas n\u00e4ringspolitiken borde det vara tv\u00e4rtom \u2013 h\u00e4nsynen till milj\u00f6- och klimat m\u00e5ste vara det som s\u00e4tter ramarna samtliga politikomr\u00e5den, s\u00e4ger <strong>Rolf Lindahl <\/strong>kampanjledare p\u00e5 Greenpeace.&nbsp;&nbsp;&nbsp;&nbsp;<\/p>\n\n<p>Milj\u00f6departementets skylt kommer nu vara en del av en kampanj f\u00f6r att \u00f6desfr\u00e5gorna kring milj\u00f6 och klimat ska prioriteras tillr\u00e4ckligt av regeringen. Skylten kommer \u00e5terl\u00e4mnas i ursprungligt skick om ett sj\u00e4lvst\u00e4ndigt milj\u00f6departementet \u00e5teruppst\u00e5r eller n\u00e4r regeringens politik p\u00e5 ett trov\u00e4rdigt s\u00e4tt uppfyller svensk grundlag, andra paragrafen i regeringsformen, som tydligt stipulerar att \u201cdet allm\u00e4nna ska fr\u00e4mja en h\u00e5llbar utveckling som leder till en god milj\u00f6 f\u00f6r nuvarande och kommande generationer\u201d.&nbsp;<\/p>\n\n<p>Milj\u00f6departementets skylt \u00e4r cirka 1 mm tjock, m\u00e4ter 40 x 14 cm och \u00e4r tillverkad i rostfritt st\u00e5l. Den befinner sig just nu i ett k\u00e4rleksfullt hem n\u00e5gonstans i Sverige och g\u00f6r sig redo f\u00f6r comeback.<\/p>\n\n<figure class=\"wp-block-image aligncenter size-full\"><a href=\"https:\/\/youtu.be\/WIJAnCFgowQ\"><img loading=\"lazy\" decoding=\"async\" width=\"400\" height=\"225\" src=\"https:\/\/www.greenpeace.org\/static\/planet4-sweden-stateless\/2023\/01\/f06d2f13-se-filmen-400px.jpg\" alt=\"\" class=\"wp-image-53406\" srcset=\"https:\/\/www.greenpeace.org\/static\/planet4-sweden-stateless\/2023\/01\/f06d2f13-se-filmen-400px.jpg 400w, https:\/\/www.greenpeace.org\/static\/planet4-sweden-stateless\/2023\/01\/f06d2f13-se-filmen-400px-300x169.jpg 300w\" sizes=\"auto, (max-width: 400px) 100vw, 400px\" \/><\/a><figcaption class=\"wp-element-caption\"><a href=\"https:\/\/youtu.be\/WIJAnCFgowQ\">Se filmen fr\u00e5n omh\u00e4ndertagandet<\/a><\/figcaption><\/figure>\n\n<p><strong>L\u00e4s mer p\u00e5 <a href=\"http:\/\/miljodepartementet.org\">milj\u00f6departementet.org<\/a><\/strong><\/p>\n\n<p><strong>Kontakt:<\/strong><br><strong>Rolf Lindahl<\/strong>, kampanjledare, 070 397 58 70<br><strong>Ludvig Tillman<\/strong>, kommunikationsansvarig, 070-2716437<\/p>\n\t\t\t<section\n\t\t\tclass=\"boxout post-53374 \"\n\t\t\t\n\t\t>\n\t\t\t<a\n\t\t\t\tdata-ga-category=\"Take Action Boxout\"\n\t\t\t\tdata-ga-action=\"Image\"\n\t\t\t\tdata-ga-label=\"n\/a\"\n\t\t\t\tclass=\"cover-card-overlay\"\n\t\t\t\thref=\"https:\/\/www.greenpeace.org\/sweden\/agera\/krav-en-ambitios-och-omfattande-miljopolitik\/\" \n\t\t\t><\/a>\n\t\t\t\t\t\t\t<img\n\t\t\t\t\t\tsrc=\"https:\/\/www.greenpeace.org\/static\/planet4-sweden-stateless\/2023\/01\/e6581203-bild-till-politik-petition3.png\"\n\t\t\t\t\t\tsrcset=\"https:\/\/www.greenpeace.org\/static\/planet4-sweden-stateless\/2023\/01\/e6581203-bild-till-politik-petition3-300x164.png 300w, https:\/\/www.greenpeace.org\/static\/planet4-sweden-stateless\/2023\/01\/e6581203-bild-till-politik-petition3-768x420.png 768w, https:\/\/www.greenpeace.org\/static\/planet4-sweden-stateless\/2023\/01\/e6581203-bild-till-politik-petition3-510x279.png 510w, https:\/\/www.greenpeace.org\/static\/planet4-sweden-stateless\/2023\/01\/e6581203-bild-till-politik-petition3.png 926w\"\n\t\t\t\t\t\tsizes=\"(min-width: 1000px) 358px, (min-width: 780px) 313px, 88px\"\n\t\t\t\t\t\talt=\"\" title=\"\"\n\t\t\t\t\/>\n            \t\t\t<div class=\"boxout-content\">\n\t\t\t\t\t\t\t\t\t<a\n\t\t\t\t\t\tclass=\"boxout-heading medium\"\n\t\t\t\t\t\tdata-ga-category=\"Take Action Boxout\"\n\t\t\t\t\t\tdata-ga-action=\"Title\"\n\t\t\t\t\t\tdata-ga-label=\"n\/a\"\n\t\t\t\t\t\thref=\"https:\/\/www.greenpeace.org\/sweden\/agera\/krav-en-ambitios-och-omfattande-miljopolitik\/\"\n\t\t\t\t\t\t\n\t\t\t\t\t>\n\t\t\t\t\t\tKr\u00e4v en ambiti\u00f6s och omfattande milj\u00f6politik\n\t\t\t\t\t<\/a>\n\t\t\t\t\t\t\t\t\t\t\t\t\t<p class=\"boxout-excerpt\">Ist\u00e4llet f\u00f6r att l\u00e4gga ned milj\u00f6departementet och g\u00f6ra det underst\u00e4llt n\u00e4ringsdepartementet m\u00e5ste regeringen se till att klimat- och milj\u00f6fr\u00e5gor \u00e4r det som s\u00e4tter ramarna f\u00f6r alla politikomr\u00e5den inte minst g\u00e4ller detta n\u00e4ringslivsfr\u00e5gor.<\/p>\n\t\t\t\t                                    <a\n                        class=\"btn btn-primary\"\n                        data-ga-category=\"Take Action Boxout\"\n                        data-ga-action=\"Call to Action\"\n                        data-ga-label=\"n\/a\"\n                        href=\"https:\/\/www.greenpeace.org\/sweden\/agera\/krav-en-ambitios-och-omfattande-miljopolitik\/\"\n                        \n                    >\n                        Engagera dig\n                    <\/a>\n                \t\t\t<\/div>\n\t\t\t\t\t<\/section>\n\t","protected":false},"excerpt":{"rendered":"<p>Aktivister har omh\u00e4ndertagit det nedlagda milj\u00f6departementets skylt, som annars riskerade att f\u00f6rst\u00f6ras eller komma bort likt anslagen f\u00f6r klimat och milj\u00f6.<\/p>\n","protected":false},"author":40,"featured_media":53407,"comment_status":"closed","ping_status":"closed","sticky":false,"template":"","format":"standard","meta":{"ep_exclude_from_search":false,"p4_og_title":"Milj\u00f6departementets skylt omh\u00e4ndertagen av Greenpeaceaktivister","p4_og_description":"Aktivister har omh\u00e4ndertagit det nedlagda milj\u00f6departementets skylt, som annars riskerade att f\u00f6rst\u00f6ras eller komma bort likt anslagen f\u00f6r klimat och milj\u00f6.","p4_og_image":"","p4_og_image_id":"","p4_seo_canonical_url":"","p4_campaign_name":"not set","p4_local_project":"not set","p4_basket_name":"not set","p4_department":"","footnotes":""},"categories":[2],"tags":[23,31,25,40,53],"p4-page-type":[14],"class_list":["post-53402","post","type-post","status-publish","format-standard","has-post-thumbnail","hentry","category-klimat","tag-globaluppvarmning","tag-aktivism","tag-hallbarenergi","tag-biodiversitet","tag-svenskpolitik","p4-page-type-pressmeddelanden"],"_links":{"self":[{"href":"https:\/\/www.greenpeace.org\/sweden\/wp-json\/wp\/v2\/posts\/53402","targetHints":{"allow":["GET"]}}],"collection":[{"href":"https:\/\/www.greenpeace.org\/sweden\/wp-json\/wp\/v2\/posts"}],"about":[{"href":"https:\/\/www.greenpeace.org\/sweden\/wp-json\/wp\/v2\/types\/post"}],"author":[{"embeddable":true,"href":"https:\/\/www.greenpeace.org\/sweden\/wp-json\/wp\/v2\/users\/40"}],"replies":[{"embeddable":true,"href":"https:\/\/www.greenpeace.org\/sweden\/wp-json\/wp\/v2\/comments?post=53402"}],"version-history":[{"count":9,"href":"https:\/\/www.greenpeace.org\/sweden\/wp-json\/wp\/v2\/posts\/53402\/revisions"}],"predecessor-version":[{"id":55388,"href":"https:\/\/www.greenpeace.org\/sweden\/wp-json\/wp\/v2\/posts\/53402\/revisions\/55388"}],"wp:featuredmedia":[{"embeddable":true,"href":"https:\/\/www.greenpeace.org\/sweden\/wp-json\/wp\/v2\/media\/53407"}],"wp:attachment":[{"href":"https:\/\/www.greenpeace.org\/sweden\/wp-json\/wp\/v2\/media?parent=53402"}],"wp:term":[{"taxonomy":"category","embeddable":true,"href":"https:\/\/www.greenpeace.org\/sweden\/wp-json\/wp\/v2\/categories?post=53402"},{"taxonomy":"post_tag","embeddable":true,"href":"https:\/\/www.greenpeace.org\/sweden\/wp-json\/wp\/v2\/tags?post=53402"},{"taxonomy":"p4-page-type","embeddable":true,"href":"https:\/\/www.greenpeace.org\/sweden\/wp-json\/wp\/v2\/p4-page-type?post=53402"}],"curies":[{"name":"wp","href":"https:\/\/api.w.org\/{rel}","templated":true}]}}