{"id":53475,"date":"2023-01-24T17:11:31","date_gmt":"2023-01-24T16:11:31","guid":{"rendered":"https:\/\/www.greenpeace.org\/sweden\/?p=53475"},"modified":"2023-02-23T16:50:11","modified_gmt":"2023-02-23T15:50:11","slug":"hopp-fran-brasilien-lulas-seger-kan-minska-avskogning-i-amazonas-med-89-procent","status":"publish","type":"post","link":"https:\/\/www.greenpeace.org\/sweden\/artiklar\/skog\/hopp-fran-brasilien-lulas-seger-kan-minska-avskogning-i-amazonas-med-89-procent\/","title":{"rendered":"Hopp fr\u00e5n Brasilien: Lula\u2019s seger kan minska avskogning i Amazonas med 89 procent"},"content":{"rendered":"\n<figure class=\"wp-block-image size-large\"><img loading=\"lazy\" decoding=\"async\" width=\"1024\" height=\"737\" src=\"https:\/\/www.greenpeace.org\/static\/planet4-sweden-stateless\/2023\/01\/4d83f2fa-lula-brasilien-amazonas-1024x737.jpg\" alt=\"Bild p\u00e5 Brasiliens nya president Lula Da silva som lovar att skydda landets natur, s\u00e4rskilt amazonas\" class=\"wp-image-53476\" srcset=\"https:\/\/www.greenpeace.org\/static\/planet4-sweden-stateless\/2023\/01\/4d83f2fa-lula-brasilien-amazonas-1024x737.jpg 1024w, https:\/\/www.greenpeace.org\/static\/planet4-sweden-stateless\/2023\/01\/4d83f2fa-lula-brasilien-amazonas-300x216.jpg 300w, https:\/\/www.greenpeace.org\/static\/planet4-sweden-stateless\/2023\/01\/4d83f2fa-lula-brasilien-amazonas-768x553.jpg 768w, https:\/\/www.greenpeace.org\/static\/planet4-sweden-stateless\/2023\/01\/4d83f2fa-lula-brasilien-amazonas-472x340.jpg 472w, https:\/\/www.greenpeace.org\/static\/planet4-sweden-stateless\/2023\/01\/4d83f2fa-lula-brasilien-amazonas.jpg 1250w\" sizes=\"auto, (max-width: 1024px) 100vw, 1024px\" \/><figcaption class=\"wp-element-caption\"><strong>Bildtext:<\/strong> I oktober 2022 stod det klart att Luiz In\u00e1cio Lula da Silva (Lula) utsetts till Brasiliens nya president. Lula har uttalat l\u00f6ften om att vilja \u00e5teruppta landets ledande roll i kampen mot klimatkrisen och att beskydda dess unika natur, s\u00e4rskilt Amazonasskogen.<\/figcaption><\/figure>\n\n<p class=\"has-grey-900-color has-text-color\"><strong>Efter den 30 oktober 2022 <\/strong>stod det klart att brasilianska folket valt en ny president: Luiz In\u00e1cio Lula da Silva (k\u00e4nd som Lula), fr\u00e5n Arbetarpartiet.<\/p>\n\n<p class=\"has-grey-900-color has-text-color\">Lula gick till val med l\u00f6ften om att stoppa avskogningen i Amazonas och s\u00e4kra urfolkens r\u00e4ttigheter, inklusive r\u00e4tten till sitt r\u00e4ttm\u00e4tiga land. Han har sagt sig vilja f\u00e5 ett slut p\u00e5 olaglig avverkning och gruvdrift, och att han vill f\u00f6rena ett Brasilien som upplevt djupa splittringar efter fyra \u00e5r av Jair Bolsonaros turbulenta styre.<\/p>\n\n<h2 class=\"wp-block-heading\">Har tidigare kopplats till minskad avskogning<\/h2>\n\n<p class=\"has-grey-900-color has-text-color\">Den nyvalde presidenten Lula har \u00e4ven suttit p\u00e5 presidentposten i Brasilien f\u00f6rut, och har tv\u00e5 mandatperioder bakom sig. Under Lulas tidigare styre, mellan 2003 och 2010, s\u00e5g man att avskogningen av de brasilianska delarna av Amazonas minskade med hela 80 procent. En nyligen genomf\u00f6rd analys p\u00e5 uppdrag av <a href=\"https:\/\/www.carbonbrief.org\/analysis-bolsonaro-election-loss-could-cut-brazilian-amazon-deforestation-by-89\/\" data-type=\"URL\" data-id=\"https:\/\/www.carbonbrief.org\/analysis-bolsonaro-election-loss-could-cut-brazilian-amazon-deforestation-by-89\/\" target=\"_blank\" rel=\"noreferrer noopener\">Carbon Brief<\/a>, uppskattar att Lulas seger i \u00e5rets val kan komma att <a href=\"https:\/\/www.carbonbrief.org\/analysis-bolsonaro-election-loss-could-cut-brazilian-amazon-deforestation-by-89\/\" data-type=\"URL\" data-id=\"https:\/\/www.carbonbrief.org\/analysis-bolsonaro-election-loss-could-cut-brazilian-amazon-deforestation-by-89\/\" target=\"_blank\" rel=\"noreferrer noopener\">minska avskogningen i Amazonas med hela 89 procent<\/a>, det kommande decenniet.<\/p>\n\n<h2 class=\"wp-block-heading\">Knapp seger \u00f6ver Bolsonaro<\/h2>\n\n<p class=\"has-grey-900-color has-text-color\">Lula valdes med skr\u00e4mmande liten marginal \u2013 med endast 50,9 procent av r\u00f6sterna. Hans nyvalda regering st\u00e5r inf\u00f6r betydande utmaningar och kommer beh\u00f6va \u00e5teruppbygga det som gick f\u00f6rlorat under styret av den milj\u00f6- och urfolksfientliga Bolsonaro-regeringen. Under Bolsonaro f\u00f6rsvagades eller avskaffades ett flertal institutioner och r\u00e4ttigheter, och det kommer att kr\u00e4vas en stor anstr\u00e4ngning att f\u00e5 dessa p\u00e5 plats igen.<\/p>\n\n<p class=\"has-grey-900-color has-text-color\">Dessutom kvarst\u00e5r risken att en stor del av den kommande brasilianska kongressen forts\u00e4tter fatta beslut som hotar milj\u00f6n och m\u00e4nskliga r\u00e4ttigheter.<br><br><strong>Det \u00e4r avg\u00f6rande att de l\u00f6ften Lula har gett under valr\u00f6relsen blir till konkret handling.<\/strong><br><br>L\u00c4S MER: <a href=\"https:\/\/www.greenpeace.org\/sweden\/nyheter\/53481\/vad-borde-lulas-seger-betyda-for-amazonas-och-handelsavtalet-eu-mercosur\/\" target=\"_blank\" rel=\"noreferrer noopener\">Vad borde Lula&#8217;s seger betyda f\u00f6r handelsavtalet EU-Mercosur? <\/a><\/p>\n\n<p class=\"has-grey-900-color has-text-color\">Milj\u00f6policies och organ f\u00f6r att \u00f6vervaka, bevara och \u00e5terst\u00e4lla skogsmarker och andra milj\u00f6er m\u00e5ste \u00e5terinf\u00f6ras. Urbefolkningar och traditionella samh\u00e4llen m\u00e5ste garanteras r\u00e4ttigheter, mark och skydd. Civilsamh\u00e4llet och sociala r\u00f6relser m\u00e5ste garanteras r\u00e4tten till delaktighet och medbest\u00e4mmande.<\/p>\n\n<p class=\"has-grey-900-color has-text-color\">Tillsammans med organisationer vi p\u00e5 Greenpeace jobbar med p\u00e5 plats i Brasilien, och miljontals brasilianare, kommer vi forts\u00e4tta arbetet f\u00f6r en gr\u00f6n, r\u00e4ttvis och fredlig framtid d\u00e4r demokratin och Amazonas kan blomstra.<\/p>\n\n<h2 class=\"wp-block-heading\">Var med och skydda Amazonas<\/h2>\n\n<p class=\"has-grey-900-color has-text-color\">Vi m\u00e5ste g\u00f6ra allt vi kan f\u00f6r att skydda Amazonas. V\u00e5ra planer \u00e4r m\u00e5nga och ambiti\u00f6sa, men vi beh\u00f6ver fler engagerade privatpersoner som st\u00f6ttar oss d\u00e5 vi inte tar emot en enda krona fr\u00e5n f\u00f6retag eller myndigheter. <br><strong><a href=\"https:\/\/stod.greenpeace.org\/d\/~se-min-donation\" target=\"_blank\" rel=\"noreferrer noopener\">Bli m\u00e5nadsgivare idag<\/a> s\u00e5 \u00e4r du med och k\u00e4mpar tillsammans med oss p\u00e5 plats i Amazonas varje dag. Du kan \u00e4ven st\u00f6tta v\u00e5rt arbete genom att <a href=\"https:\/\/greenpeace.adoveo.com\/start\/TWpoaFpHOTJaVzg9\/?location=link1\" target=\"_blank\" rel=\"noreferrer noopener\">swisha ett valfritt bidrag<\/a>.  <\/strong><\/p>\n","protected":false},"excerpt":{"rendered":"<p>Efter den 30 oktober 2022 stod det klart att brasilianska folket valt en ny president: Luiz In\u00e1cio Lula da Silva (k\u00e4nd som Lula), fr\u00e5n Arbetarpartiet.<\/p>\n","protected":false},"author":35,"featured_media":53476,"comment_status":"closed","ping_status":"closed","sticky":false,"template":"","format":"standard","meta":{"ep_exclude_from_search":false,"p4_og_title":"","p4_og_description":"","p4_og_image":"","p4_og_image_id":"","p4_seo_canonical_url":"","p4_campaign_name":"not set","p4_local_project":"not set","p4_basket_name":"not set","p4_department":"","footnotes":""},"categories":[22],"tags":[47],"p4-page-type":[16],"class_list":["post-53475","post","type-post","status-publish","format-standard","has-post-thumbnail","hentry","category-skog","tag-regnskog","p4-page-type-artiklar"],"_links":{"self":[{"href":"https:\/\/www.greenpeace.org\/sweden\/wp-json\/wp\/v2\/posts\/53475","targetHints":{"allow":["GET"]}}],"collection":[{"href":"https:\/\/www.greenpeace.org\/sweden\/wp-json\/wp\/v2\/posts"}],"about":[{"href":"https:\/\/www.greenpeace.org\/sweden\/wp-json\/wp\/v2\/types\/post"}],"author":[{"embeddable":true,"href":"https:\/\/www.greenpeace.org\/sweden\/wp-json\/wp\/v2\/users\/35"}],"replies":[{"embeddable":true,"href":"https:\/\/www.greenpeace.org\/sweden\/wp-json\/wp\/v2\/comments?post=53475"}],"version-history":[{"count":6,"href":"https:\/\/www.greenpeace.org\/sweden\/wp-json\/wp\/v2\/posts\/53475\/revisions"}],"predecessor-version":[{"id":53588,"href":"https:\/\/www.greenpeace.org\/sweden\/wp-json\/wp\/v2\/posts\/53475\/revisions\/53588"}],"wp:featuredmedia":[{"embeddable":true,"href":"https:\/\/www.greenpeace.org\/sweden\/wp-json\/wp\/v2\/media\/53476"}],"wp:attachment":[{"href":"https:\/\/www.greenpeace.org\/sweden\/wp-json\/wp\/v2\/media?parent=53475"}],"wp:term":[{"taxonomy":"category","embeddable":true,"href":"https:\/\/www.greenpeace.org\/sweden\/wp-json\/wp\/v2\/categories?post=53475"},{"taxonomy":"post_tag","embeddable":true,"href":"https:\/\/www.greenpeace.org\/sweden\/wp-json\/wp\/v2\/tags?post=53475"},{"taxonomy":"p4-page-type","embeddable":true,"href":"https:\/\/www.greenpeace.org\/sweden\/wp-json\/wp\/v2\/p4-page-type?post=53475"}],"curies":[{"name":"wp","href":"https:\/\/api.w.org\/{rel}","templated":true}]}}