{"id":53481,"date":"2023-01-24T17:29:36","date_gmt":"2023-01-24T16:29:36","guid":{"rendered":"https:\/\/www.greenpeace.org\/sweden\/?p=53481"},"modified":"2023-02-23T08:46:14","modified_gmt":"2023-02-23T07:46:14","slug":"vad-borde-lulas-seger-betyda-for-amazonas-och-handelsavtalet-eu-mercosur","status":"publish","type":"post","link":"https:\/\/www.greenpeace.org\/sweden\/artiklar\/skog\/vad-borde-lulas-seger-betyda-for-amazonas-och-handelsavtalet-eu-mercosur\/","title":{"rendered":"Vad borde Lula\u2019s seger betyda f\u00f6r Amazonas och handelsavtalet EU-Mercosur?"},"content":{"rendered":"\n<figure class=\"wp-block-image size-full\"><img loading=\"lazy\" decoding=\"async\" width=\"815\" height=\"542\" src=\"https:\/\/www.greenpeace.org\/static\/planet4-sweden-stateless\/2023\/01\/46e5dc23-screenshot-2023-01-24-at-17.13.52.png\" alt=\"\" class=\"wp-image-53482\" srcset=\"https:\/\/www.greenpeace.org\/static\/planet4-sweden-stateless\/2023\/01\/46e5dc23-screenshot-2023-01-24-at-17.13.52.png 815w, https:\/\/www.greenpeace.org\/static\/planet4-sweden-stateless\/2023\/01\/46e5dc23-screenshot-2023-01-24-at-17.13.52-300x200.png 300w, https:\/\/www.greenpeace.org\/static\/planet4-sweden-stateless\/2023\/01\/46e5dc23-screenshot-2023-01-24-at-17.13.52-768x511.png 768w, https:\/\/www.greenpeace.org\/static\/planet4-sweden-stateless\/2023\/01\/46e5dc23-screenshot-2023-01-24-at-17.13.52-510x340.png 510w\" sizes=\"auto, (max-width: 815px) 100vw, 815px\" \/><figcaption class=\"wp-element-caption\">FOTO: Protest mot frihandelsavtalet EU-Mercosur i Tyskland. I bild syns Gesche Juergens, kampanjledare f\u00f6r skog och biodiversitet i Tyskland. Foto: Anne Barth\/Greenpeace, 2020.<\/figcaption><\/figure>\n\n<p class=\"has-green-500-color has-text-color\"><a rel=\"noreferrer noopener\" href=\"https:\/\/www.greenpeace.org\/sweden\/agera\/skydda-amazonas-sverige-sag-nej-till-handelsavtalet-med-brasilien\/\" target=\"_blank\">Skriv under v\u00e5rt upprop och kr\u00e4v att Sverige och EU s\u00e4ger nej till handelsavtalet \u2013 som kommer ha f\u00f6r\u00f6dande effekt f\u00f6r Amazonas regnskog och klimatkrisen.<\/a><\/p>\n\n<p class=\"has-grey-900-color has-text-color\">Efter att Bolsonaro\u2019s fyra\u00e5riga presidentskap nu avslutats, kommer Europeiska kommissionen, och \u00e4ven vissa regeringar och industrier i Europa se m\u00f6jligheten att driva igenom handelsavtalet mellan EU och Mercosur. Men faktum \u00e4r att avtalet i sin nuvarande form skulle vara raka motsatsen till det Amazonas beh\u00f6ver.<br><br><strong>OKTOBER 2022:<\/strong> Luiz In\u00e1cio Lula da Silva har valts till Brasiliens n\u00e4sta president och besegrade den sittande Jair Bolsonaro.<br><br><strong>L\u00e4s mer: <a href=\"https:\/\/www.greenpeace.org\/sweden\/pressmeddelanden\/53475\/hopp-fran-brasilien-lulas-seger-kan-minska-avskogning-i-amazonas-med-89-procent\/\" target=\"_blank\" rel=\"noreferrer noopener\">Lula\u2019s seger kan minska avskogningen i Amazonas med 89 procent<\/a><\/strong><\/p>\n\n<p class=\"has-grey-900-color has-text-color\">Bolsonaros regering urholkade demokratin, hotade urfolkens \u00f6verlevnad och eskalerade f\u00f6rst\u00f6relsen av Amazonas i Brasilien. F\u00f6r att stoppa avskogningen, respektera m\u00e4nskliga r\u00e4ttigheter och st\u00f6dja Amazonas samh\u00e4llen, kommer tilltr\u00e4dande president Lula att radikalt beh\u00f6va v\u00e4nda nedmonteringen av milj\u00f6skydd som \u00e4gt rum de senaste fyra \u00e5ren, och flytta Brasilien bort fr\u00e5n den destruktiva ekonomiska strategi som accelererade under Bolsonaros styre.<\/p>\n\n<p class=\"has-grey-900-color has-text-color\"><strong>Nu \u00e4r h\u00f6g tid att att l\u00e5ta Amazonas regnskog l\u00e4ka fr\u00e5n all f\u00f6rst\u00f6relse den lidit. Trots detta skulle det handelsavtal EU nu vill driva igenom med Mercosur ha exakt motsatt effekt.<\/strong> Avtalet mellan EU och Mercosur (Argentina, Brasilien, Paraguay och Uruguay), som f\u00f6rhandlats fram n\u00e4r Bolsonaro var sittande president, kommer utan tvekan att f\u00f6rv\u00e4rra klimat- och naturkrisen.<\/p>\n\n<figure class=\"wp-block-image size-full\"><img loading=\"lazy\" decoding=\"async\" width=\"791\" height=\"531\" src=\"https:\/\/www.greenpeace.org\/static\/planet4-sweden-stateless\/2023\/01\/76f5e6cd-screenshot-2023-01-24-at-17.19.25.png\" alt=\"\" class=\"wp-image-53483\" srcset=\"https:\/\/www.greenpeace.org\/static\/planet4-sweden-stateless\/2023\/01\/76f5e6cd-screenshot-2023-01-24-at-17.19.25.png 791w, https:\/\/www.greenpeace.org\/static\/planet4-sweden-stateless\/2023\/01\/76f5e6cd-screenshot-2023-01-24-at-17.19.25-300x201.png 300w, https:\/\/www.greenpeace.org\/static\/planet4-sweden-stateless\/2023\/01\/76f5e6cd-screenshot-2023-01-24-at-17.19.25-768x516.png 768w, https:\/\/www.greenpeace.org\/static\/planet4-sweden-stateless\/2023\/01\/76f5e6cd-screenshot-2023-01-24-at-17.19.25-506x340.png 506w\" sizes=\"auto, (max-width: 791px) 100vw, 791px\" \/><\/figure>\n\n<h2 class=\"wp-block-heading\">Handelsavtalet EU-Mercosur: en klimatkatastrof<\/h2>\n\n<p class=\"has-grey-900-color has-text-color\">Hela po\u00e4ngen med det nuvarande handelsavtalet \u00e4r att \u00f6ka handeln med jordbruksprodukter som k\u00f6tt och soja, kemikalier som bek\u00e4mpningsmedel och fossildrivna bilar. Genom att uppmuntra till mer och billigare \u2013 snarare \u00e4n mindre \u2013 konsumtion av dessa skadliga produkter, st\u00e5r avtalet i direkt motsats till m\u00e5len f\u00f6r den <a href=\"https:\/\/www.cell.com\/one-earth\/fulltext\/S2590-3322(20)30422-X\" target=\"_blank\" rel=\"noreferrer noopener\">h\u00e5llbara omst\u00e4llning som kr\u00e4vs f\u00f6r att motverka klimatkrisen<\/a>. Tyv\u00e4rr handlar det inte bara om detaljerna i det nuvarande avtalsf\u00f6rslaget: <strong>hela avtalet \u00e4r upplagt f\u00f6r att ta oss bak\u00e5t n\u00e4r det g\u00e4ller <a href=\"http:\/\/s2bnetwork.org\/stop-the-eu-mercosur-agreement\/\" target=\"_blank\" rel=\"noreferrer noopener\">klimat\u00e5tg\u00e4rder <\/a>och naturskydd.<\/strong><\/p>\n\n<p class=\"has-grey-900-color has-text-color\">\u00c4ven med en ny regering i Brasilien \u00e4r det fortsatt b\u00e5de br\u00e5dskande och absolut n\u00f6dv\u00e4ndigt att se \u00f6ver det planerade handelsavtalet mellan EU och Mercosur. Utan radikala f\u00f6r\u00e4ndringar i det nuvarande f\u00f6rslaget kommer det h\u00e4r avtalet att driva p\u00e5 den fortsatta f\u00f6rst\u00f6relsen av Amazonas och andra vitala ekosystem, vilket \u00e4ven eskalerar klimat- och naturkrisen.<\/p>\n\n<p class=\"has-grey-900-color has-text-color\"><strong>Bakgrund:<\/strong> <a href=\"https:\/\/www.greenpeace.org\/sweden\/nyheter\/45998\/7-myter-om-eus-handelsavtal-med-brasilien-och-mercosur\/\">Vad \u00e4r egentligen problemet med handelsavtalet EU-Mercosur? Kolla in: Vi avsl\u00f6jar 7 vanliga myter<\/a><\/p>\n\n<h2 class=\"wp-block-heading\">Lula har uttryckt oro \u00f6ver avtalet<\/h2>\n\n<p class=\"has-grey-900-color has-text-color\"><strong>Tilltr\u00e4dande president Lula har uttryckt oro \u00f6ver aff\u00e4ren<\/strong>. I sitt segertal betonade han att han vill ha r\u00e4ttvisare handel och inte \u00e4r intresserad av handelsavtal som d\u00f6mer Brasilien till &#8221;den eviga rollen som export\u00f6r av r\u00e5varor och r\u00e5varor&#8221;. Under hela sin valkampanj indikerade Lula \u00e4ven att han vill omf\u00f6rhandla texten med EU.<\/p>\n\n<p class=\"has-grey-900-color has-text-color\">Men att verkligen fixa avtalet skulle kr\u00e4va en stor \u00f6versyn. F\u00f6r att skydda naturen, klimatet och urfolkens m\u00e4nskliga r\u00e4ttigheter m\u00e5ste EU och Mercosur-l\u00e4nderna g\u00f6ra om avtalet fr\u00e5n grunden och s\u00e4tta milj\u00f6h\u00e4nsyn och sociala fr\u00e5gor i centrum. Europeiska kommissionens nuvarande avsikt att ta itu med kryph\u00e5len f\u00f6r h\u00e5llbarhet i EU-Mercosur-avtalet via ett &#8221;ytterligare instrument&#8221; av tolkningskarakt\u00e4r \u00e4r en skenprocess som inte kan \u00e5tg\u00e4rda de allvarliga bristerna i avtalet.<\/p>\n\n<h2 class=\"wp-block-heading\">Dags att v\u00e4lja Amazonas f\u00f6re mer handel<\/h2>\n\n<p class=\"has-grey-900-color has-text-color\">En fullst\u00e4ndig omf\u00f6rhandling av EU-Mercosur-avtalet \u00e4r ett m\u00e5ste om beslutsfattarna menar allvar med h\u00e5llbar handel. <strong>Tiden att agera f\u00f6r att skydda natur och klimat \u00e4r nu:<\/strong> beslutsfattare p\u00e5 b\u00e5da sidor om Atlanten m\u00e5ste f\u00f6rkasta varje avtal mellan EU och Mercosur som leder till \u00f6kad f\u00f6rst\u00f6relse av skog och ekosystem, och som g\u00e5r emot den socioekologiska omst\u00e4llning vi akut beh\u00f6ver.<\/p>\n\n<p class=\"has-grey-900-color has-text-color\"><strong>Lulas seger erbjuder <\/strong>den unika chansen att se \u00f6ver hela avtalet med milj\u00f6- och social h\u00e4nsyn som prioritet. Amazonas \u00e4r f\u00f6r n\u00e4ra <a href=\"https:\/\/www.greenpeace.org\/sweden\/nyheter\/51165\/odesaret-2022-for-amazonas-regnskogen-nara-kollaps\/\">dess kritiska \u201ctipping point\u201d<\/a> (d\u00e5 regnskogen inte l\u00e4ngre kan \u00e5terh\u00e4mta sig och riskerar f\u00f6rvandlas till en torr savann) f\u00f6r att ekonomiska intressen ska f\u00e5 prioriteras framf\u00f6r regnskogens \u00f6verlevnad.<\/p>\n\n<p class=\"has-grey-900-color has-text-color\">Det \u00e4r dags att p\u00e5minna v\u00e4rldens ledare: <strong>Det finns ingen handel p\u00e5 en d\u00f6d planet.<\/strong><\/p>\n\n<p class=\"has-green-500-color has-text-color\"><a href=\"https:\/\/www.greenpeace.org\/sweden\/agera\/skydda-amazonas-sverige-sag-nej-till-handelsavtalet-med-brasilien\/\" data-type=\"URL\" data-id=\"https:\/\/www.greenpeace.org\/sweden\/agera\/skydda-amazonas-sverige-sag-nej-till-handelsavtalet-med-brasilien\/\" target=\"_blank\" rel=\"noreferrer noopener\">Skriv under v\u00e5rt upprop \u2013 kr\u00e4v att EU v\u00e4ljer att skydda Amazonas framf\u00f6r mer handel!<\/a><\/p>\n\t\t\t<section\n\t\t\tclass=\"boxout post-45937 \"\n\t\t\t\n\t\t>\n\t\t\t<a\n\t\t\t\tdata-ga-category=\"Take Action Boxout\"\n\t\t\t\tdata-ga-action=\"Image\"\n\t\t\t\tdata-ga-label=\"n\/a\"\n\t\t\t\tclass=\"cover-card-overlay\"\n\t\t\t\thref=\"https:\/\/www.greenpeace.org\/sweden\/agera\/skydda-amazonas-sverige-sag-nej-till-handelsavtalet-med-brasilien\/\" \n\t\t\t><\/a>\n\t\t\t\t\t\t\t<img\n\t\t\t\t\t\tsrc=\"https:\/\/www.greenpeace.org\/static\/planet4-sweden-stateless\/2020\/10\/9f673b9b-together4forests_skog_greenpeace.jpg\"\n\t\t\t\t\t\tsrcset=\"https:\/\/www.greenpeace.org\/static\/planet4-sweden-stateless\/2020\/10\/9f673b9b-together4forests_skog_greenpeace-300x200.jpg 300w, https:\/\/www.greenpeace.org\/static\/planet4-sweden-stateless\/2020\/10\/9f673b9b-together4forests_skog_greenpeace-768x513.jpg 768w, https:\/\/www.greenpeace.org\/static\/planet4-sweden-stateless\/2020\/10\/9f673b9b-together4forests_skog_greenpeace-510x340.jpg 510w, https:\/\/www.greenpeace.org\/static\/planet4-sweden-stateless\/2020\/10\/9f673b9b-together4forests_skog_greenpeace.jpg 800w\"\n\t\t\t\t\t\tsizes=\"(min-width: 1000px) 358px, (min-width: 780px) 313px, 88px\"\n\t\t\t\t\t\talt=\"\" title=\"\"\n\t\t\t\t\/>\n            \t\t\t<div class=\"boxout-content\">\n\t\t\t\t\t\t\t\t\t<a\n\t\t\t\t\t\tclass=\"boxout-heading medium\"\n\t\t\t\t\t\tdata-ga-category=\"Take Action Boxout\"\n\t\t\t\t\t\tdata-ga-action=\"Title\"\n\t\t\t\t\t\tdata-ga-label=\"n\/a\"\n\t\t\t\t\t\thref=\"https:\/\/www.greenpeace.org\/sweden\/agera\/skydda-amazonas-sverige-sag-nej-till-handelsavtalet-med-brasilien\/\"\n\t\t\t\t\t\t\n\t\t\t\t\t>\n\t\t\t\t\t\tSkydda Amazonas, s\u00e4g nej till handelsavtalet med Brasilien!\n\t\t\t\t\t<\/a>\n\t\t\t\t\t\t\t\t\t\t\t\t\t<p class=\"boxout-excerpt\">Amazonas beh\u00f6ver din r\u00f6st \u2013 skriv under och hj\u00e4lp oss stoppa handelsavtalet som kommer \u00f6ka \u00f6del\u00e4ggelsen av v\u00e4rdefull regnskog.<\/p>\n\t\t\t\t                                    <a\n                        class=\"btn btn-primary\"\n                        data-ga-category=\"Take Action Boxout\"\n                        data-ga-action=\"Call to Action\"\n                        data-ga-label=\"n\/a\"\n                        href=\"https:\/\/www.greenpeace.org\/sweden\/agera\/skydda-amazonas-sverige-sag-nej-till-handelsavtalet-med-brasilien\/\"\n                        \n                    >\n                        Engagera dig\n                    <\/a>\n                \t\t\t<\/div>\n\t\t\t\t\t<\/section>\n\t","protected":false},"excerpt":{"rendered":"<p>2023: Nu \u00e4r h\u00f6g tid att att l\u00e5ta Amazonas regnskog l\u00e4ka fr\u00e5n all f\u00f6rst\u00f6relse den lidit. Trots det skulle det handelsavtal EU nu vill driva igenom med Mercosur ha exakt motsatt effekt. L\u00e4s mer. <\/p>\n","protected":false},"author":35,"featured_media":53482,"comment_status":"closed","ping_status":"closed","sticky":false,"template":"","format":"standard","meta":{"ep_exclude_from_search":false,"p4_og_title":"","p4_og_description":"2023: Nu \u00e4r h\u00f6g tid att att l\u00e5ta Amazonas regnskog l\u00e4ka fr\u00e5n all f\u00f6rst\u00f6relse den lidit. Trots detta skulle det handelsavtal EU vill driva igenom med Mercosur ha exakt motsatt effekt. L\u00e4s mer. ","p4_og_image":"","p4_og_image_id":"","p4_seo_canonical_url":"","p4_campaign_name":"not set","p4_local_project":"not set","p4_basket_name":"not set","p4_department":"","footnotes":""},"categories":[22],"tags":[47],"p4-page-type":[16],"class_list":["post-53481","post","type-post","status-publish","format-standard","has-post-thumbnail","hentry","category-skog","tag-regnskog","p4-page-type-artiklar"],"_links":{"self":[{"href":"https:\/\/www.greenpeace.org\/sweden\/wp-json\/wp\/v2\/posts\/53481","targetHints":{"allow":["GET"]}}],"collection":[{"href":"https:\/\/www.greenpeace.org\/sweden\/wp-json\/wp\/v2\/posts"}],"about":[{"href":"https:\/\/www.greenpeace.org\/sweden\/wp-json\/wp\/v2\/types\/post"}],"author":[{"embeddable":true,"href":"https:\/\/www.greenpeace.org\/sweden\/wp-json\/wp\/v2\/users\/35"}],"replies":[{"embeddable":true,"href":"https:\/\/www.greenpeace.org\/sweden\/wp-json\/wp\/v2\/comments?post=53481"}],"version-history":[{"count":6,"href":"https:\/\/www.greenpeace.org\/sweden\/wp-json\/wp\/v2\/posts\/53481\/revisions"}],"predecessor-version":[{"id":53591,"href":"https:\/\/www.greenpeace.org\/sweden\/wp-json\/wp\/v2\/posts\/53481\/revisions\/53591"}],"wp:featuredmedia":[{"embeddable":true,"href":"https:\/\/www.greenpeace.org\/sweden\/wp-json\/wp\/v2\/media\/53482"}],"wp:attachment":[{"href":"https:\/\/www.greenpeace.org\/sweden\/wp-json\/wp\/v2\/media?parent=53481"}],"wp:term":[{"taxonomy":"category","embeddable":true,"href":"https:\/\/www.greenpeace.org\/sweden\/wp-json\/wp\/v2\/categories?post=53481"},{"taxonomy":"post_tag","embeddable":true,"href":"https:\/\/www.greenpeace.org\/sweden\/wp-json\/wp\/v2\/tags?post=53481"},{"taxonomy":"p4-page-type","embeddable":true,"href":"https:\/\/www.greenpeace.org\/sweden\/wp-json\/wp\/v2\/p4-page-type?post=53481"}],"curies":[{"name":"wp","href":"https:\/\/api.w.org\/{rel}","templated":true}]}}