{"id":5467,"date":"2020-02-11T14:58:23","date_gmt":"2020-02-11T13:58:23","guid":{"rendered":"https:\/\/www.greenpeace.org\/sweden\/?p=5467"},"modified":"2021-12-01T13:40:07","modified_gmt":"2021-12-01T12:40:07","slug":"dags-att-forbjuda-karnvapen","status":"publish","type":"post","link":"https:\/\/www.greenpeace.org\/sweden\/artiklar\/greenpeace\/dags-att-forbjuda-karnvapen\/","title":{"rendered":"Dags att f\u00f6rbjuda k\u00e4rnvapen!"},"content":{"rendered":"\n<p><strong>F\u00f6rbjuda k\u00e4rnvapen, vem vill inte det? Dessv\u00e4rre inte Sveriges regering. I alla fall har Sverige beslutat att \u2013 tillsvidare \u2013 <a href=\"https:\/\/sverigesradio.se\/sida\/artikel.aspx?programid=83&amp;artikel=7262238\">inte skriva under FN:s konvention om f\u00f6rbud mot k\u00e4rnvapen<\/a>. Idag \u00f6verl\u00e4mnade fem organisationer <a href=\"https:\/\/www.greenpeace.org\/sweden\/pressmeddelanden\/5455\/35-686-namn-mot-karnvapen-till-ann-linde\/\">35&nbsp;686 namnunderskrifter till utrikesminister Ann Linde<\/a> med kravet om att Sverige ska underteckna FN-avtalet som f\u00f6rbjuder k\u00e4rnvapen.<\/strong><\/p>\n\n<figure class=\"wp-block-image size-large caption-style-blue-overlay caption-alignment-center\"><img loading=\"lazy\" decoding=\"async\" width=\"1000\" height=\"636\" src=\"https:\/\/www.greenpeace.org\/static\/planet4-sweden-stateless\/2020\/02\/231b1e5d-tpnwpetition.jpg\" alt=\"\" class=\"wp-image-5472\"\/><figcaption> Rolf Lindahl, Greenpeace, \u00f6verl\u00e4mnar tillsammans med Agnes Hellstr\u00f6m fr\u00e5n Svenska Freds, upprop f\u00f6r f\u00f6rbud mot k\u00e4rnvapen till utrikesminister Ann Linde.<\/figcaption><\/figure>\n\n<p>Greenpeace Sverige har drivit fr\u00e5gan aktivt p\u00e5 senare tid och <a href=\"https:\/\/www.greenpeace.org\/sweden\/pressmeddelanden\/985\/wallstrom-mottog-atombomb-med-24-700-underskrifter\/\">2017 gjorde vi en f\u00f6rsta delredovisning av namninsamlingen till utrikesdepartementet<\/a> och <a href=\"https:\/\/www.greenpeace.org\/sweden\/nyheter\/2799\/greenpeace-international-uppmanar-sverige-att-skriva-under-karnvapenforbud\/\">i april 2019 kr\u00e4vde \u00e4ven Greenpeace international<\/a> att Sverige ska skriva under konventionen.<\/p>\n\n<p>F\u00f6r snart femtio \u00e5r sedan, den 5 mars 1970 tr\u00e4dde det s\u00e5 kallade ickespridningsavtalet, NPT, i kraft. Redan innan det<a href=\"https:\/\/en.m.wikipedia.org\/wiki\/List_of_parties_to_the_Treaty_on_the_Non-Proliferation_of_Nuclear_Weapons\">, 1968<\/a>, var Sverige ett av de f\u00f6rsta l\u00e4nderna att skriva under. F\u00f6r Sverige markerade det slutet p\u00e5 planerna om en svensk atombomb. Det svenska undertecknandet markerade ett tydligt skifte. Sedan dess har Sverige tillh\u00f6rt de l\u00e4nder som mest aktivt drivit en nedrustningsagenda.<\/p>\n\n<p>F\u00f6ljaktligen har det arbete som bedrivits i k\u00e4rnvapenfr\u00e5gan av civilsamh\u00e4llet i Sverige, inte huvudsakligen handlat om  att \u00e4ndra Sveriges position p\u00e5 ett radikalt s\u00e4tt, utan mer om att lyfta vikten av nedrustning och om k\u00e4rnvapnens oerh\u00f6rda konsekvenser. Ett sentida exempel p\u00e5 detta \u00e4r utbildningsmaterialet &#8221;<a href=\"http:\/\/laromkarnvapen.se\/\">L\u00e4r om k\u00e4rnvapen<\/a>&#8221; som tagits fram i samarbete mellan Svenska Freds och L\u00e4kare mot k\u00e4rnvapen. <\/p>\n\n<p>Efter n\u00e4rmare femtio \u00e5r av ickespridningsavtal har vi inte sett att ett av syftena med avtalet uppn\u00e5tts \u2013 en konkret k\u00e4rnvapennedrustning. Att Sverige d\u00e4rf\u00f6r borde driva p\u00e5 f\u00f6r globalt avtal som f\u00f6rbjuder k\u00e4rnvapen kan tyckas sj\u00e4lvklart. \u00c5tminstone tycker <a href=\"https:\/\/www.palmecenter.se\/article\/svenska-folket-ar-for-ett-karnvapenforbud\/\">fyra av fem svenskar det<\/a>. Idag har drygt 35&nbsp;000 av dessa gjort sin r\u00f6st h\u00f6rd till Sveriges regering. <\/p>\n\t\t\t<section\n\t\t\tclass=\"boxout post-30 \"\n\t\t\t\n\t\t>\n\t\t\t<a\n\t\t\t\tdata-ga-category=\"Take Action Boxout\"\n\t\t\t\tdata-ga-action=\"Image\"\n\t\t\t\tdata-ga-label=\"n\/a\"\n\t\t\t\tclass=\"cover-card-overlay\"\n\t\t\t\thref=\"https:\/\/www.greenpeace.org\/sweden\/agera\/stod-oss\/\" \n\t\t\t><\/a>\n\t\t\t\t\t\t\t<img\n\t\t\t\t\t\tsrc=\"https:\/\/www.greenpeace.org\/static\/planet4-sweden-stateless\/2025\/05\/87a738a4-gp034ks_medium-res-1200px-1024x685.jpg\"\n\t\t\t\t\t\tsrcset=\"https:\/\/www.greenpeace.org\/static\/planet4-sweden-stateless\/2025\/05\/87a738a4-gp034ks_medium-res-1200px-300x201.jpg 300w, https:\/\/www.greenpeace.org\/static\/planet4-sweden-stateless\/2025\/05\/87a738a4-gp034ks_medium-res-1200px-1024x685.jpg 1024w, https:\/\/www.greenpeace.org\/static\/planet4-sweden-stateless\/2025\/05\/87a738a4-gp034ks_medium-res-1200px-768x514.jpg 768w, https:\/\/www.greenpeace.org\/static\/planet4-sweden-stateless\/2025\/05\/87a738a4-gp034ks_medium-res-1200px-508x340.jpg 508w, https:\/\/www.greenpeace.org\/static\/planet4-sweden-stateless\/2025\/05\/87a738a4-gp034ks_medium-res-1200px.jpg 1200w\"\n\t\t\t\t\t\tsizes=\"(min-width: 1000px) 358px, (min-width: 780px) 313px, 88px\"\n\t\t\t\t\t\talt=\"\" title=\"\"\n\t\t\t\t\/>\n            \t\t\t<div class=\"boxout-content\">\n\t\t\t\t\t\t\t\t\t<a\n\t\t\t\t\t\tclass=\"boxout-heading medium\"\n\t\t\t\t\t\tdata-ga-category=\"Take Action Boxout\"\n\t\t\t\t\t\tdata-ga-action=\"Title\"\n\t\t\t\t\t\tdata-ga-label=\"n\/a\"\n\t\t\t\t\t\thref=\"https:\/\/www.greenpeace.org\/sweden\/agera\/stod-oss\/\"\n\t\t\t\t\t\t\n\t\t\t\t\t>\n\t\t\t\t\t\tSt\u00f6d Greenpeace arbete\n\t\t\t\t\t<\/a>\n\t\t\t\t\t\t\t\t\t\t\t\t\t<p class=\"boxout-excerpt\">Vill du vara med och skapa en b\u00e4ttre v\u00e4rld f\u00f6r nuvarande och kommande generationer? Bli m\u00e5nadsgivare idag.<\/p>\n\t\t\t\t                                    <a\n                        class=\"btn btn-primary\"\n                        data-ga-category=\"Take Action Boxout\"\n                        data-ga-action=\"Call to Action\"\n                        data-ga-label=\"n\/a\"\n                        href=\"https:\/\/www.greenpeace.org\/sweden\/agera\/stod-oss\/\"\n                        \n                    >\n                        Engagera dig\n                    <\/a>\n                \t\t\t<\/div>\n\t\t\t\t\t<\/section>\n\t","protected":false},"excerpt":{"rendered":"<p>Dags att f\u00f6rbjuda k\u00e4rnvapen! Upprop till utrikesminister Ann Linde med krav att Sverige ska underteckna FN-avtalet som f\u00f6rbjuder k\u00e4rnvapen.<\/p>\n","protected":false},"author":28,"featured_media":5472,"comment_status":"closed","ping_status":"open","sticky":false,"template":"","format":"standard","meta":{"ep_exclude_from_search":false,"p4_og_title":"Dags att f\u00f6rbjuda k\u00e4rnvapen!","p4_og_description":"Dags att f\u00f6rbjuda k\u00e4rnvapen! Upprop till utrikesminister Ann Linde med krav att Sverige ska underteckna FN-avtalet som f\u00f6rbjuder k\u00e4rnvapen.","p4_og_image":"","p4_og_image_id":"","p4_seo_canonical_url":"","p4_campaign_name":"not set","p4_local_project":"not set","p4_basket_name":"not set","p4_department":"","footnotes":""},"categories":[1],"tags":[31],"p4-page-type":[],"class_list":["post-5467","post","type-post","status-publish","format-standard","has-post-thumbnail","hentry","category-greenpeace","tag-aktivism"],"_links":{"self":[{"href":"https:\/\/www.greenpeace.org\/sweden\/wp-json\/wp\/v2\/posts\/5467","targetHints":{"allow":["GET"]}}],"collection":[{"href":"https:\/\/www.greenpeace.org\/sweden\/wp-json\/wp\/v2\/posts"}],"about":[{"href":"https:\/\/www.greenpeace.org\/sweden\/wp-json\/wp\/v2\/types\/post"}],"author":[{"embeddable":true,"href":"https:\/\/www.greenpeace.org\/sweden\/wp-json\/wp\/v2\/users\/28"}],"replies":[{"embeddable":true,"href":"https:\/\/www.greenpeace.org\/sweden\/wp-json\/wp\/v2\/comments?post=5467"}],"version-history":[{"count":7,"href":"https:\/\/www.greenpeace.org\/sweden\/wp-json\/wp\/v2\/posts\/5467\/revisions"}],"predecessor-version":[{"id":49815,"href":"https:\/\/www.greenpeace.org\/sweden\/wp-json\/wp\/v2\/posts\/5467\/revisions\/49815"}],"wp:featuredmedia":[{"embeddable":true,"href":"https:\/\/www.greenpeace.org\/sweden\/wp-json\/wp\/v2\/media\/5472"}],"wp:attachment":[{"href":"https:\/\/www.greenpeace.org\/sweden\/wp-json\/wp\/v2\/media?parent=5467"}],"wp:term":[{"taxonomy":"category","embeddable":true,"href":"https:\/\/www.greenpeace.org\/sweden\/wp-json\/wp\/v2\/categories?post=5467"},{"taxonomy":"post_tag","embeddable":true,"href":"https:\/\/www.greenpeace.org\/sweden\/wp-json\/wp\/v2\/tags?post=5467"},{"taxonomy":"p4-page-type","embeddable":true,"href":"https:\/\/www.greenpeace.org\/sweden\/wp-json\/wp\/v2\/p4-page-type?post=5467"}],"curies":[{"name":"wp","href":"https:\/\/api.w.org\/{rel}","templated":true}]}}