{"id":55727,"date":"2023-03-06T16:27:41","date_gmt":"2023-03-06T15:27:41","guid":{"rendered":"https:\/\/www.greenpeace.org\/sweden\/?p=55727"},"modified":"2023-12-19T14:39:09","modified_gmt":"2023-12-19T13:39:09","slug":"greenpeace-och-skogsupproret-pa-turne","status":"publish","type":"post","link":"https:\/\/www.greenpeace.org\/sweden\/pressmeddelanden\/skog\/greenpeace-och-skogsupproret-pa-turne\/","title":{"rendered":"Greenpeace och Skogsupproret p\u00e5 turn\u00e9 \u2013 delta du med och skydda den sista skogen!"},"content":{"rendered":"\n<figure class=\"wp-block-image size-full\"><img loading=\"lazy\" decoding=\"async\" width=\"831\" height=\"365\" src=\"https:\/\/www.greenpeace.org\/static\/planet4-sweden-stateless\/2023\/03\/76a61c72-banner-soci-done-copy.png\" alt=\"Bild p\u00e5 stopph\u00e4nder som dyker fram ur granbuskage. Texten lyder: Greenpeace och skogsupproret presenterar Skogsv\u00e4rn\" class=\"wp-image-55728\" srcset=\"https:\/\/www.greenpeace.org\/static\/planet4-sweden-stateless\/2023\/03\/76a61c72-banner-soci-done-copy.png 831w, https:\/\/www.greenpeace.org\/static\/planet4-sweden-stateless\/2023\/03\/76a61c72-banner-soci-done-copy-300x132.png 300w, https:\/\/www.greenpeace.org\/static\/planet4-sweden-stateless\/2023\/03\/76a61c72-banner-soci-done-copy-768x337.png 768w, https:\/\/www.greenpeace.org\/static\/planet4-sweden-stateless\/2023\/03\/76a61c72-banner-soci-done-copy-510x224.png 510w\" sizes=\"auto, (max-width: 831px) 100vw, 831px\" \/><\/figure>\n\n<p>I f\u00f6rra veckan gick Skogsstyrelsens mest erfarna ekolog ut i Sveriges st\u00f6rsta morgontidning med budskapet att <a href=\"https:\/\/www.dn.se\/sverige\/larm-inifran-skogsstyrelsen-svenskt-skogsbruk-definitivt-inte-hallbart\/\"><strong>\u201cKalhyggesbruket har orsakat den st\u00f6rsta milj\u00f6f\u00f6rst\u00f6ringen i Sverige n\u00e5gonsin\u201d<\/strong><\/a><strong>. <\/strong>Trots de \u00e5terkommande larmen fr\u00e5n myndigheter, urfolk, forskare, aktivister och lokalbor \u00e4r regeringen och skogsindustrin fortfarande upptagna med att fabricera myten om det \u2018svenska h\u00e5llbara skogsbruket\u2019 ist\u00e4llet f\u00f6r att f\u00f6r\u00e4ndra det.&nbsp;<\/p>\n\n<p>Men medan de klamrar sig fast vid ett f\u00f6r\u00e5ldrat system ser allt fler m\u00e4nniskor igenom de <a href=\"https:\/\/www.dn.se\/sverige\/skogsbolagens-berattelse-om-skogen-lobby-for-150-miljoner\/\">dyra och v\u00e4lregisserade lobby-l\u00f6gnerna<\/a>. <strong>Hur kan vi sj\u00e4lva g\u00e5 fr\u00e5n ord till handling och skapa f\u00f6r\u00e4ndring? <\/strong>V\u00e5r demokrati \u00e4r baserad p\u00e5 att <em>all makt utg\u00e5r fr\u00e5n folket<\/em> och n\u00e4r v\u00e5ra folkvalda abdikerar fr\u00e5n ansvar \u00e4r det h\u00f6g tid att vi frig\u00f6r v\u00e5r egen potential att v\u00e4rna den sista skogen!&nbsp;<\/p>\n\n<p><strong>D\u00e4rf\u00f6r har Greenpeace nu krokat arm med gr\u00e4srotsr\u00f6relsen <\/strong><a href=\"http:\/\/www.skogsupproret.se\"><strong>Skogsupproret<\/strong><\/a><strong>. Under en f\u00f6rel\u00e4sningsturn\u00e9 med \u00e5tta stopp i S\u00e1pmi \/ Norrland har vi tr\u00e4ffat lokalbor f\u00f6r att diskutera:<br><\/strong>&#8211; Effekterna av den r\u00e5dande svenska skogsbruksmodellen.<br>&#8211; Hur ett verkligt h\u00e5llbart skogsbruk gynnar levande skogar och lokalsamh\u00e4llen.<br>&#8211; Hur organisering och fredlig civil olydnad, tillsammans med andra demokratiska metoder, kan ta oss n\u00e4rmare den visionen.&nbsp;&nbsp;<\/p>\n\n<p>Til s\u00e5v\u00e4l turn\u00e9 som efterf\u00f6ljande tr\u00e4ningshelger, bjuder vi in alla som \u00e4lskar skogen. Alla som f\u00e5tt nog av skogsmissbruket. Alla som vill medskapa f\u00f6r\u00e4ndringen till ett h\u00e5llbart skogsbruk. <strong>Alla som tycker att liv, m\u00e4nskliga r\u00e4ttigheter, l\u00e5ngsiktiga arbetstillf\u00e4llen och friska ekosystem \u00e4r viktigare \u00e4n kortsiktig vinst f\u00f6r ett f\u00e5tal.<\/strong> Vi riktar s\u00e4rskilt en inbjudan till de som tycker att en systemomst\u00e4llning av skogsbruket k\u00e4nns utmanande och sv\u00e5rt. Kom och prata med oss och dela dina perspektiv!<\/p>\n\n<p>Vi har nu precis genomf\u00f6rt v\u00e5r f\u00f6rel\u00e4sningsturn\u00e9, i 8 st\u00e4der i Norrbotten, V\u00e4sterbotten och J\u00e4mtland. Nu har du m\u00f6jligheten att medverka vid v\u00e5ra tr\u00e4ningshelger i Ubjeme \/ Ume\u00e5 eller i J\u00e5hk\u00e5m\u00e5hkke \/ Jokkmokk!<\/p>\n\n<p><strong>F\u00f6r mer information och anm\u00e4lan, g\u00e5 till <a href=\"https:\/\/docs.google.com\/forms\/d\/e\/1FAIpQLScqEW-ww-sxr5QlgUuuiPvDQkiaqwNDjuqsMfo5UkPvjQgbXA\/viewform\">anm\u00e4lningsformul\u00e4ret.<\/a><\/strong><\/p>\n\n<p>Om du deltar i en tr\u00e4ningshelg \u00e4r v\u00e5rt m\u00e5l att du efter\u00e5t ska k\u00e4nna dig trygg och st\u00e4rkt i vad civil olydnad inneb\u00e4r och hur det kan organiseras f\u00f6r att bedrivas p\u00e5 ett s\u00e5 tryggt och s\u00e4kert s\u00e4tt som m\u00f6jligt. Vi vill dela med oss av de l\u00e4rdomar och verktyg vi har samlat under \u00e5ren, s\u00e5 att \u00e4ven du p\u00e5 eget initiativ kan anv\u00e4nda din r\u00e4ttighet att utf\u00f6ra civil olydnad f\u00f6r att v\u00e4rna de sista skogarna.<\/p>\n\n<p><strong>Sprid g\u00e4rna ordet om tr\u00e4ningshelgerna via facebook eventen till v\u00e4nner, familj och bekanta!<\/strong><\/p>\n\n<p><strong><a rel=\"noreferrer noopener\" href=\"https:\/\/www.facebook.com\/events\/263454312677036\/?acontext=%7B%22ref%22%3A%2252%22%2C%22action_history%22%3A%22%5B%7B%5C%22surface%5C%22%3A%5C%22share_link%5C%22%2C%5C%22mechanism%5C%22%3A%5C%22share_link%5C%22%2C%5C%22extra_data%5C%22%3A%7B%5C%22invite_link_id%5C%22%3A956062945594227%7D%7D%5D%22%7D\" target=\"_blank\">6-7\/5 Ubmeje \/ Ume\u00e5<\/a><\/strong><\/p>\n\n<p><strong><a rel=\"noreferrer noopener\" href=\"https:\/\/www.facebook.com\/events\/767971451330288\/?acontext=%7B%22ref%22%3A%2252%22%2C%22action_history%22%3A%22%5B%7B%5C%22surface%5C%22%3A%5C%22share_link%5C%22%2C%5C%22mechanism%5C%22%3A%5C%22share_link%5C%22%2C%5C%22extra_data%5C%22%3A%7B%5C%22invite_link_id%5C%22%3A544308604439134%7D%7D%5D%22%7D\" target=\"_blank\">27-28\/5 J\u00e5hk\u00e5m\u00e5hkke \/ Jokkmokk<\/a><\/strong><\/p>\n\n<p>Under dessa dagar djupdyker vi i fredlig civil olydnad som metod, hur vi kan organisera oss f\u00f6r att v\u00e4rna skogen samt testar p\u00e5 praktiska moment d\u00e4r vi l\u00e4r oss tillsammans. <br><br><strong>Varmt v\u00e4lkommen att ta del av SKOGSV\u00c4RN &#8211; V\u00e4rna den sista skogen!<\/strong><br><br>Har du inte m\u00f6jlighet att delta, men vill vara med och st\u00f6tta v\u00e5rt arbete f\u00f6r klimatet och v\u00e5ra sista naturskogar? Bli givare hos Greenpeace &#8211; tillsammans st\u00e5r vi upp f\u00f6r v\u00e5r planet \ud83d\udc9a<\/p>\n\t\t\t<section\n\t\t\tclass=\"boxout post-30 \"\n\t\t\t\n\t\t>\n\t\t\t<a\n\t\t\t\tdata-ga-category=\"Take Action Boxout\"\n\t\t\t\tdata-ga-action=\"Image\"\n\t\t\t\tdata-ga-label=\"n\/a\"\n\t\t\t\tclass=\"cover-card-overlay\"\n\t\t\t\thref=\"https:\/\/www.greenpeace.org\/sweden\/agera\/stod-oss\/\" \n\t\t\t><\/a>\n\t\t\t\t\t\t\t<img\n\t\t\t\t\t\tsrc=\"https:\/\/www.greenpeace.org\/static\/planet4-sweden-stateless\/2025\/05\/87a738a4-gp034ks_medium-res-1200px-1024x685.jpg\"\n\t\t\t\t\t\tsrcset=\"https:\/\/www.greenpeace.org\/static\/planet4-sweden-stateless\/2025\/05\/87a738a4-gp034ks_medium-res-1200px-300x201.jpg 300w, https:\/\/www.greenpeace.org\/static\/planet4-sweden-stateless\/2025\/05\/87a738a4-gp034ks_medium-res-1200px-1024x685.jpg 1024w, https:\/\/www.greenpeace.org\/static\/planet4-sweden-stateless\/2025\/05\/87a738a4-gp034ks_medium-res-1200px-768x514.jpg 768w, https:\/\/www.greenpeace.org\/static\/planet4-sweden-stateless\/2025\/05\/87a738a4-gp034ks_medium-res-1200px-508x340.jpg 508w, https:\/\/www.greenpeace.org\/static\/planet4-sweden-stateless\/2025\/05\/87a738a4-gp034ks_medium-res-1200px.jpg 1200w\"\n\t\t\t\t\t\tsizes=\"(min-width: 1000px) 358px, (min-width: 780px) 313px, 88px\"\n\t\t\t\t\t\talt=\"\" title=\"\"\n\t\t\t\t\/>\n            \t\t\t<div class=\"boxout-content\">\n\t\t\t\t\t\t\t\t\t<a\n\t\t\t\t\t\tclass=\"boxout-heading medium\"\n\t\t\t\t\t\tdata-ga-category=\"Take Action Boxout\"\n\t\t\t\t\t\tdata-ga-action=\"Title\"\n\t\t\t\t\t\tdata-ga-label=\"n\/a\"\n\t\t\t\t\t\thref=\"https:\/\/www.greenpeace.org\/sweden\/agera\/stod-oss\/\"\n\t\t\t\t\t\t\n\t\t\t\t\t>\n\t\t\t\t\t\tSt\u00f6d Greenpeace arbete\n\t\t\t\t\t<\/a>\n\t\t\t\t\t\t\t\t\t\t\t\t\t<p class=\"boxout-excerpt\">Vill du vara med och skapa en b\u00e4ttre v\u00e4rld f\u00f6r nuvarande och kommande generationer? Bli m\u00e5nadsgivare idag.<\/p>\n\t\t\t\t                                    <a\n                        class=\"btn btn-primary\"\n                        data-ga-category=\"Take Action Boxout\"\n                        data-ga-action=\"Call to Action\"\n                        data-ga-label=\"n\/a\"\n                        href=\"https:\/\/www.greenpeace.org\/sweden\/agera\/stod-oss\/\"\n                        \n                    >\n                        Engagera dig\n                    <\/a>\n                \t\t\t<\/div>\n\t\t\t\t\t<\/section>\n\t","protected":false},"excerpt":{"rendered":"<p>I f\u00f6rra veckan gick Skogsstyrelsens mest erfarna ekolog ut i Sveriges st\u00f6rsta morgontidning med budskapet att \u201cKalhyggesbruket har orsakat den st\u00f6rsta milj\u00f6f\u00f6rst\u00f6ringen i Sverige n\u00e5gonsin\u201d. Trots de \u00e5terkommande larmen fr\u00e5n&hellip;<\/p>\n","protected":false},"author":34,"featured_media":55728,"comment_status":"closed","ping_status":"closed","sticky":false,"template":"","format":"standard","meta":{"ep_exclude_from_search":false,"p4_og_title":"","p4_og_description":"","p4_og_image":"","p4_og_image_id":"","p4_seo_canonical_url":"","p4_campaign_name":"","p4_local_project":"","p4_basket_name":"","p4_department":"","footnotes":""},"categories":[22],"tags":[31,19,64],"p4-page-type":[14],"class_list":["post-55727","post","type-post","status-publish","format-standard","has-post-thumbnail","hentry","category-skog","tag-aktivism","tag-skyddaskogen","tag-sapmi","p4-page-type-pressmeddelanden"],"_links":{"self":[{"href":"https:\/\/www.greenpeace.org\/sweden\/wp-json\/wp\/v2\/posts\/55727","targetHints":{"allow":["GET"]}}],"collection":[{"href":"https:\/\/www.greenpeace.org\/sweden\/wp-json\/wp\/v2\/posts"}],"about":[{"href":"https:\/\/www.greenpeace.org\/sweden\/wp-json\/wp\/v2\/types\/post"}],"author":[{"embeddable":true,"href":"https:\/\/www.greenpeace.org\/sweden\/wp-json\/wp\/v2\/users\/34"}],"replies":[{"embeddable":true,"href":"https:\/\/www.greenpeace.org\/sweden\/wp-json\/wp\/v2\/comments?post=55727"}],"version-history":[{"count":8,"href":"https:\/\/www.greenpeace.org\/sweden\/wp-json\/wp\/v2\/posts\/55727\/revisions"}],"predecessor-version":[{"id":56022,"href":"https:\/\/www.greenpeace.org\/sweden\/wp-json\/wp\/v2\/posts\/55727\/revisions\/56022"}],"wp:featuredmedia":[{"embeddable":true,"href":"https:\/\/www.greenpeace.org\/sweden\/wp-json\/wp\/v2\/media\/55728"}],"wp:attachment":[{"href":"https:\/\/www.greenpeace.org\/sweden\/wp-json\/wp\/v2\/media?parent=55727"}],"wp:term":[{"taxonomy":"category","embeddable":true,"href":"https:\/\/www.greenpeace.org\/sweden\/wp-json\/wp\/v2\/categories?post=55727"},{"taxonomy":"post_tag","embeddable":true,"href":"https:\/\/www.greenpeace.org\/sweden\/wp-json\/wp\/v2\/tags?post=55727"},{"taxonomy":"p4-page-type","embeddable":true,"href":"https:\/\/www.greenpeace.org\/sweden\/wp-json\/wp\/v2\/p4-page-type?post=55727"}],"curies":[{"name":"wp","href":"https:\/\/api.w.org\/{rel}","templated":true}]}}