{"id":55823,"date":"2023-03-21T08:17:44","date_gmt":"2023-03-21T07:17:44","guid":{"rendered":"https:\/\/www.greenpeace.org\/sweden\/?p=55823"},"modified":"2023-12-19T14:38:35","modified_gmt":"2023-12-19T13:38:35","slug":"myten-om-en-hallbar-skogsindustri","status":"publish","type":"post","link":"https:\/\/www.greenpeace.org\/sweden\/artiklar\/skog\/myten-om-en-hallbar-skogsindustri\/","title":{"rendered":"Myten om Sveriges h\u00e5llbara skogsindustri"},"content":{"rendered":"\n<p><strong>Nu \u00e4r vi snart halvv\u00e4gs in i Sveriges ordf\u00f6randeskap i EU. Att Sverige \u00e4r ordf\u00f6rande betyder att Sverige \u00e4r ansvarigt f\u00f6r att f\u00f6ra f\u00f6rhandlingarna fram\u00e5t och sitta ordf\u00f6rande n\u00e4r medlemsl\u00e4ndernas ministrar tr\u00e4ffas. Ordf\u00f6randen ska vara neutral och hitta l\u00f6sningar som \u00e4r godtagbara f\u00f6r alla medlemsl\u00e4nder.&nbsp;<\/strong>&nbsp;<\/p>\n\n<figure class=\"wp-block-image size-full\"><img loading=\"lazy\" decoding=\"async\" width=\"800\" height=\"534\" src=\"https:\/\/www.greenpeace.org\/static\/planet4-sweden-stateless\/2023\/02\/f446c7c5-svenskt-kalhygge-gp0str3ac_web_size.jpg\" title=\"Kalhygge i Norrland.\" alt=\"\" class=\"wp-image-54870\" srcset=\"https:\/\/www.greenpeace.org\/static\/planet4-sweden-stateless\/2023\/02\/f446c7c5-svenskt-kalhygge-gp0str3ac_web_size.jpg 800w, https:\/\/www.greenpeace.org\/static\/planet4-sweden-stateless\/2023\/02\/f446c7c5-svenskt-kalhygge-gp0str3ac_web_size-300x200.jpg 300w, https:\/\/www.greenpeace.org\/static\/planet4-sweden-stateless\/2023\/02\/f446c7c5-svenskt-kalhygge-gp0str3ac_web_size-768x513.jpg 768w, https:\/\/www.greenpeace.org\/static\/planet4-sweden-stateless\/2023\/02\/f446c7c5-svenskt-kalhygge-gp0str3ac_web_size-510x340.jpg 510w\" sizes=\"auto, (max-width: 800px) 100vw, 800px\" \/><figcaption class=\"wp-element-caption\">Utsikt \u00f6ver ett r\u00f6jt omr\u00e5de. Greenpeace dokumenterar skogs- och skogsbruksaktiviteter i den svenska delen av norra barrskogsb\u00e4ltet. Den biologiska m\u00e5ngfalden hotas av skogsbolagens expansion i s\u00e5rbara skogslandskap.<\/figcaption><\/figure>\n\n<p>Hur g\u00e5r det d\u00e5? \u00c5t skogen. De flesta m\u00f6tena h\u00e5lls vid Arlandastad. Bakom den avsp\u00e4rrade delen till\u00e5ts inga utom delegater, f\u00f6rutom skogsindustrin. Skogsindustrin har bjudits in att dekorera hela omr\u00e5det efter behag. En orgie i myter om ekonomi, h\u00e5llbarhet, jobb, klimat och biologisk m\u00e5ngfald. Varenda delegat uts\u00e4tts f\u00f6r propagandan, men vi kan meddela att vi har en motkraft p\u00e5 plats: Greenpeace. Vi kommer att finnas p\u00e5 plats och m\u00f6ta myterna fr\u00e5n industrin. <br><br><strong>Vilka \u00e4r de vanligaste myterna som Sverige f\u00f6rs\u00f6ker lura i EU?<\/strong><\/p>\n\n<p><strong>1.Vi har mer skog \u00e4n aldrig f\u00f6rr!<\/strong><br>Detta p\u00e5st\u00e5ende utg\u00e5r fr\u00e5n en j\u00e4mf\u00f6relse med 1923 n\u00e4r vi hade f\u00e4rre tr\u00e4d \u00e4n n\u00e5gonsin i Sverige, men till och med d\u00e5 fanns 40% fler grova och \u00e4ldre tr\u00e4d. Det \u00e4r inte skogsytan som \u00f6kat sedan dess utan t\u00e4tplanterade m\u00f6rka planteringar av lik\u00e5ldriga monokulturer. Faktum \u00e4r att 1840 fanns ungef\u00e4r samma volym som nu men den hade mycket h\u00f6gre biologisk m\u00e5ngfald. Sedan 1960 har \u00f6ver 60% av den produktiva skogsmarken kalhuggits.<\/p>\n\n<p><strong>2. Vi planterar tv\u00e5, eller tre tr\u00e4d f\u00f6r varje vi hugger!<\/strong><br>Denna myt kommer av att industrin r\u00e4knar antal s\u00e5lda plantor och j\u00e4mf\u00f6r med avverkningarna. Men de r\u00e4knar inte med att 20-30% av plantorna d\u00f6r inom tre \u00e5r, eller de miljontals tr\u00e4d som r\u00f6js och gallras ut redan som sm\u00e5. Myten vill f\u00e5 oss att tro att vi f\u00e5r mer skog, men det enda vi f\u00e5r \u00e4r fler plantager, 96% av alla planterade tr\u00e4d \u00e4r tall eller gran.<\/p>\n\n<p><strong>3. Vi f\u00e5r fler f\u00e5glar i skogen!<\/strong><br>Det finns n\u00e5gra arter som kan anpassa sig till kalhyggesbruket som dominerar Sveriges produktiva skog och de \u00f6kar i antal. Men 41 av 76 skogslevande f\u00e5gelarter minskar i antal. \u00c5tta nya skogslevande f\u00e5glar r\u00f6dlistades mellan 2015-2020. Bara tv\u00e5 arter hade en positiv trend (men fortfarande r\u00f6dlistade).<\/p>\n\n<p><strong>4. Vi respekterar m\u00e4nskliga r\u00e4ttigheter!<\/strong><br>Sverige ignorerar lagar och avtal vi skrivit p\u00e5 som ska skydda urfolket samernas r\u00e4ttigheter och m\u00f6jligheter att bevara och utveckla sin kultur. R\u00e4tten till samr\u00e5d och <a href=\"https:\/\/www.amnesty.se\/vara-rattighetsfragor\/diskriminering\/samers-rattigheter\/principen-om-fritt-och-informerat-forhandssamtycke-fpic\/\">fritt, informerat f\u00f6rhandssamtycke<\/a> innan avverkning respekteras s\u00e4llan och allt fler av de sista skogarna som \u00e4r n\u00f6dv\u00e4ndiga f\u00f6r bl.a. renarnas kritiska vinterbete utarmas. Skogsv\u00e5rdslagen tar inte h\u00e4nsyn till samerna som r\u00e4ttighetsb\u00e4rare och som konsekvens har <a href=\"https:\/\/pubmed.ncbi.nlm.nih.gov\/26754169\/\">70% av lavrika marker f\u00f6rsvunnit<\/a> de senaste 60 \u00e5ren.&nbsp;&nbsp;<\/p>\n\n<p><strong>5. Vi har ett h\u00e5llbart skogsbruk&nbsp;<\/strong><br>Den st\u00f6rsta myten av dem alla \u00e4r att Sverige har ett h\u00e5llbart skogsbruk. Tv\u00e4rtom s\u00e5 har v\u00e5r skog s\u00e4mre status och svagare skydd \u00e4n EU-genomsnittet. Inga andra l\u00e4nder har s\u00e5 slapp lagstiftning mot kalhyggen. Men nu \u00e4r det l\u00e4ge att p\u00e5verka eftersom m\u00e5nga l\u00e4nder vill sk\u00e4rpa skyddet av skogen! Det \u00e4r skamligt att Sverige utnyttjar ordf\u00f6randeskapet till att underminera EU:s arbete f\u00f6r klimat, naturskydd och biologisk m\u00e5ngfald. L\u00e5t oss visa EU att regeringen och industrin inte talar f\u00f6r folket eller v\u00e5ra medarter!<br><br>H\u00e5ll utkik i v\u00e5ra kanaler f\u00f6r mer information och st\u00f6d v\u00e5rt arbete med att skydda skog genom att <a href=\"https:\/\/www.greenpeace.org\/sweden\/agera\/skydda-svensk-skog\/#top\"><strong>skriva under v\u00e5r namninsamling.<\/strong><\/a><\/p>\n\t\t\t<section\n\t\t\tclass=\"boxout post-46050 \"\n\t\t\t\n\t\t>\n\t\t\t<a\n\t\t\t\tdata-ga-category=\"Take Action Boxout\"\n\t\t\t\tdata-ga-action=\"Image\"\n\t\t\t\tdata-ga-label=\"n\/a\"\n\t\t\t\tclass=\"cover-card-overlay\"\n\t\t\t\thref=\"https:\/\/www.greenpeace.org\/sweden\/agera\/skydda-svensk-skog\/\" \n\t\t\t><\/a>\n\t\t\t\t\t\t\t<img\n\t\t\t\t\t\tsrc=\"https:\/\/www.greenpeace.org\/static\/planet4-sweden-stateless\/2021\/02\/d67f8b00-gp0stq8ze_web_size.jpg\"\n\t\t\t\t\t\tsrcset=\"https:\/\/www.greenpeace.org\/static\/planet4-sweden-stateless\/2021\/02\/d67f8b00-gp0stq8ze_web_size-300x200.jpg 300w, https:\/\/www.greenpeace.org\/static\/planet4-sweden-stateless\/2021\/02\/d67f8b00-gp0stq8ze_web_size-768x512.jpg 768w, https:\/\/www.greenpeace.org\/static\/planet4-sweden-stateless\/2021\/02\/d67f8b00-gp0stq8ze_web_size-510x340.jpg 510w, https:\/\/www.greenpeace.org\/static\/planet4-sweden-stateless\/2021\/02\/d67f8b00-gp0stq8ze_web_size.jpg 800w\"\n\t\t\t\t\t\tsizes=\"(min-width: 1000px) 358px, (min-width: 780px) 313px, 88px\"\n\t\t\t\t\t\talt=\"\" title=\"\"\n\t\t\t\t\/>\n            \t\t\t<div class=\"boxout-content\">\n\t\t\t\t\t\t\t\t\t<a\n\t\t\t\t\t\tclass=\"boxout-heading medium\"\n\t\t\t\t\t\tdata-ga-category=\"Take Action Boxout\"\n\t\t\t\t\t\tdata-ga-action=\"Title\"\n\t\t\t\t\t\tdata-ga-label=\"n\/a\"\n\t\t\t\t\t\thref=\"https:\/\/www.greenpeace.org\/sweden\/agera\/skydda-svensk-skog\/\"\n\t\t\t\t\t\t\n\t\t\t\t\t>\n\t\t\t\t\t\tSkydda svensk skog\n\t\t\t\t\t<\/a>\n\t\t\t\t\t\t\t\t\t\t\t\t\t<p class=\"boxout-excerpt\">Skriv under och hj\u00e4lp oss s\u00e4tta press p\u00e5 regeringen och kr\u00e4v att statliga Sveaskog g\u00f6rs om fr\u00e5n en skogsbov till en skogshj\u00e4lte! <\/p>\n\t\t\t\t                                    <a\n                        class=\"btn btn-primary\"\n                        data-ga-category=\"Take Action Boxout\"\n                        data-ga-action=\"Call to Action\"\n                        data-ga-label=\"n\/a\"\n                        href=\"https:\/\/www.greenpeace.org\/sweden\/agera\/skydda-svensk-skog\/\"\n                        \n                    >\n                        Engagera dig\n                    <\/a>\n                \t\t\t<\/div>\n\t\t\t\t\t<\/section>\n\t","protected":false},"excerpt":{"rendered":"<p>Det finns en spridd myt om att Sverige har ett h\u00e5llbart skogsbruk. Tv\u00e4rtom s\u00e5 har v\u00e5r skog s\u00e4mre status och svagare skydd \u00e4n EU-genomsnittet. Inga andra l\u00e4nder har s\u00e5 svag lagstiftning mot kalhyggen.<\/p>\n","protected":false},"author":34,"featured_media":55398,"comment_status":"closed","ping_status":"closed","sticky":false,"template":"","format":"standard","meta":{"ep_exclude_from_search":false,"p4_og_title":"","p4_og_description":"","p4_og_image":"","p4_og_image_id":"","p4_seo_canonical_url":"","p4_campaign_name":"","p4_local_project":"","p4_basket_name":"","p4_department":"","footnotes":""},"categories":[22],"tags":[58,64,19],"p4-page-type":[16],"class_list":["post-55823","post","type-post","status-publish","format-standard","has-post-thumbnail","hentry","category-skog","tag-falskmarknadsforing","tag-sapmi","tag-skyddaskogen","p4-page-type-artiklar"],"_links":{"self":[{"href":"https:\/\/www.greenpeace.org\/sweden\/wp-json\/wp\/v2\/posts\/55823","targetHints":{"allow":["GET"]}}],"collection":[{"href":"https:\/\/www.greenpeace.org\/sweden\/wp-json\/wp\/v2\/posts"}],"about":[{"href":"https:\/\/www.greenpeace.org\/sweden\/wp-json\/wp\/v2\/types\/post"}],"author":[{"embeddable":true,"href":"https:\/\/www.greenpeace.org\/sweden\/wp-json\/wp\/v2\/users\/34"}],"replies":[{"embeddable":true,"href":"https:\/\/www.greenpeace.org\/sweden\/wp-json\/wp\/v2\/comments?post=55823"}],"version-history":[{"count":9,"href":"https:\/\/www.greenpeace.org\/sweden\/wp-json\/wp\/v2\/posts\/55823\/revisions"}],"predecessor-version":[{"id":58707,"href":"https:\/\/www.greenpeace.org\/sweden\/wp-json\/wp\/v2\/posts\/55823\/revisions\/58707"}],"wp:featuredmedia":[{"embeddable":true,"href":"https:\/\/www.greenpeace.org\/sweden\/wp-json\/wp\/v2\/media\/55398"}],"wp:attachment":[{"href":"https:\/\/www.greenpeace.org\/sweden\/wp-json\/wp\/v2\/media?parent=55823"}],"wp:term":[{"taxonomy":"category","embeddable":true,"href":"https:\/\/www.greenpeace.org\/sweden\/wp-json\/wp\/v2\/categories?post=55823"},{"taxonomy":"post_tag","embeddable":true,"href":"https:\/\/www.greenpeace.org\/sweden\/wp-json\/wp\/v2\/tags?post=55823"},{"taxonomy":"p4-page-type","embeddable":true,"href":"https:\/\/www.greenpeace.org\/sweden\/wp-json\/wp\/v2\/p4-page-type?post=55823"}],"curies":[{"name":"wp","href":"https:\/\/api.w.org\/{rel}","templated":true}]}}