{"id":55860,"date":"2023-03-24T13:34:26","date_gmt":"2023-03-24T12:34:26","guid":{"rendered":"https:\/\/www.greenpeace.org\/sweden\/?p=55860"},"modified":"2023-04-18T12:32:31","modified_gmt":"2023-04-18T11:32:31","slug":"vill-regeringen-skydda-klimatet-eller-skogsindustrin","status":"publish","type":"post","link":"https:\/\/www.greenpeace.org\/sweden\/artiklar\/skog\/vill-regeringen-skydda-klimatet-eller-skogsindustrin\/","title":{"rendered":"Vill regeringen skydda klimatet, eller  skogsindustrin?"},"content":{"rendered":"\n<p>I Sverige best\u00e4mmer skogsindustrin \u00f6ver regeringen, som lyder utan att blinka. Regeringen har just <a href=\"https:\/\/www.regeringen.se\/pressmeddelanden\/2023\/03\/sverige-rostar-for-att-skydda-skogsbruket\/\" target=\"_blank\" rel=\"noreferrer noopener\">tillk\u00e4nnagivit<\/a> att Sverige v\u00e4grar att st\u00f6dja den nya LULUCF-f\u00f6rordningen, allts\u00e5 EU:s regelverk som bland annat syftar till att skog och mark ska f\u00e5 leva och lagra mer v\u00e4xthusgaser och p\u00e5 s\u00e5 s\u00e4tt minska halterna i atmosf\u00e4ren och mildra klimatf\u00f6r\u00e4ndringen. Lite pinsamt fr\u00e5n regeringen som tycker att \u201c <a href=\"https:\/\/www.regeringen.se\/artiklar\/2023\/03\/klimat--och-miljoministern-om-den-sjatte-syntesrapporten-under-ipcc\/\" target=\"_blank\" rel=\"noreferrer noopener\">fler l\u00e4nder ska ta rygg p\u00e5 Sverige<\/a>\u201d n\u00e4r det kommer till att bek\u00e4mpa klimatf\u00f6rst\u00f6rande utsl\u00e4pp.<\/p>\n\n<figure class=\"wp-block-image size-large\"><img loading=\"lazy\" decoding=\"async\" width=\"1024\" height=\"338\" src=\"https:\/\/www.greenpeace.org\/static\/planet4-sweden-stateless\/2023\/03\/1e2fc96e-gp0str3bb2-1024x338.jpg\" alt=\"\" class=\"wp-image-55862\" srcset=\"https:\/\/www.greenpeace.org\/static\/planet4-sweden-stateless\/2023\/03\/1e2fc96e-gp0str3bb2-1024x338.jpg 1024w, https:\/\/www.greenpeace.org\/static\/planet4-sweden-stateless\/2023\/03\/1e2fc96e-gp0str3bb2-300x99.jpg 300w, https:\/\/www.greenpeace.org\/static\/planet4-sweden-stateless\/2023\/03\/1e2fc96e-gp0str3bb2-768x253.jpg 768w, https:\/\/www.greenpeace.org\/static\/planet4-sweden-stateless\/2023\/03\/1e2fc96e-gp0str3bb2-510x168.jpg 510w, https:\/\/www.greenpeace.org\/static\/planet4-sweden-stateless\/2023\/03\/1e2fc96e-gp0str3bb2.jpg 1195w\" sizes=\"auto, (max-width: 1024px) 100vw, 1024px\" \/><\/figure>\n\n<p>F\u00f6rklaringen \u00e4r enkelt och inte ens undang\u00f6md, tv\u00e4rtom, den annonseras redan i rubriken till regeringens pressmeddelande: man g\u00f6r det f\u00f6r att skydda skogs(miss)bruket. LULUCF-f\u00f6rordningen kr\u00e4ver att landf\u00f6r\u00e4ndringarna som sker i ett land lagrar mer kol, s\u00e5 att mark och skog beh\u00e5ller sin roll som en kolf\u00f6rr\u00e5d och kols\u00e4nka. Detta kan inneb\u00e4ra att det blir sv\u00e5rare, dyrare eller om\u00f6jligt f\u00f6r skogsindustrierna att avverka i samma takt de g\u00f6r nu, d\u00e5 det enklaste s\u00e4ttet att lagra mer kol \u00e4r genom mer skyddad natur och minskad avverkning. IPCC kom i veckan ut med beskedet att vi extremt snabbt m\u00e5ste f\u00e5 bort kol fr\u00e5n atmosf\u00e4ren, och h\u00e4r vill regeringen sabotera hela EU:s b\u00e4sta, snabbaste och billiga s\u00e4tt att kunna bidra till det.&nbsp;<\/p>\n\n<p>Skogsindustrierna och regeringen har skapat en hel mytologi som genom snedvriden statistik, ensidigt urval av forskning, med p\u00e5st\u00e5enden utan grund i vetenskapen h\u00e4vdar de att avverkning av tr\u00e4biomassa leder till <strong>mindre v\u00e4xthusgaser<\/strong> i atmosf\u00e4ren, \u00e4n om man sparar p\u00e5 resurserna. Denna mytbildning \u00e4r s\u00e5 uppenbart felaktig, s\u00e5 vi f\u00e5r vi \u00e4nd\u00e5 hoppas att EU lyckas driva igenom f\u00f6rslaget och antar ett starkt regelverk som skyddar klimatet, v\u00e5ra medarter och d\u00e5 \u00e4ven oss m\u00e4nniskor, inte industrin.<\/p>\n\n<p><strong>Dima Litvinov, Projektledare Greenpeace<\/strong><\/p>\n","protected":false},"excerpt":{"rendered":"<p>I Sverige best\u00e4mmer skogsindustrin \u00f6ver regeringen, som lyder utan att blinka. Regeringen har just tillk\u00e4nnagivit att Sverige v\u00e4grar att st\u00f6dja den nya LULUCF-f\u00f6rordningen, allts\u00e5 EU:s regelverk som bland annat syftar&hellip;<\/p>\n","protected":false},"author":30,"featured_media":55863,"comment_status":"closed","ping_status":"closed","sticky":false,"template":"","format":"standard","meta":{"ep_exclude_from_search":false,"p4_og_title":"","p4_og_description":"Regeringen har just tillk\u00e4nnagivit att Sverige v\u00e4grar att st\u00f6dja den nya LULUCF-f\u00f6rordningen, f\u00f6r att skydda skog och mark och lagra mer v\u00e4xthusgaser. ","p4_og_image":"","p4_og_image_id":"","p4_seo_canonical_url":"","p4_campaign_name":"","p4_local_project":"Swedish Forests","p4_basket_name":"Forests","p4_department":"","footnotes":""},"categories":[22],"tags":[40,64,19],"p4-page-type":[16],"class_list":["post-55860","post","type-post","status-publish","format-standard","has-post-thumbnail","hentry","category-skog","tag-biodiversitet","tag-sapmi","tag-skyddaskogen","p4-page-type-artiklar"],"_links":{"self":[{"href":"https:\/\/www.greenpeace.org\/sweden\/wp-json\/wp\/v2\/posts\/55860","targetHints":{"allow":["GET"]}}],"collection":[{"href":"https:\/\/www.greenpeace.org\/sweden\/wp-json\/wp\/v2\/posts"}],"about":[{"href":"https:\/\/www.greenpeace.org\/sweden\/wp-json\/wp\/v2\/types\/post"}],"author":[{"embeddable":true,"href":"https:\/\/www.greenpeace.org\/sweden\/wp-json\/wp\/v2\/users\/30"}],"replies":[{"embeddable":true,"href":"https:\/\/www.greenpeace.org\/sweden\/wp-json\/wp\/v2\/comments?post=55860"}],"version-history":[{"count":4,"href":"https:\/\/www.greenpeace.org\/sweden\/wp-json\/wp\/v2\/posts\/55860\/revisions"}],"predecessor-version":[{"id":56045,"href":"https:\/\/www.greenpeace.org\/sweden\/wp-json\/wp\/v2\/posts\/55860\/revisions\/56045"}],"wp:featuredmedia":[{"embeddable":true,"href":"https:\/\/www.greenpeace.org\/sweden\/wp-json\/wp\/v2\/media\/55863"}],"wp:attachment":[{"href":"https:\/\/www.greenpeace.org\/sweden\/wp-json\/wp\/v2\/media?parent=55860"}],"wp:term":[{"taxonomy":"category","embeddable":true,"href":"https:\/\/www.greenpeace.org\/sweden\/wp-json\/wp\/v2\/categories?post=55860"},{"taxonomy":"post_tag","embeddable":true,"href":"https:\/\/www.greenpeace.org\/sweden\/wp-json\/wp\/v2\/tags?post=55860"},{"taxonomy":"p4-page-type","embeddable":true,"href":"https:\/\/www.greenpeace.org\/sweden\/wp-json\/wp\/v2\/p4-page-type?post=55860"}],"curies":[{"name":"wp","href":"https:\/\/api.w.org\/{rel}","templated":true}]}}