{"id":55914,"date":"2023-03-29T12:38:59","date_gmt":"2023-03-29T11:38:59","guid":{"rendered":"https:\/\/www.greenpeace.org\/sweden\/?p=55914"},"modified":"2023-12-19T14:34:54","modified_gmt":"2023-12-19T13:34:54","slug":"sveriges-overshoot-day-ar-redan-har","status":"publish","type":"post","link":"https:\/\/www.greenpeace.org\/sweden\/artiklar\/klimat\/sveriges-overshoot-day-ar-redan-har\/","title":{"rendered":"Sveriges Overshoot Day \u00e4r redan h\u00e4r"},"content":{"rendered":"\n<p><strong>I \u00e5r infaller den s\u00e5 kallade <a href=\"https:\/\/www.overshootday.org\" data-type=\"URL\" data-id=\"https:\/\/www.overshootday.org\" target=\"_blank\" rel=\"noreferrer noopener\">Earth Overshoot Day<\/a> f\u00f6r v\u00e4rlden den 27 juli. Det \u00e4r dagen d\u00e5 vi har anv\u00e4nt alla jordens resurser under hela \u00e5ret, och fr\u00e5n vilken all ytterligare konsumtion \u00e4r \u00f6verkonsumtion. Men Sveriges Overshoot Day infaller redan 3 april i \u00e5r. Sveriges \u00f6verkonsumtion \u00e4r med andra ord v\u00e4rre \u00e4n m\u00e5nga andra l\u00e4nders. Det \u00e4r upp till oss att v\u00e4nda utvecklingen.<\/strong><\/p>\n\n<figure class=\"wp-block-image size-large\"><img loading=\"lazy\" decoding=\"async\" width=\"1024\" height=\"767\" src=\"https:\/\/www.greenpeace.org\/static\/planet4-sweden-stateless\/2023\/03\/0d2e97c8-gp0stqx0n-1024x767.jpg\" title=\"&quot;Planet Earth First&quot; Hot Air Balloon Drifts over Hamburg. \u00a9 Greenpeace\" alt=\"&quot;Planet Earth First&quot; Hot Air Balloon Drifts over Hamburg. \u00a9 Greenpeace\" class=\"wp-image-55928\" srcset=\"https:\/\/www.greenpeace.org\/static\/planet4-sweden-stateless\/2023\/03\/0d2e97c8-gp0stqx0n-1024x767.jpg 1024w, https:\/\/www.greenpeace.org\/static\/planet4-sweden-stateless\/2023\/03\/0d2e97c8-gp0stqx0n-300x225.jpg 300w, https:\/\/www.greenpeace.org\/static\/planet4-sweden-stateless\/2023\/03\/0d2e97c8-gp0stqx0n-768x575.jpg 768w, https:\/\/www.greenpeace.org\/static\/planet4-sweden-stateless\/2023\/03\/0d2e97c8-gp0stqx0n-454x340.jpg 454w, https:\/\/www.greenpeace.org\/static\/planet4-sweden-stateless\/2023\/03\/0d2e97c8-gp0stqx0n.jpg 1200w\" sizes=\"auto, (max-width: 1024px) 100vw, 1024px\" \/><figcaption><div class=\"credit icon-left\"> \u00a9 Greenpeace<\/div><\/figcaption><\/figure>\n\n<p>Om alla l\u00e4nder levde som vi g\u00f6r i Sverige skulle planetens resurser f\u00f6r hela \u00e5ret vara f\u00f6rbrukade efter bara tre m\u00e5nader \u2013 och det skulle beh\u00f6vas 4,2 jordklot. Efter mars g\u00e5r vi svenskar in i ett l\u00e4ge av \u00f6verkonsumtion som kommer att p\u00e5g\u00e5 i nio m\u00e5nader.<br><br>2020 inf\u00f6ll Sveriges Overshoot Day 2 april, 2021 var datumet 6 april och 2022 var datumet 3 april, samma som i \u00e5r. <\/p>\n\n<p><strong>Tillsammans kan vi p\u00e5verka<\/strong><\/p>\n\n<p>Vi vet att det \u00e4r l\u00e4tt att k\u00e4nna sig maktl\u00f6s, men du kan p\u00e5verka utvecklingen. P\u00e5 en individuell niv\u00e5 kan du <a rel=\"noreferrer noopener\" href=\"https:\/\/www.greenpeace.org\/sweden\/agera\/unsubscribe-friday\/\" data-type=\"URL\" data-id=\"https:\/\/www.greenpeace.org\/sweden\/agera\/unsubscribe-friday\/\" target=\"_blank\">syna k\u00f6phetsen<\/a>, <a rel=\"noreferrer noopener\" href=\"https:\/\/www.greenpeace.org\/sweden\/artiklar\/klimat\/den-verkliga-kostnaden-for-var-konsumtion-2\/\" data-type=\"URL\" data-id=\"https:\/\/www.greenpeace.org\/sweden\/artiklar\/klimat\/den-verkliga-kostnaden-for-var-konsumtion-2\/\" target=\"_blank\">l\u00e4sa mer om den verkliga kostnaden f\u00f6r v\u00e5r konsumtion<\/a> och sprida ordet om Overshoot Day och varf\u00f6r vi m\u00e5ste <a rel=\"noreferrer noopener\" href=\"https:\/\/www.instagram.com\/explore\/tags\/movethedate\/\" data-type=\"URL\" data-id=\"https:\/\/www.instagram.com\/explore\/tags\/movethedate\/\" target=\"_blank\">#movethedate<\/a>. P\u00e5 en strukturell niv\u00e5 kan du p\u00e5verka genom g\u00e5 samman med oss i kampen f\u00f6r en friskare planet och en gr\u00f6n framtid. Tillsammans kan vi tvinga makthavarna att agera.<\/p>\n\n<p><strong>Vad g\u00f6r Greenpeace?<\/strong><\/p>\n\n<p>Vi unders\u00f6ker och avsl\u00f6jar milj\u00f6brott och s\u00e4tter press p\u00e5 politiker och f\u00f6retag. Vi arbetar f\u00f6r att skapa f\u00f6r\u00e4ndring genom lobbying, konsumentmakt och genom att mobilisera befolkningen. Genom aktioner, debatter, kampanjer, informationsutbyte och m\u00f6ten pressar vi politiker och industrier mot att till 2030:<\/p>\n\n<p>\u2705&nbsp; <a href=\"https:\/\/www.greenpeace.org\/sweden\/agera\/skydda-arktis-lat-oljan-ligga\/\" data-type=\"URL\" data-id=\"https:\/\/www.greenpeace.org\/sweden\/agera\/skydda-arktis-lat-oljan-ligga\/\">Avveckla olja<\/a>, kol och fossilgas s\u00e5 snart som m\u00f6jligt och \u00f6verg\u00e5 till 100% f\u00f6rnybar energi. <a href=\"https:\/\/www.greenpeace.org\/sweden\/agera\/stoppa-biobranslebluffen\/\" data-type=\"URL\" data-id=\"https:\/\/www.greenpeace.org\/sweden\/agera\/stoppa-biobranslebluffen\/\">Vi synar ocks\u00e5 biobr\u00e4nslebluffen.<\/a><br>\u2705&nbsp; Alla branscher som transport, energiproduktion, jordbruk och industri g\u00f6r betydande minskningar av v\u00e4xthusgaser.<br>\u2705&nbsp; St\u00e4lla om jordbruket s\u00e5 att produktionen av livsmedel bidrar till att binda mer kol i markerna och st\u00e4rka ekosystemen.<br>\u2705&nbsp; Inf\u00f6ra klimatskatter och regelverk som g\u00f6r att den som f\u00f6rorenar ocks\u00e5 blir den f\u00e5r betala.<br>\u2705 &nbsp; Stoppa den massiva avverkningen av v\u00e4rldens skogar. <a href=\"https:\/\/www.greenpeace.org\/sweden\/agera\/skydda-svensk-skog\/\" data-type=\"URL\" data-id=\"https:\/\/www.greenpeace.org\/sweden\/agera\/skydda-svensk-skog\/\">I Sverige inneb\u00e4r det ett stopp f\u00f6r kalhyggen, att mer skog skyddas och en \u00f6verg\u00e5ng till ett naturn\u00e4ra skogsbruk.<\/a><\/p>\n\n<p>Vi m\u00f6ter motst\u00e5nd fr\u00e5n kraftfulla j\u00e4ttar med enorma budgetar och resurser. Som en oberoende milj\u00f6organisation som inte tar emot st\u00f6d fr\u00e5n myndigheter, n\u00e4ringsliv eller politiska partier beh\u00f6ver vi fler engagerade m\u00e4nniskor ombord. Tillsammans k\u00e4mpar vi mot de krafter som f\u00f6rst\u00f6r klimat och milj\u00f6 f\u00f6r kortsiktig vinst. F\u00f6lj med oss \u200b\u200bfr\u00e5n och med idag <a href=\"https:\/\/stod.greenpeace.org\/\" data-type=\"URL\" data-id=\"https:\/\/stod.greenpeace.org\/\">\u2013 Bli m\u00e5nadsgivare!<\/a><\/p>\n","protected":false},"excerpt":{"rendered":"<p>Om alla l\u00e4nder levde som vi g\u00f6r i Sverige skulle planetens resurser f\u00f6r hela \u00e5ret vara f\u00f6rbrukade efter bara tre m\u00e5nader \u2013 och det skulle beh\u00f6vas 4,2 jordklot. Efter mars g\u00e5r vi svenskar in i ett l\u00e4ge av \u00f6verkonsumtion som kommer att p\u00e5g\u00e5 i nio m\u00e5nader.<\/p>\n","protected":false},"author":34,"featured_media":55928,"comment_status":"closed","ping_status":"closed","sticky":false,"template":"","format":"standard","meta":{"ep_exclude_from_search":false,"p4_og_title":"Sveriges Overshoot Day \u00e4r redan h\u00e4r","p4_og_description":"Sveriges Overshoot Day infaller redan 3 april. Jordens f\u00f6rnybara resurser f\u00f6r \u00e5ret \u00e4r d\u00e5 slut och allt efter det \u00e4r \u00f6verkonsumtion.","p4_og_image":"https:\/\/www.greenpeace.org\/static\/planet4-sweden-stateless\/2023\/03\/0d2e97c8-gp0stqx0n.jpg","p4_og_image_id":"55928","p4_seo_canonical_url":"","p4_campaign_name":"Climate Emergency","p4_local_project":"","p4_basket_name":"Climate &amp; Energy","p4_department":"","footnotes":""},"categories":[2],"tags":[8,49,23],"p4-page-type":[16],"class_list":["post-55914","post","type-post","status-publish","format-standard","has-post-thumbnail","hentry","category-klimat","tag-livsstil","tag-olja","tag-globaluppvarmning","p4-page-type-artiklar"],"_links":{"self":[{"href":"https:\/\/www.greenpeace.org\/sweden\/wp-json\/wp\/v2\/posts\/55914","targetHints":{"allow":["GET"]}}],"collection":[{"href":"https:\/\/www.greenpeace.org\/sweden\/wp-json\/wp\/v2\/posts"}],"about":[{"href":"https:\/\/www.greenpeace.org\/sweden\/wp-json\/wp\/v2\/types\/post"}],"author":[{"embeddable":true,"href":"https:\/\/www.greenpeace.org\/sweden\/wp-json\/wp\/v2\/users\/34"}],"replies":[{"embeddable":true,"href":"https:\/\/www.greenpeace.org\/sweden\/wp-json\/wp\/v2\/comments?post=55914"}],"version-history":[{"count":9,"href":"https:\/\/www.greenpeace.org\/sweden\/wp-json\/wp\/v2\/posts\/55914\/revisions"}],"predecessor-version":[{"id":56079,"href":"https:\/\/www.greenpeace.org\/sweden\/wp-json\/wp\/v2\/posts\/55914\/revisions\/56079"}],"wp:featuredmedia":[{"embeddable":true,"href":"https:\/\/www.greenpeace.org\/sweden\/wp-json\/wp\/v2\/media\/55928"}],"wp:attachment":[{"href":"https:\/\/www.greenpeace.org\/sweden\/wp-json\/wp\/v2\/media?parent=55914"}],"wp:term":[{"taxonomy":"category","embeddable":true,"href":"https:\/\/www.greenpeace.org\/sweden\/wp-json\/wp\/v2\/categories?post=55914"},{"taxonomy":"post_tag","embeddable":true,"href":"https:\/\/www.greenpeace.org\/sweden\/wp-json\/wp\/v2\/tags?post=55914"},{"taxonomy":"p4-page-type","embeddable":true,"href":"https:\/\/www.greenpeace.org\/sweden\/wp-json\/wp\/v2\/p4-page-type?post=55914"}],"curies":[{"name":"wp","href":"https:\/\/api.w.org\/{rel}","templated":true}]}}