{"id":55999,"date":"2023-04-06T09:10:59","date_gmt":"2023-04-06T08:10:59","guid":{"rendered":"https:\/\/www.greenpeace.org\/sweden\/?p=55999"},"modified":"2023-04-13T10:09:29","modified_gmt":"2023-04-13T09:09:29","slug":"omstallning-var-god-droj","status":"publish","type":"post","link":"https:\/\/www.greenpeace.org\/sweden\/artiklar\/klimat\/omstallning-var-god-droj\/","title":{"rendered":"Omst\u00e4llning &#8211; var god dr\u00f6j!"},"content":{"rendered":"\n<p><strong>Regeringen vill <a href=\"https:\/\/www.regeringen.se\/remisser\/2023\/01\/remiss-av-promemorian-ny-karnkraft-i-sverige--ett-forsta-steg\/\" target=\"_blank\" rel=\"noreferrer noopener\">\u00f6ppna upp f\u00f6r ny k\u00e4rnkraft<\/a>, fler reaktorer p\u00e5 flera platser i Sverige. Greenpeace har skrivit <a rel=\"noreferrer noopener\" href=\"https:\/\/www.greenpeace.org\/static\/planet4-sweden-stateless\/2023\/04\/17426dbc-remissyttrande-ny_karnkraft-greenpeace.pdf\" target=\"_blank\">ett yttrande<\/a> d\u00e4r f\u00f6rslaget avf\u00e4rdas kategoriskt.<\/strong><\/p>\n\n<figure class=\"wp-block-image size-large\"><img loading=\"lazy\" decoding=\"async\" width=\"1024\" height=\"723\" src=\"https:\/\/www.greenpeace.org\/static\/planet4-sweden-stateless\/2022\/10\/b66519dd-grey_flag_nuclear-1-1024x723.png\" alt=\"\" class=\"wp-image-52842\" srcset=\"https:\/\/www.greenpeace.org\/static\/planet4-sweden-stateless\/2022\/10\/b66519dd-grey_flag_nuclear-1-1024x723.png 1024w, https:\/\/www.greenpeace.org\/static\/planet4-sweden-stateless\/2022\/10\/b66519dd-grey_flag_nuclear-1-300x212.png 300w, https:\/\/www.greenpeace.org\/static\/planet4-sweden-stateless\/2022\/10\/b66519dd-grey_flag_nuclear-1-768x543.png 768w, https:\/\/www.greenpeace.org\/static\/planet4-sweden-stateless\/2022\/10\/b66519dd-grey_flag_nuclear-1-1536x1085.png 1536w, https:\/\/www.greenpeace.org\/static\/planet4-sweden-stateless\/2022\/10\/b66519dd-grey_flag_nuclear-1-1933x1366.png 1933w, https:\/\/www.greenpeace.org\/static\/planet4-sweden-stateless\/2022\/10\/b66519dd-grey_flag_nuclear-1-481x340.png 481w, https:\/\/www.greenpeace.org\/static\/planet4-sweden-stateless\/2022\/10\/b66519dd-grey_flag_nuclear-1.png 2000w\" sizes=\"auto, (max-width: 1024px) 100vw, 1024px\" \/><figcaption class=\"wp-element-caption\">K\u00e4rnkraftsreaktorn Olkiluoto 3 i Finland \u00e4r en av v\u00e4rldens dyraste byggnader. Projektet har drabbats av skenande kostnader och har f\u00f6rsenats med m\u00e5nga \u00e5r och har \u00e4nnu inte tagits i kommersiell drift. Trots dessa och andra liknande erfarenheter fr\u00e5n k\u00e4rnkraftsprojekt i v\u00e5r n\u00e4rhet vill regeringen ge sig i kast med ny of\u00f6ruts\u00e4gbar k\u00e4rnkraft.<\/figcaption><\/figure>\n\n<p>Att k\u00e4rnkraft \u00e4r f\u00f6renat med en <a href=\"https:\/\/www.greenpeace.org\/sweden\/energi\/karnkraft\/\">l\u00e5ng rad risker och problem<\/a> vet nog de flesta. Men vad m\u00e5nga kanske inte t\u00e4nker p\u00e5 \u00e4r att regeringen genom att vrida tillbaka klockan och \u00f6ppna upp f\u00f6r ny k\u00e4rnkraft injicerar ett moln av os\u00e4kerhet i hela energibranschen som riskerar att leda till att den gr\u00f6na omst\u00e4llningen stagnerar.&nbsp;<\/p>\n\n<p>M\u00e5let har sedan l\u00e4nge varit tydligt och klart: vi beh\u00f6ver och ska genomf\u00f6ra en energiomst\u00e4llning mot h\u00e5llbar f\u00f6rnybar energi. <a href=\"https:\/\/www.voanews.com\/a\/renewable-energy-sees-record-increase-in-2022-agency-says-\/7015384.html\" target=\"_blank\" rel=\"noreferrer noopener\">V\u00e4rlden \u00e4r p\u00e5 v\u00e4g dit<\/a>, det \u00e4r <a href=\"https:\/\/www.greenpeace.org\/sweden\/artiklar\/klimat\/ny-ipcc-rapport-om-klimatlosningar\/\">enligt IPCC<\/a> en av de helt avg\u00f6rande delarna f\u00f6r att n\u00e5 klimatm\u00e5len. \u00c4ven i Sverige har siktet varit inst\u00e4llt p\u00e5 det sedan l\u00e4nge och <a href=\"https:\/\/www.dn.se\/sverige\/vindkraft-motsvarande-all-karnkraft-pa-buschs-bord\/\">havsbaserad vindkraft motsvarande hela den svenska elproduktionen fr\u00e5n k\u00e4rnkraften<\/a> v\u00e4ntar p\u00e5 regeringens beslut.<\/p>\n\n<p>Men de f\u00e5r v\u00e4l v\u00e4nta vidare.<\/p>\n\n<p>Regeringen \u00e4r n\u00e4mligen sysselsatt med att ist\u00e4llet f\u00f6r att godk\u00e4nna snabb, billig, f\u00f6rnybar elproduktion ge <a href=\"https:\/\/www.greenpeace.org\/sweden\/pressmeddelanden\/klimat\/lat-karnkraftsliket-stanna-i-graven\/\">konstgjord andning \u00e5t en zoombieindustri<\/a> som f\u00f6r l\u00e4nge sedan har spelat ut sin roll.<\/p>\n\n<p>Detta reaktiva k\u00e4rnkraftsprojekt som Tid\u00f6regeringen f\u00f6resatt sig att sj\u00f6s\u00e4tta \u00e4r en distraktion fr\u00e5n de verkliga l\u00f6sningarna vi har framf\u00f6r v\u00e5ra f\u00f6tter och som tvingar myndigheter och andra akt\u00f6rer att \u00e4gna v\u00e4rdefull tid och begr\u00e4nsade resurser \u00e5t att v\u00e4nda sig om och g\u00e5 bak\u00e5t n\u00e4r vi just har b\u00f6rjat springa fram\u00e5t, mot en f\u00f6rnybar framtid.<\/p>\n\n<p>Det \u00e4r tragiskt. Inte minst eftersom det inte \u00e4r verklighetsf\u00f6rankrat, utan \u00e4r sprunget ur <a rel=\"noreferrer noopener\" href=\"https:\/\/omni.se\/odenberg-debatten-om-ny-karnkraft-ar-populistisk\/a\/OQjEo1\" target=\"_blank\">ren och sk\u00e4r populism<\/a>, som ett s\u00e4tt att genom att sprida guldkantade dimrid\u00e5er om fossilfrihet [l\u00e4s k\u00e4rnkraft] underminera politiska motst\u00e5ndare och tillskansa sig makten.<\/p>\n\n<p>Men v\u00e4rre \u00e4n s\u00e5 \u00e4r att det \u00e4r allvarligt. Den energios\u00e4kerhet som Sverige nu kastas in i efter att politiken skapar os\u00e4kerhet \u00f6ver framtida villkor och inriktning f\u00f6rsenar och f\u00f6rdyrar den n\u00f6dv\u00e4ndiga klimat- och energiomst\u00e4llningen. Sverige riskerar ocks\u00e5 att halka efter i ett internationellt perspektiv och g\u00e5 fr\u00e5n att vara f\u00f6reg\u00e5ngare till att bli seng\u00e5ngare i den gr\u00f6na omst\u00e4llningen. <\/p>\n\n<p>Regeringen har nu tryckt p\u00e5 pausknappen i energiutvecklingen. Det \u00e4r illa. Men de kan inte trycka p\u00e5 stopp. Morgondagen \u00e4r f\u00f6rnybar, omst\u00e4llningen kan inte st\u00e4llas in, vad den svenska SD-st\u00f6dda regeringen \u00e4n tycker. <\/p>\n\n<p><strong>Vill du hellre ha en mer framtidsorienterad politik f\u00f6r Sverige? <a href=\"https:\/\/www.greenpeace.org\/sweden\/agera\/gor-ebba-till-mellanchef\/\">Skriv under Greenpeace namninsamling h\u00e4r!<\/a><\/strong><\/p>\n\n<p><strong>L\u00e4s <a href=\"https:\/\/www.greenpeace.org\/static\/planet4-sweden-stateless\/2023\/04\/17426dbc-remissyttrande-ny_karnkraft-greenpeace.pdf\" target=\"_blank\" rel=\"noreferrer noopener\">Greenpeace yttrande<\/a> \u00f6ver promemorian Ny k\u00e4rnkraft i Sverige \u2013 ett f\u00f6rsta steg.<\/strong><\/p>\n","protected":false},"excerpt":{"rendered":"<p>Regeringen vill \u00f6ppna upp f\u00f6r ny k\u00e4rnkraft, fler reaktorer p\u00e5 flera platser i Sverige. Greenpeace har skrivit ett yttrande d\u00e4r f\u00f6rslaget avf\u00e4rdas kategoriskt.<\/p>\n","protected":false},"author":28,"featured_media":54935,"comment_status":"closed","ping_status":"closed","sticky":false,"template":"","format":"standard","meta":{"ep_exclude_from_search":false,"p4_og_title":"","p4_og_description":"","p4_og_image":"","p4_og_image_id":"","p4_seo_canonical_url":"","p4_campaign_name":"","p4_local_project":"","p4_basket_name":"","p4_department":"","footnotes":""},"categories":[45,2],"tags":[26,25],"p4-page-type":[16],"class_list":["post-55999","post","type-post","status-publish","format-standard","has-post-thumbnail","hentry","category-energi","category-klimat","tag-atomkraft","tag-hallbarenergi","p4-page-type-artiklar"],"_links":{"self":[{"href":"https:\/\/www.greenpeace.org\/sweden\/wp-json\/wp\/v2\/posts\/55999","targetHints":{"allow":["GET"]}}],"collection":[{"href":"https:\/\/www.greenpeace.org\/sweden\/wp-json\/wp\/v2\/posts"}],"about":[{"href":"https:\/\/www.greenpeace.org\/sweden\/wp-json\/wp\/v2\/types\/post"}],"author":[{"embeddable":true,"href":"https:\/\/www.greenpeace.org\/sweden\/wp-json\/wp\/v2\/users\/28"}],"replies":[{"embeddable":true,"href":"https:\/\/www.greenpeace.org\/sweden\/wp-json\/wp\/v2\/comments?post=55999"}],"version-history":[{"count":9,"href":"https:\/\/www.greenpeace.org\/sweden\/wp-json\/wp\/v2\/posts\/55999\/revisions"}],"predecessor-version":[{"id":56024,"href":"https:\/\/www.greenpeace.org\/sweden\/wp-json\/wp\/v2\/posts\/55999\/revisions\/56024"}],"wp:featuredmedia":[{"embeddable":true,"href":"https:\/\/www.greenpeace.org\/sweden\/wp-json\/wp\/v2\/media\/54935"}],"wp:attachment":[{"href":"https:\/\/www.greenpeace.org\/sweden\/wp-json\/wp\/v2\/media?parent=55999"}],"wp:term":[{"taxonomy":"category","embeddable":true,"href":"https:\/\/www.greenpeace.org\/sweden\/wp-json\/wp\/v2\/categories?post=55999"},{"taxonomy":"post_tag","embeddable":true,"href":"https:\/\/www.greenpeace.org\/sweden\/wp-json\/wp\/v2\/tags?post=55999"},{"taxonomy":"p4-page-type","embeddable":true,"href":"https:\/\/www.greenpeace.org\/sweden\/wp-json\/wp\/v2\/p4-page-type?post=55999"}],"curies":[{"name":"wp","href":"https:\/\/api.w.org\/{rel}","templated":true}]}}