{"id":56098,"date":"2023-04-28T15:12:24","date_gmt":"2023-04-28T14:12:24","guid":{"rendered":"https:\/\/www.greenpeace.org\/sweden\/?p=56098"},"modified":"2023-12-19T14:34:10","modified_gmt":"2023-12-19T13:34:10","slug":"nytt-upprop-for-bevarandet-av-svenska-skogar","status":"publish","type":"post","link":"https:\/\/www.greenpeace.org\/sweden\/artiklar\/skog\/nytt-upprop-for-bevarandet-av-svenska-skogar\/","title":{"rendered":"Nytt upprop f\u00f6r bevarandet av svenska skogar"},"content":{"rendered":"\n<p><strong>Nyligen lanserades ett upprop f\u00f6r att bevara och skydda de svenska skogarna &#8211; EU:s naturarv i norr. Syftet \u00e4r att motverka den svenska regeringen och skogsindustrins f\u00f6rs\u00f6k att f\u00f6rsvaga och stoppa viktiga lagstiftningsinitiativ f\u00f6r b\u00e4ttre skogsskydd p\u00e5 EU-niv\u00e5. Uppropet, som \u00e4ven Greenpeace st\u00f6djer, \u00e4r \u00f6ppet f\u00f6r forskare och organisationer att st\u00e4lla sig bakom och har redan f\u00e5tt st\u00f6d fr\u00e5n en bred koalition av forskare och organisationer.<\/strong><\/p>\n\n<figure class=\"wp-block-image size-large\"><a href=\"https:\/\/www.swedishforestvision.org\/\"><img loading=\"lazy\" decoding=\"async\" width=\"1024\" height=\"512\" src=\"https:\/\/www.greenpeace.org\/static\/planet4-sweden-stateless\/2023\/04\/cf0e5d20-forestvision-1024x512.jpg\" alt=\"\" class=\"wp-image-56102\" srcset=\"https:\/\/www.greenpeace.org\/static\/planet4-sweden-stateless\/2023\/04\/cf0e5d20-forestvision-1024x512.jpg 1024w, https:\/\/www.greenpeace.org\/static\/planet4-sweden-stateless\/2023\/04\/cf0e5d20-forestvision-300x150.jpg 300w, https:\/\/www.greenpeace.org\/static\/planet4-sweden-stateless\/2023\/04\/cf0e5d20-forestvision-768x384.jpg 768w, https:\/\/www.greenpeace.org\/static\/planet4-sweden-stateless\/2023\/04\/cf0e5d20-forestvision-510x255.jpg 510w, https:\/\/www.greenpeace.org\/static\/planet4-sweden-stateless\/2023\/04\/cf0e5d20-forestvision.jpg 1265w\" sizes=\"auto, (max-width: 1024px) 100vw, 1024px\" \/><\/a><\/figure>\n\n<p>P\u00e5 <a href=\"https:\/\/www.swedishforestvision.org\/\">swedishforestvision.org <\/a>kan du l\u00e4sa om uppropets fem centrala krav i detalj, men kortfattat handlar det om att inf\u00f6ra omedelbart avverkningsstopp i alla skogar med bevarandev\u00e4rden. Att skydda och \u00e5terst\u00e4lla skogar i linje med g\u00e4llande EU-direktiv och ramverk f\u00f6r bevarandet av den biologiska m\u00e5ngfalden. Att reformera skogsbrukets metoder fr\u00e5n kalhyggen och monokulturer till ett <a href=\"https:\/\/www.greenpeace.org\/sweden\/publikationer\/skog\/naturnara-skogsbruk-ett-hallbart-satt-att-bruka-den-svenska-skogen\/\">naturn\u00e4ra skogsbruk<\/a>, samt att minska dagens \u00f6veruttag av biomassa till en niv\u00e5 som ryms inom de planet\u00e4ra gr\u00e4nserna.<\/p>\n\n<p><strong>Att uppropet kommer nu beror b\u00e5de p\u00e5 det kritiska tillst\u00e5ndet i de svenska skogarna och den svenska regeringens f\u00f6rs\u00f6k att <a href=\"https:\/\/www.dn.se\/sverige\/lacka-sverige-forsoker-styra-eu-forhandling-om-skogen\/\">utnyttja ordf\u00f6randeskapet i EU f\u00f6r att underminera progressiv skogslagstiftning<\/a><\/strong>. <br><br>En grundlig <a href=\"https:\/\/www.skogsstyrelsen.se\/globalassets\/om-oss\/rapporter\/rapporter-20222021202020192018\/rapport-2022-12-levande-skogar---fordjupad-utvardering-2023.pdf\">bed\u00f6mning<\/a> av Skogsstyrelsen g\u00e4llande milj\u00f6m\u00e5let f\u00f6r skogar visar att den ekologiska situationen \u00e4r otillfredsst\u00e4llande. Trots insatser f\u00f6r att f\u00f6rb\u00e4ttra skogarnas ekologiska status har trenden varit negativ under de senaste \u00e5ren. Omkring 2000 skogslevande arter \u00e4r idag r\u00f6dlistade, och de flesta m\u00e5tt p\u00e5 ekosystemens tillst\u00e5nd i de svenska skogarna visar en oroande situation f\u00f6r den biologiska m\u00e5ngfalden och ekosystemens h\u00e4lsa. &nbsp;<br><br><strong>Som skogsbruket bedrivs i Sverige drabbas ocks\u00e5 samisk kultur h\u00e5rt, inte minst rensk\u00f6tseln, som \u00e4r beroende av levande naturliga skogar.<\/strong> Kalhyggena och den efterf\u00f6ljande planteringen av t\u00e4ta rader av samma sorts tr\u00e4d skapar og\u00e4stv\u00e4nliga milj\u00f6er f\u00f6r renar och minskar kraftigt f\u00f6rekomsten av de tr\u00e4dlevande lavar som \u00e4r viktiga f\u00f6r renarna under vintern d\u00e5 marken \u00e4r t\u00e4ckt av sn\u00f6. Andra destruktiva skogsbruksmetoder som markberedning och anv\u00e4ndning av g\u00f6dselmedel har stor negativ inverkan p\u00e5 de marklavar som \u00e4r renarnas huvudsakliga f\u00f6dok\u00e4lla.<a href=\"https:\/\/pubmed.ncbi.nlm.nih.gov\/26754169\/\"> En vetenskaplig studie fr\u00e5n 2016<\/a> visade att m\u00e4ngden lavrika skogsmarker i det svenska boreala landskapet minskat med 70% de senaste 60 \u00e5ren.<\/p>\n\n<figure class=\"wp-block-image size-full\"><img loading=\"lazy\" decoding=\"async\" width=\"800\" height=\"450\" src=\"https:\/\/www.greenpeace.org\/static\/planet4-sweden-stateless\/2021\/04\/c2858560-gp1sv27s_web_size_with_credit_line.jpg\" alt=\"\" class=\"wp-image-46532\" srcset=\"https:\/\/www.greenpeace.org\/static\/planet4-sweden-stateless\/2021\/04\/c2858560-gp1sv27s_web_size_with_credit_line.jpg 800w, https:\/\/www.greenpeace.org\/static\/planet4-sweden-stateless\/2021\/04\/c2858560-gp1sv27s_web_size_with_credit_line-300x169.jpg 300w, https:\/\/www.greenpeace.org\/static\/planet4-sweden-stateless\/2021\/04\/c2858560-gp1sv27s_web_size_with_credit_line-768x432.jpg 768w, https:\/\/www.greenpeace.org\/static\/planet4-sweden-stateless\/2021\/04\/c2858560-gp1sv27s_web_size_with_credit_line-510x287.jpg 510w\" sizes=\"auto, (max-width: 800px) 100vw, 800px\" \/><figcaption class=\"wp-element-caption\">Renar i Muonio sameby<\/figcaption><\/figure>\n\n<p><strong>Hur vi anv\u00e4nder och tar hand om skogarna h\u00e4r i norr \u00e4r ocks\u00e5 centralt ur ett klimatperspektiv, eftersom de b\u00e5de tar upp och lagrar stora m\u00e4ngder kol<\/strong>. Men de tr\u00e4dplanteringar som nu totalt dominerar i Sverige har mindre kollager<a href=\"https:\/\/journals.plos.org\/plosone\/article?id=10.1371\/journal.pone.0010867\"> \u00e4n \u00e4ldre naturliga skogar<\/a>. Det svenska skogsbrukets fokus p\u00e5 att producera en stor andel kortlivade produkter som pappersmassa och kartong g\u00f6r att stora m\u00e4ngder av det kol som tr\u00e4den lagrat och tagit upp snabbt \u00e5terg\u00e5r till atmosf\u00e4ren. Ett skonsammare<a href=\"https:\/\/www.greenpeace.org\/sweden\/publikationer\/skog\/naturnara-skogsbruk-ett-hallbart-satt-att-bruka-den-svenska-skogen\/\"> naturn\u00e4ra skogsbruk<\/a> med ett st\u00f6rre fokus p\u00e5 l\u00e5nglivade produkter av h\u00f6g kvalitet, som exempelvis tr\u00e4produkter f\u00f6r att bygga hus, skulle d\u00e4rf\u00f6r tillsammans med en minskad avverkningstakt vara en stor vinst f\u00f6r klimatet. En s\u00e5dan omst\u00e4llning skulle ocks\u00e5 kraftigt \u00f6ka skogens andra v\u00e4rden som rekreation, ekoturism, b\u00e4r- och svampplockning samt m\u00e5ngfalden av djur och v\u00e4xter. Det vill s\u00e4ga skapa de typer av skogar vi f\u00f6rest\u00e4ller oss n\u00e4r vi t\u00e4nker p\u00e5 vad skog \u00e4r &#8211; skogar som vi vill vara i, samtidigt som de kan ge oss viktiga produkter och ekonomiskt v\u00e4rde. &nbsp;<br><br><strong>Uppropet riktar sig till den svenska regeringen och riksdagen, men det \u00e4r ocks\u00e5 en v\u00e4djan till Europeiska kommissionen att st\u00e5 emot p\u00e5tryckningar fr\u00e5n Sverige och forts\u00e4tta arbetet med att utforma progressiv lagstiftning och strategier som syftar till att bek\u00e4mpa natur- och klimatkriserna samt st\u00e4rka skogsekosystemen.<\/strong><\/p>\n","protected":false},"excerpt":{"rendered":"<p>Syftet \u00e4r att motverka den svenska regeringen och skogsindustrins f\u00f6rs\u00f6k att f\u00f6rsvaga och stoppa viktiga lagstiftningsinitiativ f\u00f6r b\u00e4ttre skogsskydd p\u00e5 EU-niv\u00e5.<\/p>\n","protected":false},"author":34,"featured_media":56102,"comment_status":"closed","ping_status":"closed","sticky":false,"template":"","format":"standard","meta":{"ep_exclude_from_search":false,"p4_og_title":"","p4_og_description":"","p4_og_image":"","p4_og_image_id":"","p4_seo_canonical_url":"","p4_campaign_name":"","p4_local_project":"","p4_basket_name":"","p4_department":"","footnotes":""},"categories":[22],"tags":[53,19],"p4-page-type":[16],"class_list":["post-56098","post","type-post","status-publish","format-standard","has-post-thumbnail","hentry","category-skog","tag-svenskpolitik","tag-skyddaskogen","p4-page-type-artiklar"],"_links":{"self":[{"href":"https:\/\/www.greenpeace.org\/sweden\/wp-json\/wp\/v2\/posts\/56098","targetHints":{"allow":["GET"]}}],"collection":[{"href":"https:\/\/www.greenpeace.org\/sweden\/wp-json\/wp\/v2\/posts"}],"about":[{"href":"https:\/\/www.greenpeace.org\/sweden\/wp-json\/wp\/v2\/types\/post"}],"author":[{"embeddable":true,"href":"https:\/\/www.greenpeace.org\/sweden\/wp-json\/wp\/v2\/users\/34"}],"replies":[{"embeddable":true,"href":"https:\/\/www.greenpeace.org\/sweden\/wp-json\/wp\/v2\/comments?post=56098"}],"version-history":[{"count":6,"href":"https:\/\/www.greenpeace.org\/sweden\/wp-json\/wp\/v2\/posts\/56098\/revisions"}],"predecessor-version":[{"id":58698,"href":"https:\/\/www.greenpeace.org\/sweden\/wp-json\/wp\/v2\/posts\/56098\/revisions\/58698"}],"wp:featuredmedia":[{"embeddable":true,"href":"https:\/\/www.greenpeace.org\/sweden\/wp-json\/wp\/v2\/media\/56102"}],"wp:attachment":[{"href":"https:\/\/www.greenpeace.org\/sweden\/wp-json\/wp\/v2\/media?parent=56098"}],"wp:term":[{"taxonomy":"category","embeddable":true,"href":"https:\/\/www.greenpeace.org\/sweden\/wp-json\/wp\/v2\/categories?post=56098"},{"taxonomy":"post_tag","embeddable":true,"href":"https:\/\/www.greenpeace.org\/sweden\/wp-json\/wp\/v2\/tags?post=56098"},{"taxonomy":"p4-page-type","embeddable":true,"href":"https:\/\/www.greenpeace.org\/sweden\/wp-json\/wp\/v2\/p4-page-type?post=56098"}],"curies":[{"name":"wp","href":"https:\/\/api.w.org\/{rel}","templated":true}]}}