{"id":56136,"date":"2023-05-05T09:34:54","date_gmt":"2023-05-05T08:34:54","guid":{"rendered":"https:\/\/www.greenpeace.org\/sweden\/?p=56136"},"modified":"2023-09-29T17:07:18","modified_gmt":"2023-09-29T16:07:18","slug":"hellre-skogstokig-an-skogshatisk-sa-ljuger-sverige-for-eu","status":"publish","type":"post","link":"https:\/\/www.greenpeace.org\/sweden\/artiklar\/greenpeace\/hellre-skogstokig-an-skogshatisk-sa-ljuger-sverige-for-eu\/","title":{"rendered":"Hellre skogstokig \u00e4n skogshatisk &#8211; s\u00e5 ljuger Sverige f\u00f6r EU"},"content":{"rendered":"\n<p><strong>Det \u00e4r ingen hemlighet att jag \u00e4lskar skogen, en riktig skog \u00e4r full av liv och det finns alltid n\u00e5got fantastiskt att se, antingen i landskapet eller via en lupp. Men det finns allt f\u00e4rre skogar av intresse. T\u00e4ta, m\u00f6rka planterade monokulturer breder ut sig. <\/strong>F\u00f6r en snabb djupdykning i svensk skog <a href=\"https:\/\/moreofeverything.org\/\" target=\"_blank\" rel=\"noreferrer noopener\">missa inte denna fantastiska dokument\u00e4r<\/a> som vi hj\u00e4lpt till att producera f\u00f6r att f\u00e5 bra fakta om hur kalhyggen skadar v\u00e5ra skogslevande arter, hur lite skog vi skyddar och hur viktigt det \u00e4r att f\u00f6r\u00e4ndra s\u00e4ttet vi brukar den p\u00e5. <\/p>\n\n<figure class=\"wp-block-image size-large\"><img loading=\"lazy\" decoding=\"async\" width=\"1024\" height=\"684\" src=\"https:\/\/www.greenpeace.org\/static\/planet4-sweden-stateless\/2023\/03\/03415da7-gp0str3bb-1024x684.jpg\" alt=\"\" class=\"wp-image-55863\" srcset=\"https:\/\/www.greenpeace.org\/static\/planet4-sweden-stateless\/2023\/03\/03415da7-gp0str3bb-1024x684.jpg 1024w, https:\/\/www.greenpeace.org\/static\/planet4-sweden-stateless\/2023\/03\/03415da7-gp0str3bb-300x200.jpg 300w, https:\/\/www.greenpeace.org\/static\/planet4-sweden-stateless\/2023\/03\/03415da7-gp0str3bb-768x513.jpg 768w, https:\/\/www.greenpeace.org\/static\/planet4-sweden-stateless\/2023\/03\/03415da7-gp0str3bb-510x340.jpg 510w, https:\/\/www.greenpeace.org\/static\/planet4-sweden-stateless\/2023\/03\/03415da7-gp0str3bb.jpg 1200w\" sizes=\"auto, (max-width: 1024px) 100vw, 1024px\" \/><figcaption class=\"wp-element-caption\">Kalhygge &#8211; en mer sann bild av Sveriges oh\u00e5llbara skogsbruk.<\/figcaption><\/figure>\n\n<p><strong>N\u00e4r regeringen och skogsstyrelsen planerat ett m\u00f6te f\u00f6r alla EU:s skogsdirekt\u00f6rer 15-17 maj i Skellefte\u00e5 presenterar de en kavalkad av greenwash och l\u00f6gner om skogen.<\/strong> St\u00f6rre delen av m\u00f6tet kommer att vara propaganda f\u00f6r det oh\u00e5llbara skogsbruk Sverige h\u00e5ller p\u00e5 med. Ist\u00e4llet f\u00f6r att driva p\u00e5 EU:s arbete f\u00f6r att restaurera natur och lagra mer kol i marken f\u00f6r att snabbt minska halten i atmosf\u00e4ren s\u00e5 <a href=\"https:\/\/www.endseurope.com\/article\/1816028\/leak-sweden-proposes-weakening-forest-restoration-rules\" target=\"_blank\" rel=\"noreferrer noopener\">bek\u00e4mpar Sverige utvecklingen.<\/a> Delegaterna kommer ist\u00e4llet f\u00e5 lyssna till skogsstyrelsen och regeringen n\u00e4r de sprider myter om att allt \u00e4r bra i skogen, och de kommer bes\u00f6ka s\u00e4rskilt utvalda skogar som \u00e4r specialgjorda f\u00f6r bes\u00f6k.<\/p>\n\n<p><strong>Men de kommer f\u00e5 konkurrens! Greenpeace och m\u00e5nga andra arrangerar demonstrationer, m\u00f6ten och kommer att presentera verkligheten som den \u00e4r.<\/strong> Det vill s\u00e4ga att Sverige har d\u00e5lig status p\u00e5 v\u00e5ra skogar. Vi har kalhuggit mer \u00e4n 60% av v\u00e5ra skogar de sista 60 \u00e5ren, <a rel=\"noreferrer noopener\" href=\"https:\/\/www.diva-portal.org\/smash\/get\/diva2:1604407\/FULLTEXT01.pdf\" target=\"_blank\">d\u00e4r 80% blir kortlivade produkter.<\/a> Avverkningarna \u00e4r det st\u00f6rsta hotet mot skogslevande arter och vi till\u00e5ter st\u00f6rre kalhyggen \u00e4n n\u00e5gra andra EU-l\u00e4nder. M\u00e5nga av de inbjudna g\u00e4sterna \u00e4r sj\u00e4lva fr\u00e5n industrin eller vill gynna sin industri f\u00f6re natur, men vi hoppas att till och med de ska bli f\u00f6rv\u00e5nade av hur verkligheten ser ut i Sverige. <\/p>\n\n<p>2009 lanserade Kd begreppet \u201cverklighetens folk\u201d om m\u00e4nniskor som levde andra liv och i en annan verklighet \u00e4n vad eliten f\u00f6respr\u00e5kade. N\u00e4r Kd-ministern Peter Kullgren nu ska tala p\u00e5 m\u00f6tet \u00e4r det dags att Kd f\u00e5r smaka p\u00e5 sin egen medicin. <strong>Vi kommer d\u00e4r tillsammans med samer och annan lokalbefolkning ber\u00e4tta om verkligheten, hur dagens skogsbruk f\u00f6rst\u00f6r f\u00f6r m\u00e4nniskor, natur och klimat. Inte den bild som sprids fr\u00e5n massaindustrins styrelserum.<\/strong><\/p>\n\n<p><strong>H\u00e5ll utkik i v\u00e5ra sociala mediekanaler dessa datum, 15-17 maj f\u00f6r att se vad vi g\u00f6r p\u00e5 plats! <\/strong>(Se l\u00e4nkarna till v\u00e5ra kanaler l\u00e4ngst ner p\u00e5 sidan).<\/p>\n\t\t\t<section\n\t\t\tclass=\"boxout post-46050 \"\n\t\t\t\n\t\t>\n\t\t\t<a\n\t\t\t\tdata-ga-category=\"Take Action Boxout\"\n\t\t\t\tdata-ga-action=\"Image\"\n\t\t\t\tdata-ga-label=\"n\/a\"\n\t\t\t\tclass=\"cover-card-overlay\"\n\t\t\t\thref=\"https:\/\/www.greenpeace.org\/sweden\/agera\/skydda-svensk-skog\/\" \n\t\t\t><\/a>\n\t\t\t\t\t\t\t<img\n\t\t\t\t\t\tsrc=\"https:\/\/www.greenpeace.org\/static\/planet4-sweden-stateless\/2021\/02\/d67f8b00-gp0stq8ze_web_size.jpg\"\n\t\t\t\t\t\tsrcset=\"https:\/\/www.greenpeace.org\/static\/planet4-sweden-stateless\/2021\/02\/d67f8b00-gp0stq8ze_web_size-300x200.jpg 300w, https:\/\/www.greenpeace.org\/static\/planet4-sweden-stateless\/2021\/02\/d67f8b00-gp0stq8ze_web_size-768x512.jpg 768w, https:\/\/www.greenpeace.org\/static\/planet4-sweden-stateless\/2021\/02\/d67f8b00-gp0stq8ze_web_size-510x340.jpg 510w, https:\/\/www.greenpeace.org\/static\/planet4-sweden-stateless\/2021\/02\/d67f8b00-gp0stq8ze_web_size.jpg 800w\"\n\t\t\t\t\t\tsizes=\"(min-width: 1000px) 358px, (min-width: 780px) 313px, 88px\"\n\t\t\t\t\t\talt=\"\" title=\"\"\n\t\t\t\t\/>\n            \t\t\t<div class=\"boxout-content\">\n\t\t\t\t\t\t\t\t\t<a\n\t\t\t\t\t\tclass=\"boxout-heading medium\"\n\t\t\t\t\t\tdata-ga-category=\"Take Action Boxout\"\n\t\t\t\t\t\tdata-ga-action=\"Title\"\n\t\t\t\t\t\tdata-ga-label=\"n\/a\"\n\t\t\t\t\t\thref=\"https:\/\/www.greenpeace.org\/sweden\/agera\/skydda-svensk-skog\/\"\n\t\t\t\t\t\t\n\t\t\t\t\t>\n\t\t\t\t\t\tSkydda svensk skog\n\t\t\t\t\t<\/a>\n\t\t\t\t\t\t\t\t\t\t\t\t\t<p class=\"boxout-excerpt\">Skriv under och hj\u00e4lp oss s\u00e4tta press p\u00e5 regeringen och kr\u00e4v att statliga Sveaskog g\u00f6rs om fr\u00e5n en skogsbov till en skogshj\u00e4lte! <\/p>\n\t\t\t\t                                    <a\n                        class=\"btn btn-primary\"\n                        data-ga-category=\"Take Action Boxout\"\n                        data-ga-action=\"Call to Action\"\n                        data-ga-label=\"n\/a\"\n                        href=\"https:\/\/www.greenpeace.org\/sweden\/agera\/skydda-svensk-skog\/\"\n                        \n                    >\n                        Engagera dig\n                    <\/a>\n                \t\t\t<\/div>\n\t\t\t\t\t<\/section>\n\t","protected":false},"excerpt":{"rendered":"<p>Det \u00e4r ingen hemlighet att jag \u00e4lskar skogen, en riktig skog \u00e4r full av liv och det finns alltid n\u00e5got fantastiskt att se, antingen i landskapet eller via en lupp.&hellip;<\/p>\n","protected":false},"author":69,"featured_media":55863,"comment_status":"closed","ping_status":"closed","sticky":false,"template":"","format":"standard","meta":{"ep_exclude_from_search":false,"p4_og_title":"Hellre skogstokig \u00e4n skogshatisk - s\u00e5 ljuger Sverige f\u00f6r EU","p4_og_description":"N\u00e4r regeringen och skogsstyrelsen planerat ett m\u00f6te f\u00f6r alla EU:s skogsdirekt\u00f6rer 15-17 maj i Skellefte\u00e5 presenterar de en kavalkad av greenwash och l\u00f6gner om skogen. ","p4_og_image":"","p4_og_image_id":"","p4_seo_canonical_url":"","p4_campaign_name":"","p4_local_project":"","p4_basket_name":"","p4_department":"","footnotes":""},"categories":[1,22],"tags":[64,19],"p4-page-type":[16],"class_list":["post-56136","post","type-post","status-publish","format-standard","has-post-thumbnail","hentry","category-greenpeace","category-skog","tag-sapmi","tag-skyddaskogen","p4-page-type-artiklar"],"_links":{"self":[{"href":"https:\/\/www.greenpeace.org\/sweden\/wp-json\/wp\/v2\/posts\/56136","targetHints":{"allow":["GET"]}}],"collection":[{"href":"https:\/\/www.greenpeace.org\/sweden\/wp-json\/wp\/v2\/posts"}],"about":[{"href":"https:\/\/www.greenpeace.org\/sweden\/wp-json\/wp\/v2\/types\/post"}],"author":[{"embeddable":true,"href":"https:\/\/www.greenpeace.org\/sweden\/wp-json\/wp\/v2\/users\/69"}],"replies":[{"embeddable":true,"href":"https:\/\/www.greenpeace.org\/sweden\/wp-json\/wp\/v2\/comments?post=56136"}],"version-history":[{"count":2,"href":"https:\/\/www.greenpeace.org\/sweden\/wp-json\/wp\/v2\/posts\/56136\/revisions"}],"predecessor-version":[{"id":56138,"href":"https:\/\/www.greenpeace.org\/sweden\/wp-json\/wp\/v2\/posts\/56136\/revisions\/56138"}],"wp:featuredmedia":[{"embeddable":true,"href":"https:\/\/www.greenpeace.org\/sweden\/wp-json\/wp\/v2\/media\/55863"}],"wp:attachment":[{"href":"https:\/\/www.greenpeace.org\/sweden\/wp-json\/wp\/v2\/media?parent=56136"}],"wp:term":[{"taxonomy":"category","embeddable":true,"href":"https:\/\/www.greenpeace.org\/sweden\/wp-json\/wp\/v2\/categories?post=56136"},{"taxonomy":"post_tag","embeddable":true,"href":"https:\/\/www.greenpeace.org\/sweden\/wp-json\/wp\/v2\/tags?post=56136"},{"taxonomy":"p4-page-type","embeddable":true,"href":"https:\/\/www.greenpeace.org\/sweden\/wp-json\/wp\/v2\/p4-page-type?post=56136"}],"curies":[{"name":"wp","href":"https:\/\/api.w.org\/{rel}","templated":true}]}}