{"id":56163,"date":"2023-05-09T14:35:58","date_gmt":"2023-05-09T13:35:58","guid":{"rendered":"https:\/\/www.greenpeace.org\/sweden\/?p=56163"},"modified":"2023-12-19T14:33:41","modified_gmt":"2023-12-19T13:33:41","slug":"miljoorganisationer-och-samiska-organisationer-protesterar-mot-svenskt-skogsbruk-under-eu-skogsmote-i-skelleftea","status":"publish","type":"post","link":"https:\/\/www.greenpeace.org\/sweden\/pressmeddelanden\/skog\/miljoorganisationer-och-samiska-organisationer-protesterar-mot-svenskt-skogsbruk-under-eu-skogsmote-i-skelleftea\/","title":{"rendered":"Milj\u00f6organisationer och samiska organisationer protesterar mot svenskt skogsbruk under EU-skogsm\u00f6te i Skellefte\u00e5"},"content":{"rendered":"\n<p><strong>Den 15-17 maj anordnar regeringen i kraft av sitt EU-ordf\u00f6randeskap ett stort m\u00f6te i Skellefte\u00e5 f\u00f6r EU:s skogsdirekt\u00f6rer. D\u00e4r v\u00e4ntas svensk skogspolitik gr\u00f6nm\u00e5las av b\u00e5de regeringen och skogsindustrin. F\u00f6r att visa en mer sanningsenlig bild av tillst\u00e5ndet i de svenska skogarna g\u00e5r flera milj\u00f6organisationer och samiska organisationer samman i en m\u00e5ngfald av protester och aktiviteter under m\u00f6tet. Bland annat utlovas jojk, filmvisning, demonstrationer och en alternativ busstur till n\u00e4rliggande kalhyggen.<\/strong><\/p>\n\n<p>Skogspolitiken har varit en f\u00f6ljetong under det svenska ordf\u00f6randeskapet. Vi \u00e4r m\u00e5nga organisationer som har uppm\u00e4rksammat hur Sverige bromsar i fr\u00e5gor som r\u00f6r skog och biologisk m\u00e5ngfald, och f\u00f6rs\u00f6ker utnyttja ordf\u00f6randeskapet till att hindra EU:s arbete med att restaurera f\u00f6rst\u00f6rd natur samt att f\u00f6rhindra h\u00e5rdare milj\u00f6krav p\u00e5 produkter fr\u00e5n skogen.<\/p>\n\n<p><em>\u201cSveriges regering s\u00e4ger att det svenska skogsbruket \u00e4r h\u00e5llbart. Argumenten k\u00e4nns igen fr\u00e5n skogsindustrins reklamkampanjer. Samtidigt visar regeringens egna expertmyndigheter att situationen f\u00f6r skogens biologiska m\u00e5ngfald \u00e4r allvarlig, och f\u00f6rv\u00e4rras.\u202fRegeringen saknar en politisk vilja att styra mot ett h\u00e5llbart och naturn\u00e4ra skogsbruk och samtidigt s\u00e4kerst\u00e4lla att den skyddsv\u00e4rda skogen skyddas. D\u00e4rf\u00f6r s\u00e4tter vi ett stort hopp till EU och v\u00e4lkomnar EU-kommissionens initiativ f\u00f6r skogen och skogens arter\u201d <\/em>s\u00e4ger <strong>Robert Lindstr\u00f6m fr\u00e5n Naturskyddsf\u00f6reningen Skellefte\u00e5.<em>&nbsp;&nbsp;<\/em>&nbsp;<\/strong><\/p>\n\n<p><em>\u201cRenens mat f\u00f6rsvinner n\u00e4r gamla h\u00e4nglavsskogar avverkas. Samebyar, milj\u00f6r\u00f6relsen och m\u00e4nniskor\u00e4ttsorganisationer har de senaste \u00e5ren riktat massiv kritik mot b\u00e5de Sveaskog och Svenska kyrkan f\u00f6r deras kalhyggen. Samernas urfolksr\u00e4ttigheter m\u00e5ste respekteras vid planering av avverkning av skog i S\u00e1pmi\u201d<\/em>, s\u00e4ger <strong>Maria Eklund fr\u00e5n Amnesty S\u00e1pmi.<\/strong><\/p>\n\n<p><em>\u201cSveriges skogspolitik \u00e4r klimatskadlig, kolonial och korrupt. Vi accepterar inte att Sverige gr\u00f6nm\u00e5lar sin egen skogspolitik och dess skogsbruksmetoder. Vi \u00e4r h\u00e4r f\u00f6r att visa att Sveriges politik vilar p\u00e5 att kalavverka v\u00e5ra sista naturskogar och p\u00e5 s\u00e5 s\u00e4tt t\u00f6mma dess kolf\u00f6rr\u00e5d, utarma den biologiska m\u00e5ngfalden och systematiskt kr\u00e4nka samers r\u00e4ttigheter\u201d,<\/em> s\u00e4ger <strong>Agnes Hjortsberg, Fridays For Future Sverige<\/strong><\/p>\n\n<p>N\u00e4r EU:s skogsdirekt\u00f6rer nu kommer till Skellefte\u00e5 f\u00f6r m\u00f6ten med bland andra landsbygdsminister Peter Kullgren (KD) och representanter fr\u00e5n svensk skogsindustri anordnar Naturskyddsf\u00f6reningen, Skydda Skogen, Greenpeace, Skogsn\u00e4tverket Mycel, Fridays For Future, Amnesty S\u00e1pmi m.fl. en m\u00e4ngd aktiviteter b\u00e5de f\u00f6r allm\u00e4nheten och EU:s tillresta skogsdirekt\u00f6rer.&nbsp;<\/p>\n\n<p>B\u00e5de inne i Sara kulturhus med f\u00f6rel\u00e4sning och film p\u00e5 Biblioteket och ett engelskspr\u00e5kigt program i Trappscenen och med ett scenprogram och demonstration utanf\u00f6r kulturhuset, d\u00e4r m\u00f6tet \u00e4ger rum. P\u00e5 m\u00f6tets sista dag anordnas ocks\u00e5 en alternativ busstur, d\u00e4r skogsdirekt\u00f6rerna ges chansen att se en \u00e4rlig bild av hur svenskt skogsbruk ser ut i praktiken.<\/p>\n\n<p><em>\u201cSverige f\u00f6rhindrar EU:s arbete kring att lagra mer kol i mark och att skydda skogsomr\u00e5den med h\u00f6ga naturv\u00e4rden. Vi kommer att n\u00e4rvara p\u00e5 plats under m\u00f6tet f\u00f6r att ge bes\u00f6kande utl\u00e4ndska experter den verkliga bilden av svenskt skogsbruk, som motvikt mot regeringens och skogsn\u00e4ringens myter om h\u00e5llbarhet\u201d<\/em>, s\u00e4ger <strong>Carl Schlyter, Greenpeace<\/strong><\/p>\n\n<p><em>\u201cVi \u00e4r h\u00e4r f\u00f6r att tala klarspr\u00e5k till EU om vad som p\u00e5g\u00e5r i svenska skogar.<\/em> <em>Vi vill att Sverige agerar NU f\u00f6r att stoppa kalhyggesbruk och monokultur.<\/em> <em>Regeringen m\u00e5ste handla omedelbart f\u00f6r att bromsa f\u00f6rlusten av arter och minska Sveriges klimatutsl\u00e4pp till netto-noll \u00e5r 2025. <\/em>\u201d, s\u00e4ger<strong> Elin Lundqvist Burlin, Extinction Rebellion Skellefte\u00e5&nbsp;<\/strong><\/p>\n\n<p><em>&#8221;Kalavverkningen och planteringen av monokulturer \u00e4r den i s\u00e4rklass st\u00f6rsta naturkatastrofen som drabbat Sverige. Som ett n\u00e4tverk av skogsengagerade lokalbor i Skellefte\u00e5 deltar vi f\u00f6r att belysa den potential och kraft som finns i en f\u00f6r\u00e4ndrad relation med skogen\u201d, <\/em>s\u00e4ger <strong>Annica Eriksson, Skogsn\u00e4tverket Mycel<\/strong><\/p>\n\n<p>Aktionerna och de inplanerade aktiviteterna kommer att \u00e4ga rum under stillsamma och fredliga former.&nbsp;<br><br><strong>Se <a href=\"https:\/\/www.greenpeace.org\/static\/planet4-sweden-stateless\/2023\/05\/0b2b5dc4-at-skogen-programblad.pdf\">bifogat program<\/a> f\u00f6r mer detaljer<\/strong><\/p>\n\n<p><strong>Kontaktuppgifter<\/strong>:<br><strong>Robert Lindstr\u00f6m<\/strong>, ordf\u00f6rande Naturskyddsf\u00f6reningen Skellefte\u00e5<br>lund186@hotmail.com<\/p>\n\n<p><strong>Johanna Nilsson<\/strong>, verksamhetsutvecklare Naturskyddsf\u00f6reningen Norrbotten<br>johanna.nilsson@naturskyddsforeningen.se, 070-563 98 66<br><br><strong>Ludvig Tillman<\/strong>, Kommunikationsansvarig, Greenpeace&nbsp;<br>070-2716437, \u200bludvig.tillman@greenpeace.org<\/p>\n\n<p><strong>Annica Ericsson<\/strong>, Skogsn\u00e4tverket Mycel<br>0706168282<\/p>\n\n<p><strong>Maria Eklund<\/strong>, Amnesty S\u00e1pmi<br>070-327 55 86<\/p>\n\n<p><strong>Elin Lundqvist Burlin<\/strong>,&nbsp; Extinction Rebellions Skellefte\u00e5&nbsp;<br>0767700188<\/p>\n","protected":false},"excerpt":{"rendered":"<p>Den 15-17 maj kommer EU:s skogsdirekt\u00f6rer tr\u00e4ffas i Skellefte\u00e5. D\u00e4r v\u00e4ntas svensk skogspolitik gr\u00f6nm\u00e5las av b\u00e5de regeringen och skogsindustrin. <\/p>\n","protected":false},"author":34,"featured_media":53556,"comment_status":"closed","ping_status":"closed","sticky":false,"template":"","format":"standard","meta":{"ep_exclude_from_search":false,"p4_og_title":"","p4_og_description":"","p4_og_image":"","p4_og_image_id":"","p4_seo_canonical_url":"","p4_campaign_name":"","p4_local_project":"","p4_basket_name":"","p4_department":"","footnotes":""},"categories":[22],"tags":[19,64],"p4-page-type":[14],"class_list":["post-56163","post","type-post","status-publish","format-standard","has-post-thumbnail","hentry","category-skog","tag-skyddaskogen","tag-sapmi","p4-page-type-pressmeddelanden"],"_links":{"self":[{"href":"https:\/\/www.greenpeace.org\/sweden\/wp-json\/wp\/v2\/posts\/56163","targetHints":{"allow":["GET"]}}],"collection":[{"href":"https:\/\/www.greenpeace.org\/sweden\/wp-json\/wp\/v2\/posts"}],"about":[{"href":"https:\/\/www.greenpeace.org\/sweden\/wp-json\/wp\/v2\/types\/post"}],"author":[{"embeddable":true,"href":"https:\/\/www.greenpeace.org\/sweden\/wp-json\/wp\/v2\/users\/34"}],"replies":[{"embeddable":true,"href":"https:\/\/www.greenpeace.org\/sweden\/wp-json\/wp\/v2\/comments?post=56163"}],"version-history":[{"count":5,"href":"https:\/\/www.greenpeace.org\/sweden\/wp-json\/wp\/v2\/posts\/56163\/revisions"}],"predecessor-version":[{"id":58696,"href":"https:\/\/www.greenpeace.org\/sweden\/wp-json\/wp\/v2\/posts\/56163\/revisions\/58696"}],"wp:featuredmedia":[{"embeddable":true,"href":"https:\/\/www.greenpeace.org\/sweden\/wp-json\/wp\/v2\/media\/53556"}],"wp:attachment":[{"href":"https:\/\/www.greenpeace.org\/sweden\/wp-json\/wp\/v2\/media?parent=56163"}],"wp:term":[{"taxonomy":"category","embeddable":true,"href":"https:\/\/www.greenpeace.org\/sweden\/wp-json\/wp\/v2\/categories?post=56163"},{"taxonomy":"post_tag","embeddable":true,"href":"https:\/\/www.greenpeace.org\/sweden\/wp-json\/wp\/v2\/tags?post=56163"},{"taxonomy":"p4-page-type","embeddable":true,"href":"https:\/\/www.greenpeace.org\/sweden\/wp-json\/wp\/v2\/p4-page-type?post=56163"}],"curies":[{"name":"wp","href":"https:\/\/api.w.org\/{rel}","templated":true}]}}