{"id":56460,"date":"2023-06-13T10:09:53","date_gmt":"2023-06-13T09:09:53","guid":{"rendered":"https:\/\/www.greenpeace.org\/sweden\/?p=56460"},"modified":"2023-06-13T10:09:56","modified_gmt":"2023-06-13T09:09:56","slug":"pressinbjudan-demonstration-utanfor-regeringens-klimatmote-16-juni","status":"publish","type":"post","link":"https:\/\/www.greenpeace.org\/sweden\/pressmeddelanden\/klimat\/pressinbjudan-demonstration-utanfor-regeringens-klimatmote-16-juni\/","title":{"rendered":"Pressinbjudan: Demonstration utanf\u00f6r regeringens \u201cklimatm\u00f6te\u201d 16 juni"},"content":{"rendered":"\n<p><strong>Fredag den 16 juni h\u00e5ller regeringen sitt nationella \u201cklimatm\u00f6te\u201d. I samband med detta kommer flera organisationer att demonstrera utanf\u00f6r hotell Courtyard by Marriott p\u00e5 Kungsholmen, d\u00e4r m\u00f6tet h\u00e5lls.<\/strong><\/p>\n\n<p>Till regeringens nationella \u201cklimatm\u00f6te\u201d prioriteras n\u00e4ringslivet, som statsministern<a href=\"https:\/\/miljo-utveckling.se\/klart-med-regeringens-klimatmote\/#:~:text=Klimat%20N%C3%A4ringslivet%20%C3%A4r%20Sveriges%20nya,h%C3%A5llas%20fredagen%20den%2016%20juni\" target=\"_blank\" rel=\"noreferrer noopener\">\u00a0kallar<\/a>\u00a0f\u00f6r Sveriges nya milj\u00f6r\u00f6relse. Fr\u00e5n den verkliga milj\u00f6r\u00f6relsen \u00e4r endast representanter fr\u00e5n tre organisationer inbjudna \u2013 medan ingen fr\u00e5n ungdomsr\u00f6relsen \u00e4r v\u00e4lkommen.<\/p>\n\n<p>F\u00f6r att protestera mot nedmonteringen av milj\u00f6politiken och m\u00f6tets uppl\u00e4gg, flyttar Fridays For Future sin fredagsdemonstration till hotell Courtyard by Marriott d\u00e4r \u201cklimatm\u00f6tet\u201d \u00e4ger rum. Greenpeace \u00e4r med och st\u00f6ttar demonstrationen. Flera andra organisationer v\u00e4ntas ocks\u00e5 infinna sig utanf\u00f6r hotellet.<\/p>\n\n<p>Under demonstrationen kommer det bland annat att m\u00e5las banderoller, byggas en scen och spelas musik. P\u00e5 scenen kommer olika diskussioner och f\u00f6rel\u00e4sningar att ta plats. Flera olika organisationer inom milj\u00f6, klimat och social r\u00e4ttvisa finns med i scenprogrammet.&nbsp;<\/p>\n\n<p>Media \u00e4r v\u00e4lkomna att bevaka demonstrationen.<\/p>\n\n<p><strong>Var<\/strong><\/p>\n\n<p>P\u00e5 parkeringsplatsen utanf\u00f6r ing\u00e5ngen till hotell Courtyard by Marriott p\u00e5 Kungsholmen, R\u00e5lambshovsleden 50<\/p>\n\n<p><strong>N\u00e4r<\/strong><\/p>\n\n<p>Demonstrationen p\u00e5g\u00e5r kl. 09-15,&nbsp;<em>men extra mycket folk v\u00e4ntas runt lunchtid, ca 11-13<\/em><\/p>\n\n<p><strong>Mer information<\/strong><\/p>\n\n<p>Se Fridays For Futures<a href=\"https:\/\/www.facebook.com\/events\/3668358660059036\/?ref=newsfeed\" target=\"_blank\" rel=\"noreferrer noopener\">\u00a0Facebook-event<\/a><\/p>\n\n<p><strong>Kontakt Fridays For Future<\/strong><\/p>\n\n<p>Christofer Kebbon&nbsp;<\/p>\n\n<p>0760524007<\/p>\n\n<p>chriskebbon@gmail.com<\/p>\n\n<p><strong>Kontakt Greenpeace<\/strong><\/p>\n\n<p>Christopher Engberg Dahl, kommunikationsansvarig<\/p>\n\n<p>christopher.dahl@greenpeace.org<\/p>\n\n<p>0791421453<\/p>\n","protected":false},"excerpt":{"rendered":"<p>Fredag den 16 juni h\u00e5lls en demonstration utanf\u00f6r regeringens klimatm\u00f6te.<\/p>\n","protected":false},"author":103,"featured_media":49274,"comment_status":"closed","ping_status":"closed","sticky":false,"template":"","format":"standard","meta":{"ep_exclude_from_search":false,"p4_og_title":"","p4_og_description":"","p4_og_image":"","p4_og_image_id":"","p4_seo_canonical_url":"","p4_campaign_name":"","p4_local_project":"","p4_basket_name":"","p4_department":"","footnotes":""},"categories":[2],"tags":[53,31],"p4-page-type":[14],"class_list":["post-56460","post","type-post","status-publish","format-standard","has-post-thumbnail","hentry","category-klimat","tag-svenskpolitik","tag-aktivism","p4-page-type-pressmeddelanden"],"_links":{"self":[{"href":"https:\/\/www.greenpeace.org\/sweden\/wp-json\/wp\/v2\/posts\/56460","targetHints":{"allow":["GET"]}}],"collection":[{"href":"https:\/\/www.greenpeace.org\/sweden\/wp-json\/wp\/v2\/posts"}],"about":[{"href":"https:\/\/www.greenpeace.org\/sweden\/wp-json\/wp\/v2\/types\/post"}],"author":[{"embeddable":true,"href":"https:\/\/www.greenpeace.org\/sweden\/wp-json\/wp\/v2\/users\/103"}],"replies":[{"embeddable":true,"href":"https:\/\/www.greenpeace.org\/sweden\/wp-json\/wp\/v2\/comments?post=56460"}],"version-history":[{"count":1,"href":"https:\/\/www.greenpeace.org\/sweden\/wp-json\/wp\/v2\/posts\/56460\/revisions"}],"predecessor-version":[{"id":56461,"href":"https:\/\/www.greenpeace.org\/sweden\/wp-json\/wp\/v2\/posts\/56460\/revisions\/56461"}],"wp:featuredmedia":[{"embeddable":true,"href":"https:\/\/www.greenpeace.org\/sweden\/wp-json\/wp\/v2\/media\/49274"}],"wp:attachment":[{"href":"https:\/\/www.greenpeace.org\/sweden\/wp-json\/wp\/v2\/media?parent=56460"}],"wp:term":[{"taxonomy":"category","embeddable":true,"href":"https:\/\/www.greenpeace.org\/sweden\/wp-json\/wp\/v2\/categories?post=56460"},{"taxonomy":"post_tag","embeddable":true,"href":"https:\/\/www.greenpeace.org\/sweden\/wp-json\/wp\/v2\/tags?post=56460"},{"taxonomy":"p4-page-type","embeddable":true,"href":"https:\/\/www.greenpeace.org\/sweden\/wp-json\/wp\/v2\/p4-page-type?post=56460"}],"curies":[{"name":"wp","href":"https:\/\/api.w.org\/{rel}","templated":true}]}}