{"id":56486,"date":"2023-06-15T09:31:39","date_gmt":"2023-06-15T08:31:39","guid":{"rendered":"https:\/\/www.greenpeace.org\/sweden\/?p=56486"},"modified":"2023-12-19T14:32:47","modified_gmt":"2023-12-19T13:32:47","slug":"utslappssiffror-missar-halften-av-sveriges-faktiska-utslapp","status":"publish","type":"post","link":"https:\/\/www.greenpeace.org\/sweden\/pressmeddelanden\/klimat\/utslappssiffror-missar-halften-av-sveriges-faktiska-utslapp\/","title":{"rendered":"Utsl\u00e4ppssiffror missar h\u00e4lften av Sveriges faktiska utsl\u00e4pp"},"content":{"rendered":"\n<figure class=\"wp-block-image size-full\"><img loading=\"lazy\" decoding=\"async\" width=\"800\" height=\"467\" src=\"https:\/\/www.greenpeace.org\/static\/planet4-sweden-stateless\/2023\/06\/3b2eaa50-gp0strm1x_web_size.jpg\" alt=\"En illustration av utsl\u00e4pp. Ett flygplan lyfter framf\u00f6r kraftstationer med bolmande skorstenar \" class=\"wp-image-56491\" srcset=\"https:\/\/www.greenpeace.org\/static\/planet4-sweden-stateless\/2023\/06\/3b2eaa50-gp0strm1x_web_size.jpg 800w, https:\/\/www.greenpeace.org\/static\/planet4-sweden-stateless\/2023\/06\/3b2eaa50-gp0strm1x_web_size-300x175.jpg 300w, https:\/\/www.greenpeace.org\/static\/planet4-sweden-stateless\/2023\/06\/3b2eaa50-gp0strm1x_web_size-768x448.jpg 768w, https:\/\/www.greenpeace.org\/static\/planet4-sweden-stateless\/2023\/06\/3b2eaa50-gp0strm1x_web_size-510x298.jpg 510w\" sizes=\"auto, (max-width: 800px) 100vw, 800px\" \/><figcaption class=\"wp-element-caption\">Oavsett om det \u00e4r fossila br\u00e4nslen eller biobr\u00e4nslen som f\u00f6rbr\u00e4nns sl\u00e4pps koldioxid ut i atmosf\u00e4ren och bidrar till den globala uppv\u00e4rmningen. <\/figcaption><\/figure>\n\n<p>Idag presenterade Naturv\u00e5rdsverket <a href=\"https:\/\/www.naturvardsverket.se\/om-oss\/aktuellt\/nyheter-och-pressmeddelanden\/2023\/juni\/sveriges-klimatutslapp-minskade-med-fem-procent-under-2022\/\">prelimin\u00e4ra siffror f\u00f6r Sveriges utsl\u00e4pp 2022<\/a>. Naturv\u00e5rdsverket skriver att utsl\u00e4ppen g\u00e5tt ner med fem procent, men utsl\u00e4pp fr\u00e5n biobr\u00e4nslen, som 2021 motsvarande <a href=\"https:\/\/sverigesutslapp.se\/\">mer \u00e4n h\u00e4lften av det som summeras som Sveriges utsl\u00e4pp<\/a>, syns inte i sammanst\u00e4llningen, trots att de de facto \u00e4r utsl\u00e4pp som sker inom Sveriges gr\u00e4nser. Greenpeace \u00e4r starkt kritiskt till detta och menar att alla utsl\u00e4pp b\u00f6r kommuniceras f\u00f6r att beslutsfattare och allm\u00e4nhet ska f\u00e5 en korrekt bild av problematiken.<\/p>\n\n<p>\u2013 Halva Sveriges utsl\u00e4pp kommuniceras inte. Det \u00e4r ett stort problem som g\u00f6r att vi underskattar utsl\u00e4ppens omfattning och att vi riskerar satsa p\u00e5 fel saker som inte hj\u00e4lper oss att klara 1,5-gradersm\u00e5let, s\u00e4ger <strong>Markus Mattisson<\/strong>, bitr\u00e4dande sverigechef p\u00e5 Greenpeace<\/p>\n\n<p>\u2013 Att inte kommunicera utsl\u00e4ppen fr\u00e5n biobr\u00e4nslen fr\u00e5n skorstenar och avgasr\u00f6r g\u00f6r att vi tror att vi kan forts\u00e4tta flyga, k\u00f6ra och konsumera som vanligt, bara vi byter br\u00e4nsle. Det g\u00f6r ocks\u00e5 att exempelvis flygbolag och br\u00e4nslebolag kan marknadsf\u00f6ra sig som klimathj\u00e4ltar, n\u00e4r de faktiskt bidrar till klimatkrisens f\u00f6rv\u00e4rring, s\u00e4ger <strong>Markus Mattisson<\/strong><\/p>\n\n<p>\u2013 Vi m\u00e5ste se samh\u00e4llets utsl\u00e4pp som en helhet och s\u00e4tta m\u00e5l i absoluta tal, allts\u00e5 r\u00e4kna utsl\u00e4pp som utsl\u00e4pp, inte netto m\u00e5l d\u00e4r vi r\u00e4knar av utsl\u00e4ppen innan de sker, och vi beh\u00f6ver det f\u00f6r alla typer av utsl\u00e4pp. Allt vi f\u00f6rbr\u00e4nner hamnar i atmosf\u00e4ren och bidrar till klimatf\u00f6r\u00e4ndringar och den globala uppv\u00e4rmningen. Himlen \u00e4r redan full och den g\u00f6r ingen skillnad p\u00e5 koldioxidens ursprung, s\u00e4ger <strong>Markus Mattisson<\/strong><br><strong><br>Kontakt:<br><\/strong><a href=\"https:\/\/www.greenpeace.org\/static\/planet4-sweden-stateless\/2023\/03\/33103048-220518_markusmattisson_074-scaled.jpg\"><strong>Markus Mattisson<\/strong><\/a><strong>, bitr\u00e4dande sverigechef, 070 397 66 72<\/strong><\/p>\n","protected":false},"excerpt":{"rendered":"<p>Naturv\u00e5rdsverket skriver att utsl\u00e4ppen g\u00e5tt ner med fem procent, men de stora utsl\u00e4ppen fr\u00e5n biobr\u00e4nslen syns inte i sammanst\u00e4llningen, trots att det \u00e4r utsl\u00e4pp som sker inom Sveriges gr\u00e4nser.<\/p>\n","protected":false},"author":34,"featured_media":56491,"comment_status":"closed","ping_status":"closed","sticky":false,"template":"","format":"standard","meta":{"ep_exclude_from_search":false,"p4_og_title":"","p4_og_description":"","p4_og_image":"","p4_og_image_id":"","p4_seo_canonical_url":"","p4_campaign_name":"","p4_local_project":"","p4_basket_name":"","p4_department":"","footnotes":""},"categories":[45,2],"tags":[67,23],"p4-page-type":[14],"class_list":["post-56486","post","type-post","status-publish","format-standard","has-post-thumbnail","hentry","category-energi","category-klimat","tag-bioenergi","tag-globaluppvarmning","p4-page-type-pressmeddelanden"],"_links":{"self":[{"href":"https:\/\/www.greenpeace.org\/sweden\/wp-json\/wp\/v2\/posts\/56486","targetHints":{"allow":["GET"]}}],"collection":[{"href":"https:\/\/www.greenpeace.org\/sweden\/wp-json\/wp\/v2\/posts"}],"about":[{"href":"https:\/\/www.greenpeace.org\/sweden\/wp-json\/wp\/v2\/types\/post"}],"author":[{"embeddable":true,"href":"https:\/\/www.greenpeace.org\/sweden\/wp-json\/wp\/v2\/users\/34"}],"replies":[{"embeddable":true,"href":"https:\/\/www.greenpeace.org\/sweden\/wp-json\/wp\/v2\/comments?post=56486"}],"version-history":[{"count":1,"href":"https:\/\/www.greenpeace.org\/sweden\/wp-json\/wp\/v2\/posts\/56486\/revisions"}],"predecessor-version":[{"id":56492,"href":"https:\/\/www.greenpeace.org\/sweden\/wp-json\/wp\/v2\/posts\/56486\/revisions\/56492"}],"wp:featuredmedia":[{"embeddable":true,"href":"https:\/\/www.greenpeace.org\/sweden\/wp-json\/wp\/v2\/media\/56491"}],"wp:attachment":[{"href":"https:\/\/www.greenpeace.org\/sweden\/wp-json\/wp\/v2\/media?parent=56486"}],"wp:term":[{"taxonomy":"category","embeddable":true,"href":"https:\/\/www.greenpeace.org\/sweden\/wp-json\/wp\/v2\/categories?post=56486"},{"taxonomy":"post_tag","embeddable":true,"href":"https:\/\/www.greenpeace.org\/sweden\/wp-json\/wp\/v2\/tags?post=56486"},{"taxonomy":"p4-page-type","embeddable":true,"href":"https:\/\/www.greenpeace.org\/sweden\/wp-json\/wp\/v2\/p4-page-type?post=56486"}],"curies":[{"name":"wp","href":"https:\/\/api.w.org\/{rel}","templated":true}]}}