{"id":56524,"date":"2023-06-15T14:22:23","date_gmt":"2023-06-15T13:22:23","guid":{"rendered":"https:\/\/www.greenpeace.org\/sweden\/?p=56524"},"modified":"2023-06-15T14:22:25","modified_gmt":"2023-06-15T13:22:25","slug":"debattartikel-regeringens-klimatmote-framstar-som-ett-skamt","status":"publish","type":"post","link":"https:\/\/www.greenpeace.org\/sweden\/artiklar\/klimat\/debattartikel-regeringens-klimatmote-framstar-som-ett-skamt\/","title":{"rendered":"Debattartikel: Regeringens klimatm\u00f6te framst\u00e5r som ett sk\u00e4mt"},"content":{"rendered":"\n<p><strong>Till regeringens nationella klimatm\u00f6te prioriteras n\u00e4ringslivet framf\u00f6r milj\u00f6r\u00f6relsen.\u00a0Det l\u00f6ser ingen klimatkris \u2013 tv\u00e4rtom f\u00f6rminskar det n\u00f6dl\u00e4get.\u00a0Det hela framst\u00e5r som ett sk\u00e4mt och ett spel f\u00f6r gallerierna, skriver vi och 15 andra organisationer i en <a href=\"https:\/\/www.expressen.se\/debatt\/regeringens-klimatmote-framstar-som-ett-skamt\/\" target=\"_blank\" rel=\"noreferrer noopener\">debattartikel i Expressen<\/a>.<\/strong><\/p>\n\n<p>Klimatomst\u00e4llningen m\u00e5ste ha medborgerlig f\u00f6rankring. Trots det kommer ytterst f\u00e5 organisationer fr\u00e5n civilsamh\u00e4llet och milj\u00f6r\u00f6relsen att finnas representerade p\u00e5\u00a0regeringens nationella klimatm\u00f6te\u00a0den 16 juni.\u00a0<\/p>\n\n<p>Fr\u00e5n milj\u00f6r\u00f6relsen \u00e4r endast representanter fr\u00e5n tre organisationer inbjudna \u2013 medan ingen fr\u00e5n ungdomsr\u00f6relsen \u00e4r v\u00e4lkommen. I st\u00e4llet \u00e4r majoriteten av de 274 inbjudna g\u00e4sterna fr\u00e5n n\u00e4ringslivet. M\u00e5nga av dessa \u00e4r dessutom knutna till industrier som \u00e4r bland de mest destruktiva och exploaterande av m\u00e4nniskor och planet.<\/p>\n\n<p>N\u00e4r den klimatpolitiska handlingsplanen har diskuterats bakom st\u00e4ngda d\u00f6rrar under v\u00e5ren har ingen fr\u00e5n milj\u00f6r\u00f6relsen funnits med f\u00f6r att bidra med expertis om hur klimatm\u00e5len kan n\u00e5s. \u00c4ven h\u00e4r har n\u00e4ringslivets inspel prioriterats.<\/p>\n\n<p>L\u00e4s hela <a href=\"https:\/\/www.expressen.se\/debatt\/regeringens-klimatmote-framstar-som-ett-skamt\/\" target=\"_blank\" rel=\"noreferrer noopener\">debattartikeln i Expressen<\/a>.<\/p>\n\t\t\t<section\n\t\t\tclass=\"boxout post-4550  sticky-bottom-mobile collapse show\"\n\t\t\tid=\"action-card\"\n\t\t>\n\t\t\t<a\n\t\t\t\tdata-ga-category=\"Take Action Boxout\"\n\t\t\t\tdata-ga-action=\"Image\"\n\t\t\t\tdata-ga-label=\"n\/a\"\n\t\t\t\tclass=\"cover-card-overlay\"\n\t\t\t\thref=\"https:\/\/www.greenpeace.org\/sweden\/agera\/klimatkrisen\/\" \n\t\t\t><\/a>\n\t\t\t\t\t\t\t<img\n\t\t\t\t\t\tsrc=\"https:\/\/www.greenpeace.org\/static\/planet4-sweden-stateless\/2023\/08\/570cb4b0-gp0stxarj_web_size.jpg\"\n\t\t\t\t\t\tsrcset=\"https:\/\/www.greenpeace.org\/static\/planet4-sweden-stateless\/2023\/08\/570cb4b0-gp0stxarj_web_size-300x214.jpg 300w, https:\/\/www.greenpeace.org\/static\/planet4-sweden-stateless\/2023\/08\/570cb4b0-gp0stxarj_web_size-768x548.jpg 768w, https:\/\/www.greenpeace.org\/static\/planet4-sweden-stateless\/2023\/08\/570cb4b0-gp0stxarj_web_size-476x340.jpg 476w, https:\/\/www.greenpeace.org\/static\/planet4-sweden-stateless\/2023\/08\/570cb4b0-gp0stxarj_web_size.jpg 800w\"\n\t\t\t\t\t\tsizes=\"(min-width: 1000px) 358px, (min-width: 780px) 313px, 88px\"\n\t\t\t\t\t\talt=\"\u00d6vervsv\u00e4mningar i Slovenien. Augusti 2023.\" title=\"\u00d6vervsv\u00e4mningar i Slovenien. Augusti 2023.\"\n\t\t\t\t\/>\n            \t\t\t<div class=\"boxout-content\">\n\t\t\t\t\t\t\t\t\t<a\n\t\t\t\t\t\tclass=\"boxout-heading medium\"\n\t\t\t\t\t\tdata-ga-category=\"Take Action Boxout\"\n\t\t\t\t\t\tdata-ga-action=\"Title\"\n\t\t\t\t\t\tdata-ga-label=\"n\/a\"\n\t\t\t\t\t\thref=\"https:\/\/www.greenpeace.org\/sweden\/agera\/klimatkrisen\/\"\n\t\t\t\t\t\t\n\t\t\t\t\t>\n\t\t\t\t\t\tKlimatkrisen &#8211; kr\u00e4v att politikerna agerar!\n\t\t\t\t\t<\/a>\n\t\t\t\t\t\t\t\t\t\t\t\t\t<p class=\"boxout-excerpt\">Kr\u00e4v att v\u00e4rldens ledare agerar mot klimatkrisen. Forskningen \u00e4r tydlig \u2013 vi m\u00e5ste sluta investera i det som f\u00f6rst\u00f6r v\u00e5r planet. G\u00f6r din r\u00f6st h\u00f6rd och kr\u00e4v en politik f\u00f6r framtiden!<\/p>\n\t\t\t\t                                    <a\n                        class=\"btn btn-primary\"\n                        data-ga-category=\"Take Action Boxout\"\n                        data-ga-action=\"Call to Action\"\n                        data-ga-label=\"n\/a\"\n                        href=\"https:\/\/www.greenpeace.org\/sweden\/agera\/klimatkrisen\/\"\n                        \n                    >\n                        Engagera dig\n                    <\/a>\n                \t\t\t<\/div>\n\t\t\t\t\t\t\t<a\n\t\t\t\t\tclass=\"not-now\"\n\t\t\t\t\trole=\"button\"\n\t\t\t\t\tdata-bs-toggle=\"collapse\"\n\t\t\t\t\thref=\"#action-card\"\n\t\t\t\t><\/a>\n\t\t\t\t\t<\/section>\n\t","protected":false},"excerpt":{"rendered":"<p>16 organisationer kritiserar uppl\u00e4gget f\u00f6r regeringens nationella klimatm\u00f6te.<\/p>\n","protected":false},"author":103,"featured_media":55928,"comment_status":"closed","ping_status":"closed","sticky":false,"template":"","format":"standard","meta":{"ep_exclude_from_search":false,"p4_og_title":"","p4_og_description":"","p4_og_image":"","p4_og_image_id":"","p4_seo_canonical_url":"","p4_campaign_name":"","p4_local_project":"","p4_basket_name":"","p4_department":"","footnotes":""},"categories":[2],"tags":[53],"p4-page-type":[16],"class_list":["post-56524","post","type-post","status-publish","format-standard","has-post-thumbnail","hentry","category-klimat","tag-svenskpolitik","p4-page-type-artiklar"],"_links":{"self":[{"href":"https:\/\/www.greenpeace.org\/sweden\/wp-json\/wp\/v2\/posts\/56524","targetHints":{"allow":["GET"]}}],"collection":[{"href":"https:\/\/www.greenpeace.org\/sweden\/wp-json\/wp\/v2\/posts"}],"about":[{"href":"https:\/\/www.greenpeace.org\/sweden\/wp-json\/wp\/v2\/types\/post"}],"author":[{"embeddable":true,"href":"https:\/\/www.greenpeace.org\/sweden\/wp-json\/wp\/v2\/users\/103"}],"replies":[{"embeddable":true,"href":"https:\/\/www.greenpeace.org\/sweden\/wp-json\/wp\/v2\/comments?post=56524"}],"version-history":[{"count":1,"href":"https:\/\/www.greenpeace.org\/sweden\/wp-json\/wp\/v2\/posts\/56524\/revisions"}],"predecessor-version":[{"id":56525,"href":"https:\/\/www.greenpeace.org\/sweden\/wp-json\/wp\/v2\/posts\/56524\/revisions\/56525"}],"wp:featuredmedia":[{"embeddable":true,"href":"https:\/\/www.greenpeace.org\/sweden\/wp-json\/wp\/v2\/media\/55928"}],"wp:attachment":[{"href":"https:\/\/www.greenpeace.org\/sweden\/wp-json\/wp\/v2\/media?parent=56524"}],"wp:term":[{"taxonomy":"category","embeddable":true,"href":"https:\/\/www.greenpeace.org\/sweden\/wp-json\/wp\/v2\/categories?post=56524"},{"taxonomy":"post_tag","embeddable":true,"href":"https:\/\/www.greenpeace.org\/sweden\/wp-json\/wp\/v2\/tags?post=56524"},{"taxonomy":"p4-page-type","embeddable":true,"href":"https:\/\/www.greenpeace.org\/sweden\/wp-json\/wp\/v2\/p4-page-type?post=56524"}],"curies":[{"name":"wp","href":"https:\/\/api.w.org\/{rel}","templated":true}]}}