{"id":57632,"date":"2023-09-14T12:11:55","date_gmt":"2023-09-14T11:11:55","guid":{"rendered":"https:\/\/www.greenpeace.org\/sweden\/?p=57632"},"modified":"2023-12-19T14:26:02","modified_gmt":"2023-12-19T13:26:02","slug":"sverige-fortsatter-importera-rysk-gas-rattegang-mot-aktivister-som-forsokt-stoppa-den","status":"publish","type":"post","link":"https:\/\/www.greenpeace.org\/sweden\/pressmeddelanden\/energi\/sverige-fortsatter-importera-rysk-gas-rattegang-mot-aktivister-som-forsokt-stoppa-den\/","title":{"rendered":"Sverige forts\u00e4tter importera rysk gas &#8211; r\u00e4tteg\u00e5ng mot aktivister som f\u00f6rs\u00f6kt stoppa den"},"content":{"rendered":"\n<p><strong>Rysk gas som finansierar invasionen av Ukraina forts\u00e4tter att importeras till Sverige trots att det nu \u00e4r \u00f6ver ett och ett halvt \u00e5r sedan kriget startade. P\u00e5 tisdag h\u00e5lls den f\u00f6rsta av tv\u00e5 planerade r\u00e4tteg\u00e5ngar mot Greenpeace-aktivister som protesterat mot att regeringen inte agerat f\u00f6r att stoppa all import av rysk olja och gas. Efter ett EU-beslut om embargo stoppades importen av rysk olja till Sverige, men importen av rysk gas fortsatte. En granskning visade att Sverige, ett \u00e5r efter krigets start, hade fortsatt att importera rysk gas f\u00f6r <\/strong><a href=\"https:\/\/www.greenpeace.org\/sweden\/pressmeddelanden\/energi\/ett-ar-efter-kriget-startade-sveriges-gasimport-fran-ryssland-fortsatter\/\"><strong>n\u00e4rmare en miljard kronor<\/strong><\/a><strong>.<\/strong><\/p>\n\n<figure class=\"wp-block-image size-full\"><img loading=\"lazy\" decoding=\"async\" width=\"800\" height=\"600\" src=\"https:\/\/www.greenpeace.org\/static\/planet4-sweden-stateless\/2022\/05\/81e5d6f7-gp1sx8x8_web_size.jpg\" alt=\"Greenpeaceaktivister genomf\u00f6r en fredlig aktion i en kran intill riksdagen f\u00f6r ett Svenskt importstopp av rysk olja och gas.\" class=\"wp-image-51840\" srcset=\"https:\/\/www.greenpeace.org\/static\/planet4-sweden-stateless\/2022\/05\/81e5d6f7-gp1sx8x8_web_size.jpg 800w, https:\/\/www.greenpeace.org\/static\/planet4-sweden-stateless\/2022\/05\/81e5d6f7-gp1sx8x8_web_size-300x225.jpg 300w, https:\/\/www.greenpeace.org\/static\/planet4-sweden-stateless\/2022\/05\/81e5d6f7-gp1sx8x8_web_size-768x576.jpg 768w, https:\/\/www.greenpeace.org\/static\/planet4-sweden-stateless\/2022\/05\/81e5d6f7-gp1sx8x8_web_size-453x340.jpg 453w\" sizes=\"auto, (max-width: 800px) 100vw, 800px\" \/><figcaption class=\"wp-element-caption\">Greenpeaceaktivister genomf\u00f6r en fredlig aktion f\u00f6r ett Svenskt importstopp av rysk olja och gas i en byggkran vid riksdagen. Aktivisterna har bland annat monterat en 30 meter l\u00e5ng banderoll med budskapet \u201cPeople Want Peace &#8211; Stop Fuelling war\u201d. (c)Greenpeace<\/figcaption><\/figure>\n\n<p>\u2013 Att fossilgas som finansierar Rysslands krig fortfarande till\u00e5ts fl\u00f6da in till Sverige, ett och ett halvt \u00e5r efter att Putin inledde sin blodiga invasion av Ukraina, \u00e4r oacceptabelt. Det \u00e4r ett svek att man inte agerat och helt klippt banden med de ryska fossila br\u00e4nslen, s\u00e4ger<strong> Erika Bjureby, chef f\u00f6r Greenpeace i Sverige<\/strong>.<br><br>Riksdagen gav redan den f\u00f6rra regeringen<a href=\"https:\/\/www.riksdagen.se\/sv\/dokument-lagar\/arende\/betankande\/sveriges-energiforsorjning-och-import-av-rysk_H901NU27\"> ett tydligt uppdrag att stoppa all import av rysk energi till Sverige<\/a> och n\u00e4r den nuvarande regeringen satt i opposition var de tydliga med att det m\u00e5ste h\u00e4nda. Trots detta forts\u00e4tter leveranserna och det senaste tankfartyget med rysk flytande fossilgas anl\u00e4nde till Nyn\u00e4shamn s\u00e5 sent som <a href=\"https:\/\/x.com\/greenpeaceSE\/status\/1701141575844147633?s=20\">den 11 september<\/a>.<\/p>\n\n<p>R\u00e4tteg\u00e5ngen den 19 september r\u00f6r fyra aktivister som i en <a href=\"https:\/\/www.greenpeace.org\/sweden\/pressmeddelanden\/klimat\/klattrande-aktivister-vid-riksdagen-kraver-stopp-for-rysk-olja-och-gas\/\">fredsaktion den 31 mars 2022 h\u00e4ngde upp banderoller i en byggkran<\/a> intill riksdagen som syftade till att lyfta denna fr\u00e5ga och protestera mot Sveriges import av ryska fossila br\u00e4nslen som finansierar invasion av Ukraina. &nbsp;<br><br>\u2013 Jag deltog i fredsaktionen utanf\u00f6r riksdagen f\u00f6r att f\u00e5 politikerna och den d\u00e5varande regeringen att inse det orimliga i att Sverige genom att forts\u00e4tta importera ryska fossila br\u00e4nslen fyller p\u00e5 Rysslands krigskassa. Jag \u00e4r stolt \u00f6ver att ha varit med och f\u00f6rs\u00f6kt stoppa detta, och jag vet att vi har v\u00e4ldigt m\u00e5nga bakom oss. Inf\u00f6r r\u00e4tteg\u00e5ngen \u00e4r v\u00e5rt budskap till regeringen samma som det var till den f\u00f6rra \u2013 stoppa importen av alla ryska fossila br\u00e4nslen, s\u00e4ger <strong>Annalena Lohaus, medarbetare p\u00e5 Greenpeace och en av de fyra aktivister som \u00e4r \u00e5talade efter protesten utanf\u00f6r Rosenbad.<\/strong><\/p>\n\n<p>Greenpeace har sedan den fullskaliga invasionens start arbetat \u00f6ver hela Europa f\u00f6r att f\u00e5 ett slut p\u00e5 beroendet av fossil energi fr\u00e5n Ryssland och andra l\u00e4nder och ist\u00e4llet accelerera omst\u00e4llningen till h\u00e5llbar f\u00f6rnybar energi. I Sverige har dock varken den f\u00f6rra eller den nuvarande regeringen varit villiga att g\u00f6ra n\u00e5got ut\u00f6ver att f\u00f6lja de gemensamma beslut som fattats inom EU f\u00f6r att minska infl\u00f6det av fossila br\u00e4nslen fr\u00e5n Ryssland. Detta har regeringen gjort med h\u00e4nvisning till att EU b\u00f6r agera gemensamt. Men EU-l\u00e4nderna st\u00e5r fria att agera sj\u00e4lvst\u00e4ndigt och flera l\u00e4nder som Storbritannien och de baltiska staterna har f\u00f6rbjudit importerna \u00e4ven av rysk gas.<br>&nbsp; &nbsp;<br>\u2013 Fredsaktionen i kranen utanf\u00f6r riksdagen handlade om att uppm\u00e4rksamma den d\u00e5varande regeringen p\u00e5 infl\u00f6det av ryska fossila br\u00e4nslen och rikta ett krav om att de skulle agera f\u00f6r att stoppa dessa. Argumentet att Sverige inte kan stoppa alla ryska fossila br\u00e4nslen om inte hela EU g\u00f6r det har aldrig varit n\u00e5got annat \u00e4n en undanflykt, vilket ocks\u00e5 bevisas av de totalstopp som exempelvis Baltstaterna och Storbritannien inf\u00f6rt. Aktivisterna som kl\u00e4ttrade upp i kranen gjorde n\u00e5got viktigt och modigt och b\u00f6r hyllas f\u00f6r detta, s\u00e4ger <strong>Erika Bjureby<\/strong>.<\/p>\n\n<p><strong>Mer information:<\/strong><br><strong>R\u00e4tteg\u00e5ngen h\u00e5lls i Stockholms tingsr\u00e4tt, Sheelegatan 7, tisdag den 19 september kl. 09:00. <\/strong>Aktivisterna som deltog i fredsaktionen \u00e4r \u00e5talade f\u00f6r egenm\u00e4ktigt f\u00f6rfarande och olaga intr\u00e5ng. Innan r\u00e4tteg\u00e5ngen startar \u00e4r det \u00f6ppet f\u00f6r m\u00e4nniskor att samlas utanf\u00f6r tingsr\u00e4tten f\u00f6r att visa sitt st\u00f6d f\u00f6r aktivisterna och f\u00f6r att uppmana regeringen att stoppa infl\u00f6det av rysk fossilgas till Sverige.&nbsp;<\/p>\n\n<p>Ytterligare en r\u00e4tteg\u00e5ng, d\u00e5 mot Greenpeace-aktivister som deltog i <a href=\"https:\/\/www.greenpeace.org\/sweden\/pressmeddelanden\/greenpeace\/greenpeaceaktivister-stoppar-rysk-fossilgas-fran-att-lossas-i-nynashamn\/\">en annan fredsaktion utanf\u00f6r Nyn\u00e4shamn<\/a>, d\u00e4r de hindrade ett tankfartyg med rysk flytande fossilgas fr\u00e5n att l\u00e4gga till och pumpa i land gasen sker i h\u00f6st. Denna r\u00e4tteg\u00e5ng \u00e4r planerad att h\u00e5llas den 17 oktober.&nbsp;&nbsp;<\/p>\n\n<p><a href=\"https:\/\/www.greenpeace.org\/sweden\/om-oss\/civil-olydnad-och-vara-aktioner\/\">L\u00e4s mer om Greenpeace aktioner och syn p\u00e5 civil olydnad<\/a>&nbsp;<br><br><strong>Kontakt:<\/strong><br><strong>Erika Bjureby<\/strong>, chef f\u00f6r Greenpeace i Sverige, 073 062 25 67<br><strong>Ludvig Tillman<\/strong>, kommunikationsansvarig, 070-271 64 37<\/p>\n","protected":false},"excerpt":{"rendered":"<p>Rysk gas som finansierar invasionen av Ukraina forts\u00e4tter att importeras till Sverige. Snart inleds r\u00e4tteg\u00e5ngar mot Greenpeace-aktivister som f\u00f6rs\u00f6kt stoppa den.<\/p>\n","protected":false},"author":34,"featured_media":51840,"comment_status":"closed","ping_status":"closed","sticky":false,"template":"","format":"standard","meta":{"ep_exclude_from_search":false,"p4_og_title":"","p4_og_description":"","p4_og_image":"","p4_og_image_id":"","p4_seo_canonical_url":"","p4_campaign_name":"","p4_local_project":"","p4_basket_name":"","p4_department":"","footnotes":""},"categories":[45],"tags":[31,24,53],"p4-page-type":[14],"class_list":["post-57632","post","type-post","status-publish","format-standard","has-post-thumbnail","hentry","category-energi","tag-aktivism","tag-fossilenergi","tag-svenskpolitik","p4-page-type-pressmeddelanden"],"_links":{"self":[{"href":"https:\/\/www.greenpeace.org\/sweden\/wp-json\/wp\/v2\/posts\/57632","targetHints":{"allow":["GET"]}}],"collection":[{"href":"https:\/\/www.greenpeace.org\/sweden\/wp-json\/wp\/v2\/posts"}],"about":[{"href":"https:\/\/www.greenpeace.org\/sweden\/wp-json\/wp\/v2\/types\/post"}],"author":[{"embeddable":true,"href":"https:\/\/www.greenpeace.org\/sweden\/wp-json\/wp\/v2\/users\/34"}],"replies":[{"embeddable":true,"href":"https:\/\/www.greenpeace.org\/sweden\/wp-json\/wp\/v2\/comments?post=57632"}],"version-history":[{"count":1,"href":"https:\/\/www.greenpeace.org\/sweden\/wp-json\/wp\/v2\/posts\/57632\/revisions"}],"predecessor-version":[{"id":57633,"href":"https:\/\/www.greenpeace.org\/sweden\/wp-json\/wp\/v2\/posts\/57632\/revisions\/57633"}],"wp:featuredmedia":[{"embeddable":true,"href":"https:\/\/www.greenpeace.org\/sweden\/wp-json\/wp\/v2\/media\/51840"}],"wp:attachment":[{"href":"https:\/\/www.greenpeace.org\/sweden\/wp-json\/wp\/v2\/media?parent=57632"}],"wp:term":[{"taxonomy":"category","embeddable":true,"href":"https:\/\/www.greenpeace.org\/sweden\/wp-json\/wp\/v2\/categories?post=57632"},{"taxonomy":"post_tag","embeddable":true,"href":"https:\/\/www.greenpeace.org\/sweden\/wp-json\/wp\/v2\/tags?post=57632"},{"taxonomy":"p4-page-type","embeddable":true,"href":"https:\/\/www.greenpeace.org\/sweden\/wp-json\/wp\/v2\/p4-page-type?post=57632"}],"curies":[{"name":"wp","href":"https:\/\/api.w.org\/{rel}","templated":true}]}}