{"id":57808,"date":"2023-10-05T16:35:15","date_gmt":"2023-10-05T15:35:15","guid":{"rendered":"https:\/\/www.greenpeace.org\/sweden\/?p=57808"},"modified":"2023-10-05T16:35:20","modified_gmt":"2023-10-05T15:35:20","slug":"krislage-i-amazonas-svar-torka-hotar-manniskor-och-djur","status":"publish","type":"post","link":"https:\/\/www.greenpeace.org\/sweden\/artiklar\/skog\/krislage-i-amazonas-svar-torka-hotar-manniskor-och-djur\/","title":{"rendered":"Krisl\u00e4ge i Amazonas &#8211; sv\u00e5r torka hotar m\u00e4nniskor och djur"},"content":{"rendered":"\n<figure class=\"wp-block-image size-full\"><img loading=\"lazy\" decoding=\"async\" width=\"800\" height=\"533\" src=\"https:\/\/www.greenpeace.org\/static\/planet4-sweden-stateless\/2023\/10\/5b6ac1b6-gp0stxuyf_web_size.jpg\" alt=\"\" class=\"wp-image-57809\" srcset=\"https:\/\/www.greenpeace.org\/static\/planet4-sweden-stateless\/2023\/10\/5b6ac1b6-gp0stxuyf_web_size.jpg 800w, https:\/\/www.greenpeace.org\/static\/planet4-sweden-stateless\/2023\/10\/5b6ac1b6-gp0stxuyf_web_size-300x200.jpg 300w, https:\/\/www.greenpeace.org\/static\/planet4-sweden-stateless\/2023\/10\/5b6ac1b6-gp0stxuyf_web_size-768x512.jpg 768w, https:\/\/www.greenpeace.org\/static\/planet4-sweden-stateless\/2023\/10\/5b6ac1b6-gp0stxuyf_web_size-510x340.jpg 510w\" sizes=\"auto, (max-width: 800px) 100vw, 800px\" \/><figcaption class=\"wp-element-caption\">Manacapuru-floden i Amazonas. Det l\u00e5ga vattenniv\u00e5erna tillsammans med h\u00f6ga temperaturer \u2013\u00a0p\u00e5 sina h\u00e5ll \u00f6ver 39 grader i vattnet \u2013 har lett till\u00a0massd\u00f6d bland delfiner och fiskar. Foto: Marizilda Cruppe \/ Greenpeace<\/figcaption><\/figure>\n\n<p>Br\u00e4nderna i v\u00e4rldens st\u00f6rsta regnskog har minskat med 36 procent i \u00e5r, men Amazonas har ist\u00e4llet drabbats av sv\u00e5r torka. Torkan i kombination med r\u00f6ken fr\u00e5n skogsbr\u00e4nder orsakar f\u00f6r n\u00e4rvarande en stor humanit\u00e4r kris och massd\u00f6d av delfiner och fiskar i regionen.<\/p>\n\n<p>Enligt data fr\u00e5n Brasiliens nationella rymdforskningsinstitut (INPE) har br\u00e4nderna i Amazonas minskat med 36 procent i september j\u00e4mf\u00f6rt med samma m\u00e5nad 2022. Tyv\u00e4rr finns det inga anledningar att fira. Trots minskningen, t\u00e4cks regionen nu av r\u00f6k i alarmerande niv\u00e5er och sv\u00e5r torka r\u00e5der i st\u00f6rre delen av Amazonas. N\u00f6dl\u00e4ge \u00e4r utlyst och i skrivande stund hotas fler \u00e4n 170 000 m\u00e4nniskor av brist p\u00e5 mat och dricksvatten. Lokala forskare menar att detta kan vara den v\u00e4rsta torkan i Amazonas historia, med stora floder som torkar ut till rekordl\u00e5ga niv\u00e5er.<\/p>\n\n<p>\u00a0\u2013 Den extrema torkan i norra Brasilien \u00e4r en humanit\u00e4r kris som drabbar hundratusentals m\u00e4nniskor och ber\u00e4knas p\u00e5g\u00e5 till november. Det vi upplever nu \u00e4r konsekvenserna av klimatkrisen som, kombinerat med \u00e5rets El Ni\u00f1o, skapar allt varmare temperaturer. Det \u00e4r oacceptabelt att anlagda br\u00e4nder och illegal avskogning sker samtidigt som m\u00e4nniskor och djur lider av hetta och torka. Regeringen m\u00e5ste agera f\u00f6r att stoppa, ist\u00e4llet f\u00f6r att uppmuntra de destruktiva industrier som exempelvis sysslar med gruvdrift i urfolkens landomr\u00e5den eller hugger ner regnskog f\u00f6r att anv\u00e4nda som betesmark, s\u00e4ger R\u00f4mulo Batista, talesperson f\u00f6r Greenpeace i Brasilien.<\/p>\n\n<figure class=\"wp-block-image size-full\"><img loading=\"lazy\" decoding=\"async\" width=\"800\" height=\"533\" src=\"https:\/\/www.greenpeace.org\/static\/planet4-sweden-stateless\/2023\/10\/c02cb2e9-gp0stxv99_web_size.jpg\" alt=\"\" class=\"wp-image-57810\" srcset=\"https:\/\/www.greenpeace.org\/static\/planet4-sweden-stateless\/2023\/10\/c02cb2e9-gp0stxv99_web_size.jpg 800w, https:\/\/www.greenpeace.org\/static\/planet4-sweden-stateless\/2023\/10\/c02cb2e9-gp0stxv99_web_size-300x200.jpg 300w, https:\/\/www.greenpeace.org\/static\/planet4-sweden-stateless\/2023\/10\/c02cb2e9-gp0stxv99_web_size-768x512.jpg 768w, https:\/\/www.greenpeace.org\/static\/planet4-sweden-stateless\/2023\/10\/c02cb2e9-gp0stxv99_web_size-510x340.jpg 510w\" sizes=\"auto, (max-width: 800px) 100vw, 800px\" \/><figcaption class=\"wp-element-caption\">Foto: Marizilda Cruppe \/ Greenpeace<\/figcaption><\/figure>\n\n<p>I till\u00e4gg till den humanit\u00e4ra krisen har djurlivet drabbats h\u00e5rt av torkan och hettan. Det l\u00e5ga vattnet kombinerat med h\u00f6ga temperaturer \u2013 p\u00e5 sina h\u00e5ll \u00e4r det \u00f6ver 39 grader i vattnet \u2013 har lett till <a href=\"https:\/\/www.dw.com\/en\/brazil-dramatic-drought-in-the-amazon\/g-66956604\">massd\u00f6d bland fiskar<\/a>. Nu har \u00e4ven \u00f6ver 120 delfiner hittats d\u00f6da i sj\u00f6n Tef\u00e9.<\/p>\n\n<p>I krisl\u00e4get som r\u00e5der nu har Greenpeace startat en global insamlingskampanj f\u00f6r att lansera en s\u00e5 kallad \u201crapid response plan\u201d. V\u00e5r plan best\u00e5r av tre huvudsakliga delar:<\/p>\n\n<ol class=\"wp-block-list\">\n<li class=\"has-medium-font-size\"><strong>Dokumentation<\/strong><\/li>\n<\/ol>\n\n<p>V\u00e5rt m\u00e5l \u00e4r att dokumentera den p\u00e5g\u00e5ende krisen f\u00f6r att visa omv\u00e4rlden hur omfattande katastrofen \u00e4r.<\/p>\n\n<ol class=\"wp-block-list\" start=\"2\">\n<li class=\"has-medium-font-size\"><strong>St\u00f6tta projekt f\u00f6r att r\u00e4dda det drabbade djurlivet i Amazonas (Boto Coalition)<\/strong><\/li>\n<\/ol>\n\n<p>Ett n\u00e4tverk av organisationer har bildats f\u00f6r att skydda den biologiska m\u00e5ngfalden i Amazonas floderna under den p\u00e5g\u00e5ende krisen, s\u00e4rskilt fiskarna och delfinerna i Tef\u00e9-regionen som har drabbats allra h\u00e5rdast. Koalitionen har f\u00e5tt namnet Boto Coalition (boto \u00e4r det portugisiska namnet p\u00e5 floddelfiner), och inkluderar b\u00e5de WWF och andra partners till Greenpeace i Brasilien.<\/p>\n\n<p>Vi st\u00f6ttar Boto coalitions arbete och l\u00e5nar bland annat ut v\u00e5ra flygplan till projektet. Dessa anv\u00e4nds bland annat f\u00f6r att transportera&nbsp; biologer, veterin\u00e4rer och forskare till Tef\u00e9 och n\u00e4rliggande omr\u00e5den. Vi levererar \u00e4ven utrustning som beh\u00f6vs i arbetet f\u00f6r att r\u00e4dda skadade djur.<\/p>\n\n<ol class=\"wp-block-list\" start=\"3\">\n<li class=\"has-medium-font-size\"><strong>Humanit\u00e4r hj\u00e4lp<\/strong><\/li>\n<\/ol>\n\n<p>Vi har \u00e5terupptagit <a href=\"https:\/\/www.greenpeace.org\/sweden\/artiklar\/klimat\/coronakrisen-forvarras-i-amazonas-greenpeace-aterupptar-raddningsinsatserna\/\">&nbsp;\u201cWings of emergency\u201d <\/a>som var namnet p\u00e5 v\u00e5ra r\u00e4ddningsinsatser under coronapandemin d\u00e4r vi anv\u00e4nde v\u00e5ra flygplan till att leverera \u00f6ver 150 ton f\u00f6rn\u00f6denheter \u00f6ver hela Amazonas. Tillsammans med v\u00e5ra partnerorganisationer f\u00f6rser vi nu isolerade samh\u00e4llen med byggmaterial, mat och vatten och andra f\u00f6rn\u00f6denheter till de isolerade samh\u00e4llen som drabbats av torkan.&nbsp;<\/p>\n\n<p>L\u00e4get i Amazonas \u00e4r mer akut \u00e4n n\u00e5gonsin och hundratusentals m\u00e4nniskor och djur lider just nu av den extrema torkan. Greenpeace \u00e4r p\u00e5 plats och vi g\u00f6r allt vi kan, men vi beh\u00f6ver din hj\u00e4lp. Det b\u00e4sta s\u00e4ttet att hj\u00e4lpa v\u00e5rt arbete \u00e4r att<a href=\"https:\/\/stod.greenpeace.org\/b?cid=20&amp;lang=se_SE\"> bli m\u00e5nadsgivare <\/a>s\u00e5 att vi kan planera v\u00e5rt r\u00e4ddningsarbete b\u00e5de p\u00e5 kort och l\u00e5ng sikt. Du kan \u00e4ven swisha valfritt bidrag <a href=\"https:\/\/greenpeace.adoveo.com\/start\/TWpoaFpHOTJaVzg9\/?location=View\">h\u00e4r.<\/a> Tack f\u00f6r ditt st\u00f6d!<\/p>\n","protected":false},"excerpt":{"rendered":"<p>Br\u00e4nderna i v\u00e4rldens st\u00f6rsta regnskog har minskat med 36 procent i \u00e5r, men Amazonas har ist\u00e4llet drabbats av sv\u00e5r torka. Torkan i kombination med r\u00f6ken fr\u00e5n skogsbr\u00e4nder orsakar f\u00f6r n\u00e4rvarande en stor humanit\u00e4r kris och massd\u00f6d av delfiner och fiskar i regionen.<\/p>\n","protected":false},"author":36,"featured_media":57809,"comment_status":"closed","ping_status":"closed","sticky":false,"template":"","format":"standard","meta":{"ep_exclude_from_search":false,"p4_og_title":"","p4_og_description":"","p4_og_image":"","p4_og_image_id":"","p4_seo_canonical_url":"","p4_campaign_name":"","p4_local_project":"","p4_basket_name":"","p4_department":"","footnotes":""},"categories":[22],"tags":[47],"p4-page-type":[16],"class_list":["post-57808","post","type-post","status-publish","format-standard","has-post-thumbnail","hentry","category-skog","tag-regnskog","p4-page-type-artiklar"],"_links":{"self":[{"href":"https:\/\/www.greenpeace.org\/sweden\/wp-json\/wp\/v2\/posts\/57808","targetHints":{"allow":["GET"]}}],"collection":[{"href":"https:\/\/www.greenpeace.org\/sweden\/wp-json\/wp\/v2\/posts"}],"about":[{"href":"https:\/\/www.greenpeace.org\/sweden\/wp-json\/wp\/v2\/types\/post"}],"author":[{"embeddable":true,"href":"https:\/\/www.greenpeace.org\/sweden\/wp-json\/wp\/v2\/users\/36"}],"replies":[{"embeddable":true,"href":"https:\/\/www.greenpeace.org\/sweden\/wp-json\/wp\/v2\/comments?post=57808"}],"version-history":[{"count":1,"href":"https:\/\/www.greenpeace.org\/sweden\/wp-json\/wp\/v2\/posts\/57808\/revisions"}],"predecessor-version":[{"id":57811,"href":"https:\/\/www.greenpeace.org\/sweden\/wp-json\/wp\/v2\/posts\/57808\/revisions\/57811"}],"wp:featuredmedia":[{"embeddable":true,"href":"https:\/\/www.greenpeace.org\/sweden\/wp-json\/wp\/v2\/media\/57809"}],"wp:attachment":[{"href":"https:\/\/www.greenpeace.org\/sweden\/wp-json\/wp\/v2\/media?parent=57808"}],"wp:term":[{"taxonomy":"category","embeddable":true,"href":"https:\/\/www.greenpeace.org\/sweden\/wp-json\/wp\/v2\/categories?post=57808"},{"taxonomy":"post_tag","embeddable":true,"href":"https:\/\/www.greenpeace.org\/sweden\/wp-json\/wp\/v2\/tags?post=57808"},{"taxonomy":"p4-page-type","embeddable":true,"href":"https:\/\/www.greenpeace.org\/sweden\/wp-json\/wp\/v2\/p4-page-type?post=57808"}],"curies":[{"name":"wp","href":"https:\/\/api.w.org\/{rel}","templated":true}]}}