{"id":58019,"date":"2023-10-17T18:00:00","date_gmt":"2023-10-17T17:00:00","guid":{"rendered":"https:\/\/www.greenpeace.org\/sweden\/?p=58019"},"modified":"2023-12-19T14:27:48","modified_gmt":"2023-12-19T13:27:48","slug":"greenpeace-aktivister-som-stoppade-tankfartyg-av-rysk-gas-fallda-av-oenig-tingsratt","status":"publish","type":"post","link":"https:\/\/www.greenpeace.org\/sweden\/pressmeddelanden\/greenpeace\/greenpeace-aktivister-som-stoppade-tankfartyg-av-rysk-gas-fallda-av-oenig-tingsratt\/","title":{"rendered":"Greenpeace-aktivister som stoppade tankfartyg av rysk gas f\u00e4llda av oenig tingsr\u00e4tt"},"content":{"rendered":"\n<figure class=\"wp-block-image size-large\"><img loading=\"lazy\" decoding=\"async\" width=\"1024\" height=\"683\" src=\"https:\/\/www.greenpeace.org\/static\/planet4-sweden-stateless\/2023\/10\/86c10771-gp1szvji-1024x683.jpg\" alt=\"\" class=\"wp-image-58022\" srcset=\"https:\/\/www.greenpeace.org\/static\/planet4-sweden-stateless\/2023\/10\/86c10771-gp1szvji-1024x683.jpg 1024w, https:\/\/www.greenpeace.org\/static\/planet4-sweden-stateless\/2023\/10\/86c10771-gp1szvji-300x200.jpg 300w, https:\/\/www.greenpeace.org\/static\/planet4-sweden-stateless\/2023\/10\/86c10771-gp1szvji-768x512.jpg 768w, https:\/\/www.greenpeace.org\/static\/planet4-sweden-stateless\/2023\/10\/86c10771-gp1szvji-1536x1024.jpg 1536w, https:\/\/www.greenpeace.org\/static\/planet4-sweden-stateless\/2023\/10\/86c10771-gp1szvji-2048x1366.jpg 2048w, https:\/\/www.greenpeace.org\/static\/planet4-sweden-stateless\/2023\/10\/86c10771-gp1szvji-510x340.jpg 510w\" sizes=\"auto, (max-width: 1024px) 100vw, 1024px\" \/><figcaption class=\"wp-element-caption\">Aktivister fr\u00e5n Greenpeace blockerar en leverans av rysk fossilgas i Nyn\u00e4shamn den 8 september 2022.<\/figcaption><\/figure>\n\n<p>Den 17 oktober 2023 h\u00f6lls r\u00e4tteg\u00e5ngen i S\u00f6dert\u00f6rns tingsr\u00e4tt f\u00f6r fyra av de Greenpeace-aktivister som stoppade ett tankfartyg med rysk gas fr\u00e5n att lasta av i Nyn\u00e4shamn f\u00f6r drygt ett \u00e5r sedan. Samtliga aktivister ans\u00e5g att deras handlingar inte skulle ses som ett brott utan utgjorde n\u00f6dv\u00e4rn eftersom de stoppade ett st\u00f6rre brott fr\u00e5n att beg\u00e5s genom att hindra gastransporten och d\u00e4rmed finansiering av Rysslands krigf\u00f6ring i Ukraina.<br><br>De <a href=\"https:\/\/www.greenpeace.org\/static\/planet4-sweden-stateless\/2023\/10\/345f4be4-crea-letter-for-court-case-on-swedish-lng.pdf\">bevis<\/a> fr\u00e5n forskningsinstitutet CREA och den argumentering som lades fram av f\u00f6rsvaret om att gastransporten som aktivisterna stoppade och Sveriges import av rysk gas generellt, direkt finansierar Rysslands krigf\u00f6ring bestreds varken av r\u00e4tten eller \u00e5klagare.&nbsp; &nbsp;<br><br>En dom avkunnades strax efter f\u00f6rhandlingarna. En av n\u00e4mndem\u00e4nnen ville frik\u00e4nna samtliga aktivister med h\u00e4nvisning till n\u00f6dv\u00e4rnsr\u00e4tten och att \u201chindrande av finansiering av ryska krigsbrott\u201d b\u00f6r vara till\u00e5ten i det h\u00e4r fallet. Men majoriteten av tingsr\u00e4tten d\u00f6mde \u00e4nd\u00e5 aktivisterna till 40 dagsb\u00f6ter f\u00f6r olaga intr\u00e5ng och egenm\u00e4ktigt f\u00f6rfarande.&nbsp;<br><br>\u2013 Att domstolen inte \u00e4r eniga i att d\u00f6ma aktivisterna \u00e4r ovanligt i ett m\u00e5l av denna typ. Kriget i Ukraina v\u00e4cker starka k\u00e4nslor och det finns ett starkt st\u00f6d f\u00f6r aktioner som sker f\u00f6r att stoppa de ryska p\u00e5g\u00e5ende krigsbrotten. Jag anser att aktionen b\u00f6r kunna omfattas av n\u00f6dv\u00e4rnsr\u00e4tten. Det m\u00e5ste finnas ett lagligt utrymme att agera mot \u00e4ven finansieringen av allvarliga krigsbrott \u00e4ven om det enbart inneb\u00e4r att pengafl\u00f6det enbart f\u00f6rsenas eller hindras tillf\u00e4lligt, s\u00e4ger <strong>Tomas Fridh<\/strong>, advokat p\u00e5 Fridh Advokatbyr\u00e5 i G\u00f6teborg och f\u00f6rsvarare f\u00f6r Greenpeace-aktivisterna efter tingsr\u00e4ttens dom.<br><br>Aktivisterna \u00f6verv\u00e4ger nu om de kommer att \u00f6verklaga domen. &nbsp;<\/p>\n\n<figure class=\"wp-block-image size-large\"><img loading=\"lazy\" decoding=\"async\" width=\"1024\" height=\"760\" src=\"https:\/\/www.greenpeace.org\/static\/planet4-sweden-stateless\/2023\/10\/3b171355-gasum-huddinge-1024x760.jpg\" alt=\"\" class=\"wp-image-58021\" srcset=\"https:\/\/www.greenpeace.org\/static\/planet4-sweden-stateless\/2023\/10\/3b171355-gasum-huddinge-1024x760.jpg 1024w, https:\/\/www.greenpeace.org\/static\/planet4-sweden-stateless\/2023\/10\/3b171355-gasum-huddinge-300x223.jpg 300w, https:\/\/www.greenpeace.org\/static\/planet4-sweden-stateless\/2023\/10\/3b171355-gasum-huddinge-768x570.jpg 768w, https:\/\/www.greenpeace.org\/static\/planet4-sweden-stateless\/2023\/10\/3b171355-gasum-huddinge-1536x1141.jpg 1536w, https:\/\/www.greenpeace.org\/static\/planet4-sweden-stateless\/2023\/10\/3b171355-gasum-huddinge-2048x1521.jpg 2048w, https:\/\/www.greenpeace.org\/static\/planet4-sweden-stateless\/2023\/10\/3b171355-gasum-huddinge-1839x1366.jpg 1839w, https:\/\/www.greenpeace.org\/static\/planet4-sweden-stateless\/2023\/10\/3b171355-gasum-huddinge-458x340.jpg 458w\" sizes=\"auto, (max-width: 1024px) 100vw, 1024px\" \/><figcaption class=\"wp-element-caption\"><em>De fyra aktivisterna utanf\u00f6r S\u00f6dert\u00f6rns tingstr\u00e4tt i Huddinge.<\/em><\/figcaption><\/figure>\n\n<p>Se pressmeddelande fr\u00e5n morgonen som ger hela bakgrunden till aktionen:<br><a href=\"https:\/\/www.greenpeace.org\/sweden\/pressmeddelanden\/energi\/bor-aktivister-som-stoppat-rysk-gas-straffas-rattegang-idag\/\">https:\/\/www.greenpeace.org\/sweden\/pressmeddelanden\/energi\/bor-aktivister-som-stoppat-rysk-gas-straffas-rattegang-idag\/<br><br><\/a><strong>Kontakt:<\/strong><br>Tomas Fridh, advokat p\u00e5 Fridh Advokatbyr\u00e5 i G\u00f6teborg och f\u00f6rsvarare f\u00f6r Greenpeace-aktivisterna, 031\u201363 11 91<\/p>\n","protected":false},"excerpt":{"rendered":"<p>Idag h\u00f6lls r\u00e4tteg\u00e5ngen i S\u00f6dert\u00f6rns tingsr\u00e4tt f\u00f6r fyra av de Greenpeace-aktivister som stoppade ett tankfartyg med rysk gas fr\u00e5n att lasta av i Nyn\u00e4shamn f\u00f6r drygt ett&hellip;<\/p>\n","protected":false},"author":34,"featured_media":58021,"comment_status":"closed","ping_status":"closed","sticky":false,"template":"","format":"standard","meta":{"ep_exclude_from_search":false,"p4_og_title":"","p4_og_description":"","p4_og_image":"","p4_og_image_id":"","p4_seo_canonical_url":"","p4_campaign_name":"","p4_local_project":"","p4_basket_name":"","p4_department":"","footnotes":""},"categories":[45,71,1,2],"tags":[31,24],"p4-page-type":[14],"class_list":["post-58019","post","type-post","status-publish","format-standard","has-post-thumbnail","hentry","category-energi","category-fred","category-greenpeace","category-klimat","tag-aktivism","tag-fossilenergi","p4-page-type-pressmeddelanden"],"_links":{"self":[{"href":"https:\/\/www.greenpeace.org\/sweden\/wp-json\/wp\/v2\/posts\/58019","targetHints":{"allow":["GET"]}}],"collection":[{"href":"https:\/\/www.greenpeace.org\/sweden\/wp-json\/wp\/v2\/posts"}],"about":[{"href":"https:\/\/www.greenpeace.org\/sweden\/wp-json\/wp\/v2\/types\/post"}],"author":[{"embeddable":true,"href":"https:\/\/www.greenpeace.org\/sweden\/wp-json\/wp\/v2\/users\/34"}],"replies":[{"embeddable":true,"href":"https:\/\/www.greenpeace.org\/sweden\/wp-json\/wp\/v2\/comments?post=58019"}],"version-history":[{"count":5,"href":"https:\/\/www.greenpeace.org\/sweden\/wp-json\/wp\/v2\/posts\/58019\/revisions"}],"predecessor-version":[{"id":58027,"href":"https:\/\/www.greenpeace.org\/sweden\/wp-json\/wp\/v2\/posts\/58019\/revisions\/58027"}],"wp:featuredmedia":[{"embeddable":true,"href":"https:\/\/www.greenpeace.org\/sweden\/wp-json\/wp\/v2\/media\/58021"}],"wp:attachment":[{"href":"https:\/\/www.greenpeace.org\/sweden\/wp-json\/wp\/v2\/media?parent=58019"}],"wp:term":[{"taxonomy":"category","embeddable":true,"href":"https:\/\/www.greenpeace.org\/sweden\/wp-json\/wp\/v2\/categories?post=58019"},{"taxonomy":"post_tag","embeddable":true,"href":"https:\/\/www.greenpeace.org\/sweden\/wp-json\/wp\/v2\/tags?post=58019"},{"taxonomy":"p4-page-type","embeddable":true,"href":"https:\/\/www.greenpeace.org\/sweden\/wp-json\/wp\/v2\/p4-page-type?post=58019"}],"curies":[{"name":"wp","href":"https:\/\/api.w.org\/{rel}","templated":true}]}}