{"id":58401,"date":"2023-11-13T09:32:40","date_gmt":"2023-11-13T08:32:40","guid":{"rendered":"https:\/\/www.greenpeace.org\/sweden\/?p=58401"},"modified":"2023-11-13T09:32:43","modified_gmt":"2023-11-13T08:32:43","slug":"debatt-leverera-klimatpolitik-eller-avga-ministern","status":"publish","type":"post","link":"https:\/\/www.greenpeace.org\/sweden\/artiklar\/klimat\/debatt-leverera-klimatpolitik-eller-avga-ministern\/","title":{"rendered":"Debatt: Leverera klimatpolitik eller avg\u00e5, ministern"},"content":{"rendered":"\n<h2 class=\"wp-block-heading\">Efter din handlingsplan g\u00e5r det inte att smita undan l\u00e4ngre<\/h2>\n\n<p><strong>Inom kort ska regeringen presentera sin klimatpolitiska handlingsplan. Risken f\u00f6r att den kommer att likna mer av en klimatpolitisk devalveringsplan \u00e4r dock \u00f6verh\u00e4ngande stor. Om regeringen inte sitter p\u00e5 ett ess i rock\u00e4rmen och i st\u00e4llet slopar eller f\u00f6rsvagar klimatm\u00e5len b\u00f6r milj\u00f6minister\u00a0Romina Pourmokhtari\u00a0leva upp till sitt tidigare l\u00f6fte om att avg\u00e5, skriver vi i <a href=\"https:\/\/www.aftonbladet.se\/debatt\/a\/8Jd871\/greenpeace-leverera-klimatpolitik-eller-avga-ministern\" target=\"_blank\" rel=\"noreferrer noopener\">Aftonbladet Debatt.<\/a><\/strong><\/p>\n\n<p>Hur regeringen t\u00e4nker n\u00e5 klimatm\u00e5len har l\u00e4nge varit h\u00f6ljt i dunkel. Regeringen \u00e4r medveten om att nuvarande politik leder till \u00f6kade utsl\u00e4pp och missade klimatm\u00e5l. Det redog\u00f6r regeringen sj\u00e4lv f\u00f6r i h\u00f6stbudgeten.<\/p>\n\n<p>Likv\u00e4l har svaret alltid varit att regeringen ska \u00e5terkomma i fr\u00e5gan n\u00e4r den klimatpolitiska handlingsplanen presenteras. S\u00e5 har det l\u00e5tit i \u00f6ver ett \u00e5r n\u00e4r kritiska fr\u00e5gor om \u00f6kade utsl\u00e4pp och klimatm\u00e5len har st\u00e4llts. Vi \u00e5terkommer, ni f\u00e5r v\u00e4nta, ha t\u00e5lamod.<\/p>\n\n<p>Nu \u00e4r november m\u00e5nad h\u00e4r och tiden har hunnit ikapp. Det \u00e4r bara en tidsfr\u00e5ga innan handlingsplanen ska presenteras och regeringen tvingas l\u00e4gga korten p\u00e5 bordet efter att ha tr\u00e4ngt in sig i ett h\u00f6rn.<\/p>\n\n<p>Om regeringen inte sitter p\u00e5 ett ess i rock\u00e4rmen, verkar en smakl\u00f6s v\u00e4g ur ett fundamentalt misslyckande att n\u00e5 klimatm\u00e5len ligga n\u00e4ra till hands.<\/p>\n\n<p>L\u00e4s hela debattartikeln i <a href=\"https:\/\/www.aftonbladet.se\/debatt\/a\/8Jd871\/greenpeace-leverera-klimatpolitik-eller-avga-ministern\" target=\"_blank\" rel=\"noreferrer noopener\">Aftonbladet.<\/a><\/p>\n","protected":false},"excerpt":{"rendered":"<p>Inom kort ska regeringen presentera sin klimatpolitiska handlingsplan. Om regeringen inte sitter p\u00e5 ett ess i rock\u00e4rmen och i st\u00e4llet slopar eller f\u00f6rsvagar klimatm\u00e5len b\u00f6r milj\u00f6minister\u00a0Romina Pourmokhtari\u00a0leva upp till sitt tidigare l\u00f6fte om att avg\u00e5, skriver vi i Aftonbladet Debatt.<\/p>\n","protected":false},"author":103,"featured_media":55051,"comment_status":"closed","ping_status":"closed","sticky":false,"template":"","format":"standard","meta":{"ep_exclude_from_search":false,"p4_og_title":"","p4_og_description":"","p4_og_image":"","p4_og_image_id":"","p4_seo_canonical_url":"","p4_campaign_name":"","p4_local_project":"","p4_basket_name":"Climate &amp; Energy","p4_department":"","footnotes":""},"categories":[2],"tags":[23,53,24],"p4-page-type":[16],"class_list":["post-58401","post","type-post","status-publish","format-standard","has-post-thumbnail","hentry","category-klimat","tag-globaluppvarmning","tag-svenskpolitik","tag-fossilenergi","p4-page-type-artiklar"],"_links":{"self":[{"href":"https:\/\/www.greenpeace.org\/sweden\/wp-json\/wp\/v2\/posts\/58401","targetHints":{"allow":["GET"]}}],"collection":[{"href":"https:\/\/www.greenpeace.org\/sweden\/wp-json\/wp\/v2\/posts"}],"about":[{"href":"https:\/\/www.greenpeace.org\/sweden\/wp-json\/wp\/v2\/types\/post"}],"author":[{"embeddable":true,"href":"https:\/\/www.greenpeace.org\/sweden\/wp-json\/wp\/v2\/users\/103"}],"replies":[{"embeddable":true,"href":"https:\/\/www.greenpeace.org\/sweden\/wp-json\/wp\/v2\/comments?post=58401"}],"version-history":[{"count":1,"href":"https:\/\/www.greenpeace.org\/sweden\/wp-json\/wp\/v2\/posts\/58401\/revisions"}],"predecessor-version":[{"id":58404,"href":"https:\/\/www.greenpeace.org\/sweden\/wp-json\/wp\/v2\/posts\/58401\/revisions\/58404"}],"wp:featuredmedia":[{"embeddable":true,"href":"https:\/\/www.greenpeace.org\/sweden\/wp-json\/wp\/v2\/media\/55051"}],"wp:attachment":[{"href":"https:\/\/www.greenpeace.org\/sweden\/wp-json\/wp\/v2\/media?parent=58401"}],"wp:term":[{"taxonomy":"category","embeddable":true,"href":"https:\/\/www.greenpeace.org\/sweden\/wp-json\/wp\/v2\/categories?post=58401"},{"taxonomy":"post_tag","embeddable":true,"href":"https:\/\/www.greenpeace.org\/sweden\/wp-json\/wp\/v2\/tags?post=58401"},{"taxonomy":"p4-page-type","embeddable":true,"href":"https:\/\/www.greenpeace.org\/sweden\/wp-json\/wp\/v2\/p4-page-type?post=58401"}],"curies":[{"name":"wp","href":"https:\/\/api.w.org\/{rel}","templated":true}]}}