{"id":58429,"date":"2023-11-16T15:27:16","date_gmt":"2023-11-16T14:27:16","guid":{"rendered":"https:\/\/www.greenpeace.org\/sweden\/?p=58429"},"modified":"2023-12-19T14:28:33","modified_gmt":"2023-12-19T13:28:33","slug":"greenpeace-kommenterar-dagens-utspel-fran-regeringen-och-sd-om-ny-karnkraft","status":"publish","type":"post","link":"https:\/\/www.greenpeace.org\/sweden\/pressmeddelanden\/energi\/greenpeace-kommenterar-dagens-utspel-fran-regeringen-och-sd-om-ny-karnkraft\/","title":{"rendered":"Greenpeace kommenterar dagens utspel fr\u00e5n regeringen och SD om ny k\u00e4rnkraft"},"content":{"rendered":"\n<figure class=\"wp-block-image size-full\"><img loading=\"lazy\" decoding=\"async\" width=\"800\" height=\"533\" src=\"https:\/\/www.greenpeace.org\/static\/planet4-sweden-stateless\/2023\/10\/3f397481-gp1swrbr_web_size.jpg\" alt=\"\" class=\"wp-image-57798\" srcset=\"https:\/\/www.greenpeace.org\/static\/planet4-sweden-stateless\/2023\/10\/3f397481-gp1swrbr_web_size.jpg 800w, https:\/\/www.greenpeace.org\/static\/planet4-sweden-stateless\/2023\/10\/3f397481-gp1swrbr_web_size-300x200.jpg 300w, https:\/\/www.greenpeace.org\/static\/planet4-sweden-stateless\/2023\/10\/3f397481-gp1swrbr_web_size-768x512.jpg 768w, https:\/\/www.greenpeace.org\/static\/planet4-sweden-stateless\/2023\/10\/3f397481-gp1swrbr_web_size-510x340.jpg 510w\" sizes=\"auto, (max-width: 800px) 100vw, 800px\" \/><\/figure>\n\n<p><strong>Greenpeace kommenterar dagens utspel fr\u00e5n regeringen och Sverigedemokraterna om ny k\u00e4rnkraft i Sverige<\/strong><br><br><strong>Rolf Lindahl, talesperson i klimat- och energifr\u00e5gor p\u00e5 Greenpeace<\/strong>:<br>\u2013 Regeringen talar om en massiv utbyggnad av k\u00e4rnkraft men risken \u00e4r snarare att de l\u00e4gger p\u00e5 ett massivt skuldberg p\u00e5 svenska skattebetalare. Alla j\u00e4mf\u00f6rbara k\u00e4rnkraftsprojekt som inletts i V\u00e4steuropa, i Frankrike, Finland och Storbritannien har drabbats av kraftiga kostnads\u00f6kningar och f\u00f6rseningar, det finns inget som talar f\u00f6r att detta inte ocks\u00e5 skulle ske h\u00e4r.<\/p>\n\n<p>\u2013 Trots regeringens korst\u00e5g f\u00f6r ny k\u00e4rnkraft har inga privata investerare uppenbarat sig. Finansministern gjorde nyligen en studieresa till Storbritannien f\u00f6r att l\u00e4ra sig mer om deras st\u00f6dpaket till k\u00e4rnkraft. Om <strong>Elisabeth Svantesson<\/strong> m\u00e5nar om statens och skattebetalarnas sunda ekonomi borde Storbritanniens modell med garanterat h\u00f6gt elpris i tre decennier ha avskr\u00e4ckt ministern.&nbsp;<\/p>\n\n<p>\u2013 Den internationella energibyr\u00e5n, IEA, uppmanade i oktober v\u00e4rlden l\u00e4nder inf\u00f6r FN:s klimatm\u00f6te i slutet av november att tredubbla satsningarna p\u00e5 f\u00f6rnybar energi och f\u00f6rdubbla energieffektiviseringen. Men medan v\u00e4rlden st\u00e4ller om energipolitiken st\u00e4ller Sverige regering in den. Att tro och hoppas p\u00e5 ny k\u00e4rnkraft i en avl\u00e4gsen framtid kommer inte att l\u00f6sa varken klimat- eller milj\u00f6problemen vi st\u00e5r inf\u00f6r h\u00e4r och nu.<\/p>\n\n<p>\u2013 FN:s klimatpanel konstaterade i sin syntesrapport i v\u00e5ras att k\u00e4rnkraft \u00e4r det dyraste och minst effektiva energislaget f\u00f6r att motverka klimatkrisen n\u00e4r det g\u00e4ller de \u00e5tg\u00e4rder som m\u00e5ste vidtas h\u00e4r och nu fram till 2030. Enligt IPCC \u00e4r sol- och vindkraft de energislag som b\u00e5de \u00e4r billigast och har st\u00f6rst klimateffekt.<br><br>\u2013 Det \u00e4r f\u00f6rbluffande att regeringen som talar s\u00e5 mycket om elektrifiering st\u00e5r fast vid att det m\u00e5ste vara just k\u00e4rnkraft som ska byggas. Ist\u00e4llet f\u00f6r att vi alla tvingas in i ett riskabelt k\u00e4rnkraftsprojekt borde regeringen omg\u00e5ende godk\u00e4nna de planer f\u00f6r havsbaserad vindkraft som v\u00e4ntar p\u00e5 regeringens beslut. De kan byggas redan nu, det kr\u00e4vs inga massiva subventioner och till p\u00e5 k\u00f6pet \u00e4r f\u00f6rnybar energi en helt central del i klimatomst\u00e4llningen.<\/p>\n\n<p><strong>Kontakt:<\/strong><br><a href=\"https:\/\/www.greenpeace.org\/static\/planet4-sweden-stateless\/2019\/11\/f9547819-greenpeace_rolf_lindahl.jpg\"><strong>Rolf Lindahl<\/strong><\/a>, talesperson i klimat- och energifr\u00e5gor, 070-397 58 70<br><strong>Ludvig Tillman<\/strong>, kommunikationsansvarig, 070-271 64 37<\/p>\n\n<p><br><br><\/p>\n","protected":false},"excerpt":{"rendered":"<p>\u2013 Regeringen talar om en massiv utbyggnad av k\u00e4rnkraft men risken \u00e4r snarare att de l\u00e4gger p\u00e5 ett massivt skuldberg p\u00e5 svenska skattebetalare.<\/p>\n","protected":false},"author":34,"featured_media":57798,"comment_status":"closed","ping_status":"closed","sticky":false,"template":"","format":"standard","meta":{"ep_exclude_from_search":false,"p4_og_title":"","p4_og_description":"","p4_og_image":"","p4_og_image_id":"","p4_seo_canonical_url":"","p4_campaign_name":"","p4_local_project":"","p4_basket_name":"","p4_department":"","footnotes":""},"categories":[45],"tags":[26,53],"p4-page-type":[14],"class_list":["post-58429","post","type-post","status-publish","format-standard","has-post-thumbnail","hentry","category-energi","tag-atomkraft","tag-svenskpolitik","p4-page-type-pressmeddelanden"],"_links":{"self":[{"href":"https:\/\/www.greenpeace.org\/sweden\/wp-json\/wp\/v2\/posts\/58429","targetHints":{"allow":["GET"]}}],"collection":[{"href":"https:\/\/www.greenpeace.org\/sweden\/wp-json\/wp\/v2\/posts"}],"about":[{"href":"https:\/\/www.greenpeace.org\/sweden\/wp-json\/wp\/v2\/types\/post"}],"author":[{"embeddable":true,"href":"https:\/\/www.greenpeace.org\/sweden\/wp-json\/wp\/v2\/users\/34"}],"replies":[{"embeddable":true,"href":"https:\/\/www.greenpeace.org\/sweden\/wp-json\/wp\/v2\/comments?post=58429"}],"version-history":[{"count":3,"href":"https:\/\/www.greenpeace.org\/sweden\/wp-json\/wp\/v2\/posts\/58429\/revisions"}],"predecessor-version":[{"id":58432,"href":"https:\/\/www.greenpeace.org\/sweden\/wp-json\/wp\/v2\/posts\/58429\/revisions\/58432"}],"wp:featuredmedia":[{"embeddable":true,"href":"https:\/\/www.greenpeace.org\/sweden\/wp-json\/wp\/v2\/media\/57798"}],"wp:attachment":[{"href":"https:\/\/www.greenpeace.org\/sweden\/wp-json\/wp\/v2\/media?parent=58429"}],"wp:term":[{"taxonomy":"category","embeddable":true,"href":"https:\/\/www.greenpeace.org\/sweden\/wp-json\/wp\/v2\/categories?post=58429"},{"taxonomy":"post_tag","embeddable":true,"href":"https:\/\/www.greenpeace.org\/sweden\/wp-json\/wp\/v2\/tags?post=58429"},{"taxonomy":"p4-page-type","embeddable":true,"href":"https:\/\/www.greenpeace.org\/sweden\/wp-json\/wp\/v2\/p4-page-type?post=58429"}],"curies":[{"name":"wp","href":"https:\/\/api.w.org\/{rel}","templated":true}]}}