{"id":58515,"date":"2023-11-27T11:44:20","date_gmt":"2023-11-27T10:44:20","guid":{"rendered":"https:\/\/www.greenpeace.org\/sweden\/?p=58515"},"modified":"2023-11-27T11:44:25","modified_gmt":"2023-11-27T10:44:25","slug":"greenpeace-kommenterar-nyheterna-om-att-vardlandet-for-cop28-planerat-att-anvanda-klimatforhandlingarna-for-oljeaffarer","status":"publish","type":"post","link":"https:\/\/www.greenpeace.org\/sweden\/pressmeddelanden\/energi\/greenpeace-kommenterar-nyheterna-om-att-vardlandet-for-cop28-planerat-att-anvanda-klimatforhandlingarna-for-oljeaffarer\/","title":{"rendered":"Greenpeace kommenterar nyheterna om att v\u00e4rdlandet f\u00f6r COP28 planerat att anv\u00e4nda klimatf\u00f6rhandlingarna f\u00f6r\u00a0oljeaff\u00e4rer"},"content":{"rendered":"\n<p><strong>Enligt en\u00a0<a href=\"https:\/\/www.bbc.com\/news\/science-environment-67508331\">artikel i BBC<\/a>\u00a0har F\u00f6renade Arabemiraten i egenskap av sitt ordf\u00f6randeskap under COP28 planerat att anv\u00e4nda sin roll i klimattoppm\u00f6tet f\u00f6r att s\u00e4lja olja och gas. Greenpeace kommenterar.<\/strong><\/p>\n\n<p>Kaisa Kosonen, politisk samordnare p\u00e5 Greenpeace International:<\/p>\n\n<p>&#8211; Om p\u00e5st\u00e5endena st\u00e4mmer \u00e4r det fullst\u00e4ndigt oacceptabelt och en stor skandal. Klimattoppm\u00f6tets ledare borde fokusera p\u00e5 att utveckla l\u00f6sningar p\u00e5 klimatkrisen p\u00e5 ett opartiskt s\u00e4tt, inte tv\u00e4rtom gynna fossila br\u00e4nslen. Det h\u00e4r \u00e4r precis den sortens intressekonflikt som vi befarade n\u00e4r en vd f\u00f6r ett oljebolag tilldelades rollen att leda COP28.<\/p>\n\n<p>&#8211; Om ordf\u00f6randeskapet vill bygga upp f\u00f6rtroende \u00e4r det bara m\u00f6jligt genom handling. Det inneb\u00e4r att arbeta f\u00f6r en global \u00f6verenskommelse f\u00f6r en r\u00e4ttvis utfasning av fossila br\u00e4nslen i linje med vetenskapen, samt att arbeta f\u00f6r att utsl\u00e4pparna ska betala f\u00f6r de skador och f\u00f6rluster de har orsakat. Det skulle g\u00f6ra \u00e5rets COP historiskt och det \u00e4r precis vad v\u00e4rlden v\u00e4ntar sp\u00e4nt p\u00e5.<\/p>\n\n<p>&#8211; Vi har alla l\u00f6sningar vi beh\u00f6ver f\u00f6r en \u00f6verg\u00e5ng till ett f\u00f6rnybart energisystem, men det kommer inte att ske snabbt nog om regeringar misslyckas med att fasa ut fossila br\u00e4nslen. COP \u00e4r en m\u00f6jlighet att s\u00e4kra v\u00e5r framtid snarare \u00e4n att teckna f\u00f6retagsaff\u00e4rer som eldar p\u00e5 klimatkrisen. Vi pratar om v\u00e4rldens mest kraftfulla forum f\u00f6r att f\u00f6rhindra det st\u00f6rsta hotet mot m\u00e4nskligheten, och Greenpeace uppmanar ordf\u00f6randeskapet att agera d\u00e4refter.<\/p>\n\n<p><strong>Kontakt<\/strong><\/p>\n\n<p>Greenpeace International Press Desk<br><a href=\"mailto:pressdesk.int@greenpeace.org\">pressdesk.int@greenpeace.org<\/a><br>+31 (0) 20 718 2470 (available 24 hours)<\/p>\n","protected":false},"excerpt":{"rendered":"<p>Enligt en\u00a0artikel i BBC\u00a0har F\u00f6renade Arabemiraten i egenskap av sitt ordf\u00f6randeskap under COP28 planerat att anv\u00e4nda sin roll i klimattoppm\u00f6tet f\u00f6r att s\u00e4lja olja och gas. Greenpeace kommenterar.<\/p>\n","protected":false},"author":103,"featured_media":50594,"comment_status":"closed","ping_status":"closed","sticky":false,"template":"","format":"standard","meta":{"ep_exclude_from_search":false,"p4_og_title":"","p4_og_description":"","p4_og_image":"","p4_og_image_id":"","p4_seo_canonical_url":"","p4_campaign_name":"Climate and Justice","p4_local_project":"","p4_basket_name":"Climate &amp; Energy","p4_department":"","footnotes":""},"categories":[45],"tags":[24,23,49],"p4-page-type":[14],"class_list":["post-58515","post","type-post","status-publish","format-standard","has-post-thumbnail","hentry","category-energi","tag-fossilenergi","tag-globaluppvarmning","tag-olja","p4-page-type-pressmeddelanden"],"_links":{"self":[{"href":"https:\/\/www.greenpeace.org\/sweden\/wp-json\/wp\/v2\/posts\/58515","targetHints":{"allow":["GET"]}}],"collection":[{"href":"https:\/\/www.greenpeace.org\/sweden\/wp-json\/wp\/v2\/posts"}],"about":[{"href":"https:\/\/www.greenpeace.org\/sweden\/wp-json\/wp\/v2\/types\/post"}],"author":[{"embeddable":true,"href":"https:\/\/www.greenpeace.org\/sweden\/wp-json\/wp\/v2\/users\/103"}],"replies":[{"embeddable":true,"href":"https:\/\/www.greenpeace.org\/sweden\/wp-json\/wp\/v2\/comments?post=58515"}],"version-history":[{"count":1,"href":"https:\/\/www.greenpeace.org\/sweden\/wp-json\/wp\/v2\/posts\/58515\/revisions"}],"predecessor-version":[{"id":58516,"href":"https:\/\/www.greenpeace.org\/sweden\/wp-json\/wp\/v2\/posts\/58515\/revisions\/58516"}],"wp:featuredmedia":[{"embeddable":true,"href":"https:\/\/www.greenpeace.org\/sweden\/wp-json\/wp\/v2\/media\/50594"}],"wp:attachment":[{"href":"https:\/\/www.greenpeace.org\/sweden\/wp-json\/wp\/v2\/media?parent=58515"}],"wp:term":[{"taxonomy":"category","embeddable":true,"href":"https:\/\/www.greenpeace.org\/sweden\/wp-json\/wp\/v2\/categories?post=58515"},{"taxonomy":"post_tag","embeddable":true,"href":"https:\/\/www.greenpeace.org\/sweden\/wp-json\/wp\/v2\/tags?post=58515"},{"taxonomy":"p4-page-type","embeddable":true,"href":"https:\/\/www.greenpeace.org\/sweden\/wp-json\/wp\/v2\/p4-page-type?post=58515"}],"curies":[{"name":"wp","href":"https:\/\/api.w.org\/{rel}","templated":true}]}}