{"id":58542,"date":"2023-11-29T10:03:54","date_gmt":"2023-11-29T09:03:54","guid":{"rendered":"https:\/\/www.greenpeace.org\/sweden\/?p=58542"},"modified":"2023-12-19T14:28:52","modified_gmt":"2023-12-19T13:28:52","slug":"projektet-planet-one-stottar-den-globala-ungdomsrorelsen-for-klimatrattvisa","status":"publish","type":"post","link":"https:\/\/www.greenpeace.org\/sweden\/artiklar\/greenpeace\/projektet-planet-one-stottar-den-globala-ungdomsrorelsen-for-klimatrattvisa\/","title":{"rendered":"Projektet Planet One st\u00f6ttar den globala ungdomsr\u00f6relsen f\u00f6r klimatr\u00e4ttvisa!"},"content":{"rendered":"\n<h3 class=\"wp-block-heading\">F\u00f6r varje dag \u00f6kar klimatkrisen i omfattning och allvar. Men den senaste generationen har svar p\u00e5 tal: <a href=\"https:\/\/www.greenpeace.org\/international\/story\/62318\/greenpeace-600000-people-global-actions-endfossilfuels-what-happened\/\">Unga m\u00e4nniskor fr\u00e5n jordens alla h\u00f6rn<\/a> kr\u00e4ver att makthavare agerar och att samh\u00e4llet st\u00e4ller om. <a href=\"https:\/\/www.greenpeace.org\/international\/press-release\/61842\/youth-100-countries-wrap-up-climate-justice-camp-demand-justice-cop28\/\">Detta \u00e4r inte en \u00f6verg\u00e5ende trend<\/a> &#8211; den globala unga milj\u00f6r\u00f6relsen \u00e4r h\u00e4r f\u00f6r att stanna.&nbsp;<\/h3>\n\n<p><br>Detta \u00e4r en r\u00f6relse som hittar en gemensam identitet bortom l\u00e4nder, spr\u00e5k och kultur. Det \u00e4r m\u00e4nniskor som k\u00e4mpar f\u00f6r intergenerationell r\u00e4ttvisa och kr\u00e4ver kraftfulla \u00e5tg\u00e4rder. Ett av de b\u00e4sta s\u00e4tten att st\u00f6tta <a href=\"https:\/\/www.greenpeace.org\/international\/story\/60361\/why-the-surge-of-climate-change-cases-in-front-of-international-courts-and-tribunals-matters\/\">dessa modiga aktivister<\/a> \u00e4r att erbjuda m\u00f6tesplatser d\u00e4r de genom hantverk och kunskapsutbyte st\u00e4rker sin egen r\u00f6relse.<\/p>\n\n<figure class=\"wp-block-image size-full\"><img loading=\"lazy\" decoding=\"async\" width=\"1024\" height=\"768\" src=\"https:\/\/www.greenpeace.org\/static\/planet4-sweden-stateless\/2023\/11\/b6f67b28-greenpeace_planetone.jpg\" alt=\"\" class=\"wp-image-58543\" srcset=\"https:\/\/www.greenpeace.org\/static\/planet4-sweden-stateless\/2023\/11\/b6f67b28-greenpeace_planetone.jpg 1024w, https:\/\/www.greenpeace.org\/static\/planet4-sweden-stateless\/2023\/11\/b6f67b28-greenpeace_planetone-300x225.jpg 300w, https:\/\/www.greenpeace.org\/static\/planet4-sweden-stateless\/2023\/11\/b6f67b28-greenpeace_planetone-768x576.jpg 768w, https:\/\/www.greenpeace.org\/static\/planet4-sweden-stateless\/2023\/11\/b6f67b28-greenpeace_planetone-453x340.jpg 453w\" sizes=\"auto, (max-width: 1024px) 100vw, 1024px\" \/><figcaption class=\"wp-element-caption\">Media- och kommunikationstr\u00e4ning p\u00e5 Ubuntu hub i Sydafrika. Fotocred: Angelo Louw<br><\/figcaption><\/figure>\n\n<h3 class=\"wp-block-heading\"><strong>En plats f\u00f6r unga att tr\u00e4ffas&nbsp;<\/strong><\/h3>\n\n<p><a href=\"https:\/\/planetone.org\">Planet One<\/a> \u00e4r ett samarbetsprojekt mellan de tre organisationerna Fryshuset, Greenpeace och Armenian Progressive Youths. Tillsammans kombinerar vi v\u00e5r l\u00e5nga erfarenhet av att engagera unga och bygga plattformar f\u00f6r att bedriva p\u00e5verkansarbete.<br>Sedan 2021 har Planet One \u00f6ppnat fysiska m\u00f6tesplatser (<a href=\"https:\/\/www.greenpeace.org\/africa\/en\/press\/53243\/planet-one-a-training-space-dedicated-to-youths-opens-its-doors-in-yaounde\/\">makerspaces<\/a>) i sex l\u00e4nder f\u00f6r personer mellan 15-25 \u00e5r, i syfte att skapa f\u00f6ruts\u00e4ttningar f\u00f6r \u201dlearning-by-doing\u201d. M\u00f6tesplatserna \u00e4r utformade som en trygg plats d\u00e4r unga kan l\u00e4ra sig mer om klimat- och milj\u00f6problem och utveckla h\u00e5llbara l\u00f6sningar, allt fr\u00e5n sm\u00e5skaliga odlingsprojekt till globala klimatkampanjer.<\/p>\n\n<p><\/p>\n\n<figure class=\"wp-block-image size-large\"><img loading=\"lazy\" decoding=\"async\" width=\"1024\" height=\"678\" src=\"https:\/\/www.greenpeace.org\/static\/planet4-sweden-stateless\/2023\/11\/a826af43-planet_one_fff-1024x678.png\" alt=\"\" class=\"wp-image-58544\" srcset=\"https:\/\/www.greenpeace.org\/static\/planet4-sweden-stateless\/2023\/11\/a826af43-planet_one_fff-1024x678.png 1024w, https:\/\/www.greenpeace.org\/static\/planet4-sweden-stateless\/2023\/11\/a826af43-planet_one_fff-300x199.png 300w, https:\/\/www.greenpeace.org\/static\/planet4-sweden-stateless\/2023\/11\/a826af43-planet_one_fff-768x509.png 768w, https:\/\/www.greenpeace.org\/static\/planet4-sweden-stateless\/2023\/11\/a826af43-planet_one_fff-510x338.png 510w, https:\/\/www.greenpeace.org\/static\/planet4-sweden-stateless\/2023\/11\/a826af43-planet_one_fff.png 1196w\" sizes=\"auto, (max-width: 1024px) 100vw, 1024px\" \/><figcaption class=\"wp-element-caption\">&nbsp;Chris p\u00e5 demonstration med Fridays for Future. Fotocred: Chris Albin Haglund <a href=\"https:\/\/www.instagram.com\/fridayphotos.se\/\">@fridayphotos.se<\/a><\/figcaption><\/figure>\n\n<p><strong>R\u00f6ster fr\u00e5n m\u00f6tesplatserna<\/strong><\/p>\n\n<p>Chris Kebbon \u00e4r 19 \u00e5r och bor i Stockholm. Den passiva politiken kring klimatf\u00f6r\u00e4ndringarna har gjort honom mer och mer orolig f\u00f6r framtiden och han funderade p\u00e5 att engagera sig i milj\u00f6r\u00f6relsen. F\u00f6rra \u00e5ret gick han till Momentum (<a href=\"https:\/\/www.instagram.com\/momentum.hub\/\">Planet Ones svenska makerspace<\/a>), d\u00e4r den svenska grenen av Fridays for Future (FFF) ofta tr\u00e4ffas.<\/p>\n\n<p>\u201dAtt tr\u00e4ffa andra aktivister p\u00e5 ett st\u00e4lle som Momentum hj\u00e4lpte mig att k\u00e4nna mig trygg under mitt f\u00f6rsta m\u00f6te med FFF\u201d, s\u00e4ger Chris. \u201dN\u00e4r du \u00e4r aktivist s\u00e5 \u00e4r det s\u00e5 viktigt att kunna vila. Om Momentum inte hade existerat s\u00e5 skulle vi inte ha ett st\u00e4lle dit vi kunde g\u00e5 f\u00f6r att koppla av fr\u00e5n livets stress. P\u00e5 grund av det h\u00e4r st\u00e4llet har jag nu n\u00e4ra relationer med andra aktivister\u201d, forts\u00e4tter han.<\/p>\n\n<p>Fotografen Andile Shawe ber\u00e4ttar om sitt f\u00f6rsta m\u00f6te p\u00e5 Ubuntu Hub (<a href=\"https:\/\/planetone.org\/city_page\/johannesburg\/\">Planet Ones sydafrikanska m\u00f6tesplats<\/a>):&nbsp;<\/p>\n\n<p>\u201dJag var p\u00e5 Ubuntu Hub f\u00f6r en workshop kring ungdomsarbetsl\u00f6shet och jag blev snabbt intresserad av Planet One. Jag l\u00e4rde mig s\u00e5 mycket om klimatr\u00e4ttvisa och jag k\u00e4nde att jag ville engagera mig mer. Jag ber\u00e4ttade om min konst f\u00f6r en av undgomsledarna och fr\u00e5gade hur jag kunde bidra\u201d. Med hj\u00e4lp av ledarna p\u00e5 m\u00f6tesplatsen anordnade Andile sin f\u00f6rsta utst\u00e4llning n\u00e5gonsin, p\u00e5 temat intersektionalitet och vikten av m\u00e5ngfald.<\/p>\n\n<p><\/p>\n\n<figure class=\"wp-block-image size-large\"><img loading=\"lazy\" decoding=\"async\" width=\"768\" height=\"1024\" src=\"https:\/\/www.greenpeace.org\/static\/planet4-sweden-stateless\/2023\/11\/9fee0ca4-planet_one_africa-768x1024.jpg\" alt=\"\" class=\"wp-image-58545\" srcset=\"https:\/\/www.greenpeace.org\/static\/planet4-sweden-stateless\/2023\/11\/9fee0ca4-planet_one_africa-768x1024.jpg 768w, https:\/\/www.greenpeace.org\/static\/planet4-sweden-stateless\/2023\/11\/9fee0ca4-planet_one_africa-225x300.jpg 225w, https:\/\/www.greenpeace.org\/static\/planet4-sweden-stateless\/2023\/11\/9fee0ca4-planet_one_africa-1152x1536.jpg 1152w, https:\/\/www.greenpeace.org\/static\/planet4-sweden-stateless\/2023\/11\/9fee0ca4-planet_one_africa-1025x1366.jpg 1025w, https:\/\/www.greenpeace.org\/static\/planet4-sweden-stateless\/2023\/11\/9fee0ca4-planet_one_africa-255x340.jpg 255w, https:\/\/www.greenpeace.org\/static\/planet4-sweden-stateless\/2023\/11\/9fee0ca4-planet_one_africa.jpg 1536w\" sizes=\"auto, (max-width: 768px) 100vw, 768px\" \/><figcaption class=\"wp-element-caption\">Denzel Juma med hans m\u00e5lning vid Ubunifu Hub, Nairobi. \u00a9Gerance Mutwol<\/figcaption><\/figure>\n\n<p><strong>Ett globalt h\u00e5llbarhetsinitiativ<\/strong><\/p>\n\n<p>Planet One har makerspaces i sex st\u00e4der i Europa och Afrika:&nbsp;<\/p>\n\n<ul class=\"wp-block-list\">\n<li><a href=\"https:\/\/www.instagram.com\/alternative_youth_center\/\">Alternative Youth Center i Jerevan<\/a>, Armenien&nbsp;<\/li>\n\n\n\n<li><a href=\"https:\/\/www.instagram.com\/bolygo.hu\/\">Bolyg\u00f3 i Budapest,<\/a> Ungern<\/li>\n\n\n\n<li><a href=\"https:\/\/www.instagram.com\/mboa.hub\/\">Mboa Hub <\/a>i Yaound\u00e9, Kamerun<\/li>\n\n\n\n<li><a href=\"https:\/\/www.instagram.com\/momentum.hub\/\">Momentum<\/a> i Stockholm, Sverige<\/li>\n\n\n\n<li><a href=\"https:\/\/www.instagram.com\/ubunifu.hub\/\">Ubunifu Hub<\/a> i Nairobi, Kenya<\/li>\n\n\n\n<li><a href=\"https:\/\/www.instagram.com\/ubuntu.hubsa\/\">Ubuntu Hub <\/a>i Johannesburg, Sydafrika<\/li>\n<\/ul>\n\n<p>Projektet finansieras med st\u00f6d fr\u00e5n Postkodlotteriet och fram tills idag har Planet Ones m\u00f6tesplatser organiserat \u00f6ver 1 870 aktiviteter, haft fler \u00e4n 27 000 deltagare och st\u00f6ttat \u00f6ver 3 000 ungdomsledda initiativ!&nbsp;<\/p>\n\n<p>Om du \u00e4r 15-25 \u00e5r, intresserad av milj\u00f6fr\u00e5gor och nyfiken p\u00e5 att organisera ett initiativ eller f\u00f6rdjupa din f\u00f6rm\u00e5ga att p\u00e5verka framtiden s\u00e5 \u00e4r du varmt v\u00e4lkommen till Momentum, Makerspacet i Stockholm. Adressen till Momentum \u00e4r: Fryshuset, M\u00e5rtendalsgatan 2-8, Stockholm. V\u00e4lkommen att kontakta Momentums lokalkoordinator Olivia om du vill veta mer p\u00e5 <a href=\"mailto:olivia.forsberg@fryshuset.se\">olivia.forsberg@fryshuset.se<\/a>.&nbsp;<\/p>\n\n<p><\/p>\n\n<figure class=\"wp-block-image size-large\"><img loading=\"lazy\" decoding=\"async\" width=\"1024\" height=\"672\" src=\"https:\/\/www.greenpeace.org\/static\/planet4-sweden-stateless\/2023\/11\/6b1bb671-spl_logo_2022_rgb-1-1024x672.png\" alt=\"\" class=\"wp-image-58546\" srcset=\"https:\/\/www.greenpeace.org\/static\/planet4-sweden-stateless\/2023\/11\/6b1bb671-spl_logo_2022_rgb-1-1024x672.png 1024w, https:\/\/www.greenpeace.org\/static\/planet4-sweden-stateless\/2023\/11\/6b1bb671-spl_logo_2022_rgb-1-300x197.png 300w, https:\/\/www.greenpeace.org\/static\/planet4-sweden-stateless\/2023\/11\/6b1bb671-spl_logo_2022_rgb-1-768x504.png 768w, https:\/\/www.greenpeace.org\/static\/planet4-sweden-stateless\/2023\/11\/6b1bb671-spl_logo_2022_rgb-1-1536x1007.png 1536w, https:\/\/www.greenpeace.org\/static\/planet4-sweden-stateless\/2023\/11\/6b1bb671-spl_logo_2022_rgb-1-510x334.png 510w, https:\/\/www.greenpeace.org\/static\/planet4-sweden-stateless\/2023\/11\/6b1bb671-spl_logo_2022_rgb-1.png 1749w\" sizes=\"auto, (max-width: 1024px) 100vw, 1024px\" \/><\/figure>\n\n<p><\/p>\n","protected":false},"excerpt":{"rendered":"<p>F\u00f6r varje dag \u00f6kar klimatkrisen i omfattning och allvar. Men den senaste generationen har svar p\u00e5 tal: Unga m\u00e4nniskor fr\u00e5n jordens alla h\u00f6rn kr\u00e4ver att makthavare agerar och att samh\u00e4llet st\u00e4ller om.<\/p>\n","protected":false},"author":34,"featured_media":58543,"comment_status":"closed","ping_status":"closed","sticky":false,"template":"","format":"standard","meta":{"ep_exclude_from_search":false,"p4_og_title":"","p4_og_description":"","p4_og_image":"","p4_og_image_id":"","p4_seo_canonical_url":"","p4_campaign_name":"","p4_local_project":"","p4_basket_name":"","p4_department":"","footnotes":""},"categories":[1],"tags":[31],"p4-page-type":[16],"class_list":["post-58542","post","type-post","status-publish","format-standard","has-post-thumbnail","hentry","category-greenpeace","tag-aktivism","p4-page-type-artiklar"],"_links":{"self":[{"href":"https:\/\/www.greenpeace.org\/sweden\/wp-json\/wp\/v2\/posts\/58542","targetHints":{"allow":["GET"]}}],"collection":[{"href":"https:\/\/www.greenpeace.org\/sweden\/wp-json\/wp\/v2\/posts"}],"about":[{"href":"https:\/\/www.greenpeace.org\/sweden\/wp-json\/wp\/v2\/types\/post"}],"author":[{"embeddable":true,"href":"https:\/\/www.greenpeace.org\/sweden\/wp-json\/wp\/v2\/users\/34"}],"replies":[{"embeddable":true,"href":"https:\/\/www.greenpeace.org\/sweden\/wp-json\/wp\/v2\/comments?post=58542"}],"version-history":[{"count":3,"href":"https:\/\/www.greenpeace.org\/sweden\/wp-json\/wp\/v2\/posts\/58542\/revisions"}],"predecessor-version":[{"id":58691,"href":"https:\/\/www.greenpeace.org\/sweden\/wp-json\/wp\/v2\/posts\/58542\/revisions\/58691"}],"wp:featuredmedia":[{"embeddable":true,"href":"https:\/\/www.greenpeace.org\/sweden\/wp-json\/wp\/v2\/media\/58543"}],"wp:attachment":[{"href":"https:\/\/www.greenpeace.org\/sweden\/wp-json\/wp\/v2\/media?parent=58542"}],"wp:term":[{"taxonomy":"category","embeddable":true,"href":"https:\/\/www.greenpeace.org\/sweden\/wp-json\/wp\/v2\/categories?post=58542"},{"taxonomy":"post_tag","embeddable":true,"href":"https:\/\/www.greenpeace.org\/sweden\/wp-json\/wp\/v2\/tags?post=58542"},{"taxonomy":"p4-page-type","embeddable":true,"href":"https:\/\/www.greenpeace.org\/sweden\/wp-json\/wp\/v2\/p4-page-type?post=58542"}],"curies":[{"name":"wp","href":"https:\/\/api.w.org\/{rel}","templated":true}]}}