{"id":58813,"date":"2024-01-18T05:30:00","date_gmt":"2024-01-18T04:30:00","guid":{"rendered":"https:\/\/www.greenpeace.org\/sweden\/?p=58813"},"modified":"2024-01-17T20:22:22","modified_gmt":"2024-01-17T19:22:22","slug":"greenpeace-infor-toppbesoket-fran-eu-ga-inte-pa-regeringens-och-skogsindustrins-logner","status":"publish","type":"post","link":"https:\/\/www.greenpeace.org\/sweden\/pressmeddelanden\/skog\/greenpeace-infor-toppbesoket-fran-eu-ga-inte-pa-regeringens-och-skogsindustrins-logner\/","title":{"rendered":"Greenpeace inf\u00f6r toppbes\u00f6ket fr\u00e5n EU: g\u00e5 inte p\u00e5 regeringens och skogsindustrins l\u00f6gner"},"content":{"rendered":"\n<p><strong>P\u00e5 fredag bes\u00f6ker EU-kommissionens ordf\u00f6rande, Ursula von der Leyen, Sverige f\u00f6r ett m\u00f6te med Sveriges statsminister Ulf Kristersson och Finlands premi\u00e4rminister Petteri Orpo. M\u00f6tet kommer att ha stort fokus p\u00e5 skogsfr\u00e5gor. Greenpeace har i ett \u00f6ppet brev bett von der Leyen om ett eget m\u00f6te, f\u00f6r att presentera en mer fullst\u00e4ndig bild av hur skogsbruket ser ut och motverka att hon g\u00e5r p\u00e5 l\u00f6gner fr\u00e5n regeringen och skogsindustrin.<\/strong><\/p>\n\n<p>&#8211; N\u00e4r EU:s tyngsta namn kommer p\u00e5 bes\u00f6k i Sverige f\u00f6r att prata om skog \u00e4r det viktigt att hon inte enbart n\u00e5s av skogsindustrins och regeringens perspektiv. D\u00e4rf\u00f6r g\u00f6r vi allt vi kan f\u00f6r att komma i kontakt med von der Leyen f\u00f6r att f\u00f6rmedla sanningen om Sveriges och Finlands oh\u00e5llbara skogsbruk. Vi kommer att g\u00f6ra oss tillg\u00e4ngliga n\u00e4rsomhelst under hennes bes\u00f6k f\u00f6r ett samtal, <strong>s\u00e4ger Erika Bjureby, Sverigechef Greenpeace.<\/strong><\/p>\n\n<p><a href=\"https:\/\/www.regeringen.se\/pressmeddelanden\/2024\/01\/statsministern-tar-emot-petteri-orpo-och-ursula-von-der-leyen\/\" target=\"_blank\" rel=\"noreferrer noopener\">Bes\u00f6ket<\/a> fr\u00e5n EU-kommissionens ordf\u00f6rande, Ursula von der Leyen, grundar sig i ett <a href=\"https:\/\/valtioneuvosto.fi\/documents\/10616\/334517\/Letter+to+Ursula+von+der+Leyen.pdf\/650b8579-67ce-040e-fa35-8699956ae1d4\/Letter+to+Ursula+von+der+Leyen.pdf?t=1696853278371\" target=\"_blank\" rel=\"noreferrer noopener\">\u00f6ppet brev<\/a> fr\u00e5n Sveriges statsminister Ulf Kristersson och Finlands premi\u00e4rminister Petteri Orpo. D\u00e4r uttrycker de stor oro f\u00f6r hur EU:s lagar och regler p\u00e5verkar skogsbruket. De skriver bland annat att \u201c<em>v\u00e5ra skogar, skogsbruket och dess v\u00e4rdekedjor \u00e4r under stor press fr\u00e5n nyligen framf\u00f6rhandlade EU-lagar om energi, klimat och milj\u00f6<\/em>\u201d. De skriver \u00e4ven att \u201c<em>EU:s regler b\u00f6r [&#8230;] skapa en m\u00f6jligg\u00f6rande milj\u00f6 f\u00f6r skogsbruk i EU, str\u00e4va efter att ta bort alla on\u00f6diga marknadshinder och skapa positiva incitament<\/em>\u201d.<\/p>\n\n<p>M\u00f6tet h\u00e5lls vid skogsbolaget Stora Ensos lokaler i Nacka f\u00f6r att sedan avslutas med en presstr\u00e4ff vid Rosenbad.&nbsp;<\/p>\n\n<p>&#8211; Under det svenska ordf\u00f6randeskapet i EU st\u00e4ngde regeringen ute milj\u00f6r\u00f6relsen, civilsamh\u00e4llet och samer fr\u00e5n viktiga skogsm\u00f6ten. De perspektiv som EU-representanter n\u00e5ddes av var regeringens och skogsindustrins gr\u00f6nm\u00e5lande bild av skogsbruket. I skogsfr\u00e5gor tillh\u00f6r Sverige bottenligan i EU vad g\u00e4ller reglering och implementering av milj\u00f6skydd. D\u00e4rf\u00f6r menar vi att Sverige, och Finland, b\u00f6r klassas som s\u00e5 kallade h\u00f6griskl\u00e4nder av EU d\u00e4r regelefterlevnaden beh\u00f6ver granskning utifr\u00e5n i skogsfr\u00e5gor, <strong>s\u00e4ger Carl Schlyter, talesperson inom klimat, Greenpeace Sverige.<\/strong><\/p>\n\n<p>S\u00e5v\u00e4l Skogsstyrelsen som Naturv\u00e5rdsverket har sj\u00e4lva <a href=\"https:\/\/www.skogsstyrelsen.se\/globalassets\/om-oss\/rapporter\/rapporter-2023\/rapport-2023-16-forutsattningar-for-hyggesfritt-skogsbruk-och-definition-av-naturnara-skogsbruk-i-sverige-.pdf\" target=\"_blank\" rel=\"noreferrer noopener\">konstaterat<\/a> att det svenska skogsbruket m\u00e5ste r\u00f6ra sig bort fr\u00e5n trakthyggesbruket mot ett naturn\u00e4ra skogsbruk, n\u00e5got som Greenpeace har f\u00f6respr\u00e5kat i flera \u00e5r. Skogsstyrelsens generaldirekt\u00f6r, Herman Sundqvist, har \u00e4ven <a href=\"https:\/\/www.skogsstyrelsen.se\/nyhetslista\/hogt-tryck-pa-artskyddsarenden-tvingar-till-harda-prioriteringar\/\" target=\"_blank\" rel=\"noreferrer noopener\">sagt<\/a> att Sverige i nul\u00e4get har sv\u00e5rt att n\u00e5 EU:s krav f\u00f6r skydd av arter i brist p\u00e5 resurser. Dessutom konstaterade FSC, som ansvarar f\u00f6r h\u00e5llbarhetsm\u00e4rkning av skogsvaror, i en <a href=\"https:\/\/fsc.org\/en\/newscentre\/integrity-and-disputes\/results-of-an-investigation-into-swedish-old-growth-forests\" target=\"_blank\" rel=\"noreferrer noopener\">granskning<\/a> fr\u00e5n november 2023 att Sveriges myndigheter som ansvarar f\u00f6r skogsfr\u00e5gor saknar kompetens, att det finns otillr\u00e4ckliga statliga medel f\u00f6r att kompensera skogs\u00e4gare f\u00f6r skydd av skog, samt att de svenska lagarna inte till fullo skyddar r\u00f6dlistade arter.\u00a0<\/p>\n\n<p>F\u00f6r att motverka fortsatt gr\u00f6nm\u00e5lning fr\u00e5n regeringen och skogsindustrin under Ursula von der Leyens bes\u00f6k, har Greenpeace i ett \u00f6ppet brev till EU-kommissionens ordf\u00f6rande bett om ett eget m\u00f6te.<\/p>\n\n<p>&#8211; Det \u00e4r viktigt att EU trycker p\u00e5 f\u00f6r att Sverige och Finland ska leva upp till EU:s best\u00e4mmelser om skydd av natur snarare \u00e4n att godk\u00e4nna undantag. 30 procent av v\u00e4rdefull natur ska skyddas till 2030 och detta f\u00e5r inte EU-kommissionens ordf\u00f6rande ge vika f\u00f6r. V\u00e5ra skogar m\u00e5ste skyddas b\u00e4ttre f\u00f6r att bidra till att EU:s klimatm\u00e5l n\u00e5s, men n\u00e4r v\u00e5ra nationella regeringar aktivt motverkar detta beh\u00f6ver EU hj\u00e4lpa oss, <strong>s\u00e4ger Juha Aromaa, bitr\u00e4dande Finlandchef Greenpeace.<\/strong><\/p>\n\n<p><strong>Kontakt<\/strong><\/p>\n\n<p>Christopher Engberg Dahl, kommunikationsansvarig Greenpeace Sverige<br><a href=\"mailto:christopher.dahl@greenpeace.org\">christopher.dahl@greenpeace.org<\/a>&nbsp;<br>0791421453<\/p>\n\n<p>Juha Aromaa, bitr\u00e4dande Finlandchef Greenpeace<br><a href=\"mailto:juha.aromaa@greenpeace.org\">juha.aromaa@greenpeace.org<\/a>\u00a0<br>+35850 3696202<\/p>\n\n<div data-wp-interactive=\"core\/file\" class=\"wp-block-file alignfull\"><object data-wp-bind--hidden=\"!state.hasPdfPreview\" hidden class=\"wp-block-file__embed\" data=\"https:\/\/www.greenpeace.org\/static\/planet4-sweden-stateless\/2024\/01\/20240117-Letter-and-meeting-request-from-Greenpeace-to-President-von-der-Leyen-on-the-risks-of-the-Swedish-forestry-model-for-climate-and-biodiversity-and-Sami-peoples-rights.pdf\" type=\"application\/pdf\" style=\"width:100%;height:600px\" aria-label=\"PDF-inb\u00e4ddning\"><\/object><\/div>\n","protected":false},"excerpt":{"rendered":"<p>P\u00e5 fredag bes\u00f6ker EU-kommissionens ordf\u00f6rande, Ursula von der Leyen, Sverige f\u00f6r ett m\u00f6te med Sveriges statsminister Ulf Kristersson och Finlands premi\u00e4rminister Petteri Orpo. <\/p>\n","protected":false},"author":103,"featured_media":53120,"comment_status":"closed","ping_status":"closed","sticky":false,"template":"","format":"standard","meta":{"ep_exclude_from_search":false,"p4_og_title":"","p4_og_description":"","p4_og_image":"","p4_og_image_id":"","p4_seo_canonical_url":"","p4_campaign_name":"Food, Forest and Nature","p4_local_project":"Swedish Forests","p4_basket_name":"Forests","p4_department":"","footnotes":""},"categories":[22],"tags":[40,19,53],"p4-page-type":[14],"class_list":["post-58813","post","type-post","status-publish","format-standard","has-post-thumbnail","hentry","category-skog","tag-biodiversitet","tag-skyddaskogen","tag-svenskpolitik","p4-page-type-pressmeddelanden"],"_links":{"self":[{"href":"https:\/\/www.greenpeace.org\/sweden\/wp-json\/wp\/v2\/posts\/58813","targetHints":{"allow":["GET"]}}],"collection":[{"href":"https:\/\/www.greenpeace.org\/sweden\/wp-json\/wp\/v2\/posts"}],"about":[{"href":"https:\/\/www.greenpeace.org\/sweden\/wp-json\/wp\/v2\/types\/post"}],"author":[{"embeddable":true,"href":"https:\/\/www.greenpeace.org\/sweden\/wp-json\/wp\/v2\/users\/103"}],"replies":[{"embeddable":true,"href":"https:\/\/www.greenpeace.org\/sweden\/wp-json\/wp\/v2\/comments?post=58813"}],"version-history":[{"count":2,"href":"https:\/\/www.greenpeace.org\/sweden\/wp-json\/wp\/v2\/posts\/58813\/revisions"}],"predecessor-version":[{"id":58816,"href":"https:\/\/www.greenpeace.org\/sweden\/wp-json\/wp\/v2\/posts\/58813\/revisions\/58816"}],"wp:featuredmedia":[{"embeddable":true,"href":"https:\/\/www.greenpeace.org\/sweden\/wp-json\/wp\/v2\/media\/53120"}],"wp:attachment":[{"href":"https:\/\/www.greenpeace.org\/sweden\/wp-json\/wp\/v2\/media?parent=58813"}],"wp:term":[{"taxonomy":"category","embeddable":true,"href":"https:\/\/www.greenpeace.org\/sweden\/wp-json\/wp\/v2\/categories?post=58813"},{"taxonomy":"post_tag","embeddable":true,"href":"https:\/\/www.greenpeace.org\/sweden\/wp-json\/wp\/v2\/tags?post=58813"},{"taxonomy":"p4-page-type","embeddable":true,"href":"https:\/\/www.greenpeace.org\/sweden\/wp-json\/wp\/v2\/p4-page-type?post=58813"}],"curies":[{"name":"wp","href":"https:\/\/api.w.org\/{rel}","templated":true}]}}