{"id":58819,"date":"2024-01-19T11:53:48","date_gmt":"2024-01-19T10:53:48","guid":{"rendered":"https:\/\/www.greenpeace.org\/sweden\/?p=58819"},"modified":"2025-04-23T10:24:52","modified_gmt":"2025-04-23T09:24:52","slug":"greenpeace-och-natur-och-ungdom-vinner-klimatrattsfall-mot-norska-staten","status":"publish","type":"post","link":"https:\/\/www.greenpeace.org\/sweden\/pressmeddelanden\/klimat\/greenpeace-och-natur-och-ungdom-vinner-klimatrattsfall-mot-norska-staten\/","title":{"rendered":"Greenpeace och Natur och Ungdom vinner klimatr\u00e4ttsfall mot norska staten\u00a0"},"content":{"rendered":"\n<figure class=\"wp-block-image size-full\"><img loading=\"lazy\" decoding=\"async\" width=\"1024\" height=\"536\" src=\"https:\/\/www.greenpeace.org\/static\/planet4-sweden-stateless\/2024\/01\/9eb3d948-seier_header-1024x536-1.png\" alt=\"\" class=\"wp-image-58820\" srcset=\"https:\/\/www.greenpeace.org\/static\/planet4-sweden-stateless\/2024\/01\/9eb3d948-seier_header-1024x536-1.png 1024w, https:\/\/www.greenpeace.org\/static\/planet4-sweden-stateless\/2024\/01\/9eb3d948-seier_header-1024x536-1-300x157.png 300w, https:\/\/www.greenpeace.org\/static\/planet4-sweden-stateless\/2024\/01\/9eb3d948-seier_header-1024x536-1-768x402.png 768w, https:\/\/www.greenpeace.org\/static\/planet4-sweden-stateless\/2024\/01\/9eb3d948-seier_header-1024x536-1-510x267.png 510w\" sizes=\"auto, (max-width: 1024px) 100vw, 1024px\" \/><\/figure>\n\n<p>Oslo, Norge \u2013 <strong>Greenpeace Norden och Natur og Ungdom har just s\u00e4krat en historisk seger mot den norska staten och lyckats ogiltigf\u00f6rklara godk\u00e4nnandena av tre olje- och gasf\u00e4lt i Nordsj\u00f6n.<\/strong><\/p>\n\n<p>I november 2023 tog Greenpeace Norden och ungdomsorganisationen Natur och Ungdom den norska staten till domstol \u00e4nnu en g\u00e5ng. Vi h\u00e4vdade att de nyligen utf\u00e4rdade tillst\u00e5nden f\u00f6r de tre nya olje- och gasf\u00e4lten, Breidablikk, Yggdrasil och Tyrving, alla bel\u00e4gna i Nordsj\u00f6n, strider mot den norska grundlagen, lagar inom det Europeiska ekonomiska samarbetsomr\u00e5det och Norges internationella \u00e5taganden om m\u00e4nskliga r\u00e4ttigheter, samt att energiministeriet inte beaktade FN:s konvention om barnets r\u00e4ttigheter under godk\u00e4nnandet av f\u00e4lten, vilket nu ogiltigf\u00f6rklarat tillst\u00e5nden.<\/p>\n\n<p><strong>Frode Pleym, chef f\u00f6r Greenpeace i Norge,<\/strong> uttrycker sin gl\u00e4dje \u00f6ver domen:<br>&#8221;Jag \u00e4r oerh\u00f6rt glad och l\u00e4ttad \u00f6ver att domstolen sl\u00e5r fast att olje- och gasf\u00e4lten Breidablikk, Yggdrasil och Tyrving godk\u00e4ndes p\u00e5 olaglig basis och vi f\u00f6rv\u00e4ntar oss nu att produktionen omedelbart stoppas.&#8221;<\/p>\n\n<p>Organisationerna pekade s\u00e4rskilt p\u00e5 bristen p\u00e5 milj\u00f6konsekvensanalyser av de tre olje- och gasf\u00e4lten, vilket Energidepartementet, sedan en dom i H\u00f6gsta domstolen 2020, \u00e4r skyldiga att genomf\u00f6ra. Domstolen i Oslo bekr\u00e4ftade idag ogiltigf\u00f6rklaringen av samtliga tre olje- och gasf\u00e4ltens godk\u00e4nnanden och utf\u00e4rdade ett f\u00f6rbud mot att staten ger nya tillst\u00e5nd f\u00f6r byggnation och produktion fr\u00e5n f\u00e4lten.<\/p>\n\n<p><strong>Gytis Bla\u017eevi\u010dius, ledare f\u00f6r Natur og Ungdom<\/strong>, understryker betydelsen av domen: &#8221;Detta \u00e4r en viktig seger f\u00f6r framtida generationer och f\u00f6r milj\u00f6n. Med denna dom kommer miljontals fat olja att stanna kvar i marken, ist\u00e4llet f\u00f6r att ytterligare f\u00f6rv\u00e4rra klimatkrisen&#8221;<br><br>Domen utg\u00f6r nu en viktig referenspunkt f\u00f6r flera p\u00e5g\u00e5ende klimatr\u00e4ttsfall v\u00e4rlden \u00f6ver, n\u00e4r allt fler m\u00e4nniskor anv\u00e4nder lagen f\u00f6r att skydda sina r\u00e4ttigheter i ljuset av klimatkrisen.<br><br>H\u00e4r kan ni l\u00e4sa hela domen:<\/p>\n\n<div data-wp-interactive=\"core\/file\" class=\"wp-block-file\"><object data-wp-bind--hidden=\"!state.hasPdfPreview\" hidden class=\"wp-block-file__embed\" data=\"https:\/\/www.greenpeace.org\/static\/planet4-sweden-stateless\/2024\/02\/77ed038f-official-final-greenpeace-nordic-and-nature-and-youth-norway-v.-the-norwegian-government-represented-by-the-ministry-of-energy.pdf\" type=\"application\/pdf\" style=\"width:100%;height:800px\" aria-label=\"Inb\u00e4ddning av Official final Greenpeace Nordic and Nature and Youth Norway vs. the Norwegian Government, represented by the Ministry of Energy.\"><\/object><a id=\"wp-block-file--media-3031ef42-f207-4de1-b6be-2ecfc858d5ff\" href=\"https:\/\/www.greenpeace.org\/static\/planet4-sweden-stateless\/2024\/02\/77ed038f-official-final-greenpeace-nordic-and-nature-and-youth-norway-v.-the-norwegian-government-represented-by-the-ministry-of-energy.pdf\" target=\"_blank\" rel=\"noreferrer noopener\">Official final Greenpeace Nordic and Nature and Youth Norway vs. the Norwegian Government, represented by the Ministry of Energy<\/a><\/div>\n\n<p><\/p>\n","protected":false},"excerpt":{"rendered":"<p>Greenpeace Norden och Natur og Ungdom har just s\u00e4krat en historisk seger mot den norska staten genom att ogiltigf\u00f6rklara godk\u00e4nnandena av tre olje- och gasf\u00e4lt.<\/p>\n","protected":false},"author":41,"featured_media":58820,"comment_status":"closed","ping_status":"closed","sticky":false,"template":"","format":"standard","meta":{"ep_exclude_from_search":false,"p4_og_title":"","p4_og_description":"","p4_og_image":"","p4_og_image_id":"","p4_seo_canonical_url":"","p4_campaign_name":"","p4_local_project":"","p4_basket_name":"","p4_department":"","footnotes":""},"categories":[45,2],"tags":[24,23,49],"p4-page-type":[14],"class_list":["post-58819","post","type-post","status-publish","format-standard","has-post-thumbnail","hentry","category-energi","category-klimat","tag-fossilenergi","tag-globaluppvarmning","tag-olja","p4-page-type-pressmeddelanden"],"_links":{"self":[{"href":"https:\/\/www.greenpeace.org\/sweden\/wp-json\/wp\/v2\/posts\/58819","targetHints":{"allow":["GET"]}}],"collection":[{"href":"https:\/\/www.greenpeace.org\/sweden\/wp-json\/wp\/v2\/posts"}],"about":[{"href":"https:\/\/www.greenpeace.org\/sweden\/wp-json\/wp\/v2\/types\/post"}],"author":[{"embeddable":true,"href":"https:\/\/www.greenpeace.org\/sweden\/wp-json\/wp\/v2\/users\/41"}],"replies":[{"embeddable":true,"href":"https:\/\/www.greenpeace.org\/sweden\/wp-json\/wp\/v2\/comments?post=58819"}],"version-history":[{"count":14,"href":"https:\/\/www.greenpeace.org\/sweden\/wp-json\/wp\/v2\/posts\/58819\/revisions"}],"predecessor-version":[{"id":63059,"href":"https:\/\/www.greenpeace.org\/sweden\/wp-json\/wp\/v2\/posts\/58819\/revisions\/63059"}],"wp:featuredmedia":[{"embeddable":true,"href":"https:\/\/www.greenpeace.org\/sweden\/wp-json\/wp\/v2\/media\/58820"}],"wp:attachment":[{"href":"https:\/\/www.greenpeace.org\/sweden\/wp-json\/wp\/v2\/media?parent=58819"}],"wp:term":[{"taxonomy":"category","embeddable":true,"href":"https:\/\/www.greenpeace.org\/sweden\/wp-json\/wp\/v2\/categories?post=58819"},{"taxonomy":"post_tag","embeddable":true,"href":"https:\/\/www.greenpeace.org\/sweden\/wp-json\/wp\/v2\/tags?post=58819"},{"taxonomy":"p4-page-type","embeddable":true,"href":"https:\/\/www.greenpeace.org\/sweden\/wp-json\/wp\/v2\/p4-page-type?post=58819"}],"curies":[{"name":"wp","href":"https:\/\/api.w.org\/{rel}","templated":true}]}}