{"id":58903,"date":"2024-02-16T16:22:06","date_gmt":"2024-02-16T15:22:06","guid":{"rendered":"https:\/\/www.greenpeace.org\/sweden\/?p=58903"},"modified":"2024-02-22T10:13:51","modified_gmt":"2024-02-22T09:13:51","slug":"fem-saker-du-behover-veta-om-europas-skogar","status":"publish","type":"post","link":"https:\/\/www.greenpeace.org\/sweden\/artiklar\/skog\/fem-saker-du-behover-veta-om-europas-skogar\/","title":{"rendered":"Fem saker du beh\u00f6ver veta om Europas skogar"},"content":{"rendered":"\n<p><strong>Skog t\u00e4cker cirka <\/strong><a href=\"https:\/\/ec.europa.eu\/eurostat\/web\/products-eurostat-news\/-\/edn-20210321-1\" target=\"_blank\" rel=\"noreferrer noopener\"><strong>40 procent<\/strong><\/a><strong> av Europas landyta, som karakteriseras av gr\u00f6na och frodiga landskap. Men n\u00e4r vi gr\u00e4ver djupare i statistiken framtr\u00e4der en dystrare verklighet g\u00e4llande skogarnas tillst\u00e5nd. H\u00e4r \u00e4r fem saker du f\u00f6rmodligen inte visste om det aktuella tillst\u00e5ndet f\u00f6r europeiska skogar.<\/strong><\/p>\n\n<h2 class=\"wp-block-heading\">1. <strong>M\u00e5ngfalden \u00e4r hotad<\/strong><\/h2>\n\n<figure class=\"wp-block-image size-full\"><img loading=\"lazy\" decoding=\"async\" width=\"800\" height=\"533\" src=\"https:\/\/www.greenpeace.org\/static\/planet4-sweden-stateless\/2021\/02\/dedc93b7-gp0str3ds_web_size.jpg\" alt=\"\" class=\"wp-image-45965\" srcset=\"https:\/\/www.greenpeace.org\/static\/planet4-sweden-stateless\/2021\/02\/dedc93b7-gp0str3ds_web_size.jpg 800w, https:\/\/www.greenpeace.org\/static\/planet4-sweden-stateless\/2021\/02\/dedc93b7-gp0str3ds_web_size-300x200.jpg 300w, https:\/\/www.greenpeace.org\/static\/planet4-sweden-stateless\/2021\/02\/dedc93b7-gp0str3ds_web_size-768x512.jpg 768w, https:\/\/www.greenpeace.org\/static\/planet4-sweden-stateless\/2021\/02\/dedc93b7-gp0str3ds_web_size-510x340.jpg 510w\" sizes=\"auto, (max-width: 800px) 100vw, 800px\" \/><\/figure>\n\n<p>Hela <a href=\"https:\/\/environment.ec.europa.eu\/news\/green-deal-new-guidelines-sustainable-forest-management-and-payment-schemes-forest-ecosystem-2023-07-27_en\" target=\"_blank\" rel=\"noreferrer noopener\">75 procent<\/a> av Europas skogar visar ett oroande m\u00f6nster \u2013 de best\u00e5r av tr\u00e4d som \u00e4r i samma \u00e5lder. Dessutom best\u00e5r n\u00e4stan en tredjedel av EU:s skogar av endast en typ av tr\u00e4dslag, fr\u00e4mst barrtr\u00e4d. Denna monokultur, driven av en intensiv industriell skogsf\u00f6rvaltning, utg\u00f6r ett allvarligt hot mot den naturliga m\u00e5ngfalden i dessa ekosystem.<\/p>\n\n<h2 class=\"wp-block-heading\">2. <strong>Vi h\u00e5ller p\u00e5 att f\u00f6rlora v\u00e5ra inhemska och h\u00f6gsta tr\u00e4d<\/strong><\/h2>\n\n<figure class=\"wp-block-image\"><img loading=\"lazy\" decoding=\"async\" width=\"1200\" height=\"800\" src=\"https:\/\/www.greenpeace.org\/static\/planet4-sweden-stateless\/2024\/02\/4e74d8de-gp1syhu3.jpg\" title=\"Drought in Northern Italy. \u00a9 Lorenzo Moscia \/ Greenpeace\" alt=\"Drought in Northern Italy. \u00a9 Lorenzo Moscia \/ Greenpeace\" class=\"wp-image-58910\" srcset=\"https:\/\/www.greenpeace.org\/static\/planet4-sweden-stateless\/2024\/02\/4e74d8de-gp1syhu3.jpg 1200w, https:\/\/www.greenpeace.org\/static\/planet4-sweden-stateless\/2024\/02\/4e74d8de-gp1syhu3-300x200.jpg 300w, https:\/\/www.greenpeace.org\/static\/planet4-sweden-stateless\/2024\/02\/4e74d8de-gp1syhu3-1024x683.jpg 1024w, https:\/\/www.greenpeace.org\/static\/planet4-sweden-stateless\/2024\/02\/4e74d8de-gp1syhu3-768x512.jpg 768w, https:\/\/www.greenpeace.org\/static\/planet4-sweden-stateless\/2024\/02\/4e74d8de-gp1syhu3-510x340.jpg 510w\" sizes=\"auto, (max-width: 1200px) 100vw, 1200px\" \/><figcaption><div class=\"credit icon-left\"> \u00a9 Lorenzo Moscia \/ Greenpeace<\/div><\/figcaption><\/figure>\n\n<p>Inhemska tr\u00e4d \u00e4r s\u00e5dana som inte finns n\u00e5gon annanstans p\u00e5 jorden. Mer \u00e4n h\u00e4lften av Europas inhemska tr\u00e4d \u00e4r <a href=\"https:\/\/www.iucn.org\/news\/species\/201909\/over-half-europes-endemic-trees-face-extinction\" target=\"_blank\" rel=\"noreferrer noopener\">utrotningshotade<\/a>, exempelvis h\u00e4stkastanj, europeiska asktr\u00e4d och r\u00f6nntr\u00e4d. Samtidigt f\u00f6rlorar vi Europas <a href=\"https:\/\/www.sciencedirect.com\/science\/article\/pii\/S0034425723003486\" target=\"_blank\" rel=\"noreferrer noopener\">h\u00f6gst v\u00e4xande tr\u00e4d<\/a>. Tungt f\u00f6rvaltade skogar med f\u00e5, vanligtvis snabbv\u00e4xande, tr\u00e4darter och j\u00e4mngamla tr\u00e4d ers\u00e4tter de m\u00e5ngsidiga och ekologiskt v\u00e4rdefulla gammelskogarna som en g\u00e5ng frodades p\u00e5 kontinenten, vilket kraftigt p\u00e5verkar den lokala biologiska m\u00e5ngfalden.<\/p>\n\n<h2 class=\"wp-block-heading\">3. <strong>Skogarna blir mer s\u00e5rbara<\/strong><\/h2>\n\n<figure class=\"wp-block-image size-full\"><img loading=\"lazy\" decoding=\"async\" width=\"800\" height=\"507\" src=\"https:\/\/www.greenpeace.org\/static\/planet4-sweden-stateless\/2023\/05\/597156a4-gp1sttzn_web_size_with_credit_line.jpg\" alt=\"\" class=\"wp-image-56268\" srcset=\"https:\/\/www.greenpeace.org\/static\/planet4-sweden-stateless\/2023\/05\/597156a4-gp1sttzn_web_size_with_credit_line.jpg 800w, https:\/\/www.greenpeace.org\/static\/planet4-sweden-stateless\/2023\/05\/597156a4-gp1sttzn_web_size_with_credit_line-300x190.jpg 300w, https:\/\/www.greenpeace.org\/static\/planet4-sweden-stateless\/2023\/05\/597156a4-gp1sttzn_web_size_with_credit_line-768x487.jpg 768w, https:\/\/www.greenpeace.org\/static\/planet4-sweden-stateless\/2023\/05\/597156a4-gp1sttzn_web_size_with_credit_line-510x323.jpg 510w\" sizes=\"auto, (max-width: 800px) 100vw, 800px\" \/><\/figure>\n\n<p>Skogar med olika tr\u00e4dslag, \u00e5ldrar och tillv\u00e4xtstadier \u00e4r motst\u00e5ndskraftiga mot klimatkrisen och dess effekter. De lagrar \u00e4ven stora m\u00e4ngder kol och tillhandah\u00e5ller viktiga resurser som tr\u00e4. Dessutom spelar dessa olika skogar en viktig roll f\u00f6r att rena luft, filtrera vatten, kontrollera \u00f6versv\u00e4mningar, f\u00f6rhindra erosion och bevara den biologiska m\u00e5ngfalden. Men det industriella skogsbruket har skadat de europeiska skogarnas komplexitet avsev\u00e4rt, vilket p\u00e5verkar m\u00e5ngfalden av v\u00e4xter och djur. Denna brist p\u00e5 m\u00e5ngfald har f\u00f6rsvagat skogens motst\u00e5ndskraft. D\u00f6dligheten f\u00f6r tr\u00e4dkronor har <a href=\"https:\/\/www.eea.europa.eu\/publications\/how-are-european-forest\" target=\"_blank\" rel=\"noreferrer noopener\">f\u00f6rdubblats<\/a> sedan slutet av 1900-talet och \u00f6ver <a href=\"https:\/\/environment.ec.europa.eu\/news\/green-deal-new-guidelines-sustainable-forest-management-and-payment-schemes-forest-ecosystem-2023-07-27_en\" target=\"_blank\" rel=\"noreferrer noopener\">60 procent<\/a> av alla tr\u00e4d uts\u00e4tts f\u00f6r hot fr\u00e5n br\u00e4nder, skadedjur och stormar.&nbsp;<\/p>\n\n<h2 class=\"wp-block-heading\">4. <strong>Vi har redan f\u00f6rlorat 97 procent av all gammelskog i Europa<\/strong><\/h2>\n\n<figure class=\"wp-block-image is-resized\"><img loading=\"lazy\" decoding=\"async\" width=\"1200\" height=\"800\" src=\"https:\/\/www.greenpeace.org\/static\/planet4-sweden-stateless\/2024\/02\/b84fe836-gp0stq3ky.jpg\" title=\"Illegal Logging in the F\u0103g\u0103ra\u0219 Mountains in Romania. \u00a9 Cristian Grecu \/ Greenpeace\" alt=\"Illegal Logging in the F\u0103g\u0103ra\u0219 Mountains in Romania. \u00a9 Cristian Grecu \/ Greenpeace\" class=\"wp-image-58911\" style=\"width:736px;height:auto\" srcset=\"https:\/\/www.greenpeace.org\/static\/planet4-sweden-stateless\/2024\/02\/b84fe836-gp0stq3ky.jpg 1200w, https:\/\/www.greenpeace.org\/static\/planet4-sweden-stateless\/2024\/02\/b84fe836-gp0stq3ky-300x200.jpg 300w, https:\/\/www.greenpeace.org\/static\/planet4-sweden-stateless\/2024\/02\/b84fe836-gp0stq3ky-1024x683.jpg 1024w, https:\/\/www.greenpeace.org\/static\/planet4-sweden-stateless\/2024\/02\/b84fe836-gp0stq3ky-768x512.jpg 768w, https:\/\/www.greenpeace.org\/static\/planet4-sweden-stateless\/2024\/02\/b84fe836-gp0stq3ky-510x340.jpg 510w\" sizes=\"auto, (max-width: 1200px) 100vw, 1200px\" \/><figcaption><div class=\"credit icon-left\"> \u00a9 Cristian Grecu \/ Greenpeace<\/div><\/figcaption><\/figure>\n\n<p>Gammelskogar och andra naturliga skogar utg\u00f6r n\u00e5gra av de rikaste skogsekosystemen. Dessa skogar spelar en avg\u00f6rande roll f\u00f6r att bevara hela v\u00e5r planets ekosystem och fungerar som en skyddande barri\u00e4r mot konsekvenserna av klimat- och naturkrisen. Tyv\u00e4rr \u00e4r gammelskogar inom EU begr\u00e4nsade i storlek och finns bara i fragmenterade fickor. I dag utg\u00f6r de mindre \u00e4n <a href=\"https:\/\/publications.jrc.ec.europa.eu\/repository\/handle\/JRC124671\" target=\"_blank\" rel=\"noreferrer noopener\">tre procent<\/a> av den totala skogsarealen i EU.<\/p>\n\n<h2 class=\"wp-block-heading\">5. <strong>Europas biologiska m\u00e5ngfald minskar<\/strong><\/h2>\n\n<figure class=\"wp-block-image\"><img loading=\"lazy\" decoding=\"async\" width=\"1200\" height=\"800\" src=\"https:\/\/www.greenpeace.org\/static\/planet4-sweden-stateless\/2024\/02\/e6e1767c-gp1svdes.jpg\" title=\"Juvenile Ural owl in Central Estonia. \u00a9 Greenpeace \/ Karl Adami\" alt=\"Juvenile Ural owl in Central Estonia. \u00a9 Greenpeace \/ Karl Adami\" class=\"wp-image-58912\" srcset=\"https:\/\/www.greenpeace.org\/static\/planet4-sweden-stateless\/2024\/02\/e6e1767c-gp1svdes.jpg 1200w, https:\/\/www.greenpeace.org\/static\/planet4-sweden-stateless\/2024\/02\/e6e1767c-gp1svdes-300x200.jpg 300w, https:\/\/www.greenpeace.org\/static\/planet4-sweden-stateless\/2024\/02\/e6e1767c-gp1svdes-1024x683.jpg 1024w, https:\/\/www.greenpeace.org\/static\/planet4-sweden-stateless\/2024\/02\/e6e1767c-gp1svdes-768x512.jpg 768w, https:\/\/www.greenpeace.org\/static\/planet4-sweden-stateless\/2024\/02\/e6e1767c-gp1svdes-510x340.jpg 510w\" sizes=\"auto, (max-width: 1200px) 100vw, 1200px\" \/><figcaption><div class=\"credit icon-left\"> \u00a9 Greenpeace \/ Karl Adami<\/div><\/figcaption><\/figure>\n\n<p>Ist\u00e4llet f\u00f6r att vara en levande plats f\u00f6r biologisk m\u00e5ngfald har det oh\u00e5llbara industriella skogsbruket gjort v\u00e5ra skogar till livsmilj\u00f6er d\u00e4r m\u00e5nga arter inte l\u00e4ngre kan leva. Enligt Birdlife International \u00e4r mer \u00e4n <a href=\"https:\/\/www.birdlife.org\/wp-content\/uploads\/2022\/05\/BirdLife-European-Red-List-of-Birds-2021.pdf.pdf\" target=\"_blank\" rel=\"noreferrer noopener\">en fj\u00e4rdedel<\/a> av alla f\u00e5gelarter som h\u00e4rstammar fr\u00e5n skogen p\u00e5 tillbakag\u00e5ng. Den europeiska minken och den bayerska \u00e5kersorken \u00e4r b\u00e5da <a href=\"https:\/\/environment.ec.europa.eu\/publications\/status-and-distribution-european-mammals_en\" target=\"_blank\" rel=\"noreferrer noopener\">kritiskt hotade<\/a> \u2013 bara ett steg fr\u00e5n utrotning, och m\u00e5nga fler arter \u00e4r s\u00e5rbara eller hotade. Avverkning, kalhyggen och borttagande av d\u00f6d ved, stubbar och tr\u00e4d som utg\u00f6r habitat f\u00f6r v\u00e4xter och djur har en betydande negativ inverkan p\u00e5 skogsberoende arter som insekter, d\u00e4ggdjur, icke-k\u00e4rlv\u00e4xter och h\u00e4ckande f\u00e5glar.<\/p>\n\n<h2 class=\"wp-block-heading\"><strong>Det nuvarande tillst\u00e5ndet f\u00f6r Europas skogar kr\u00e4ver br\u00e5dskande och beslutsamma \u00e5tg\u00e4rder<\/strong><\/h2>\n\n<figure class=\"wp-block-image size-large\"><img loading=\"lazy\" decoding=\"async\" width=\"1024\" height=\"768\" src=\"https:\/\/www.greenpeace.org\/static\/planet4-sweden-stateless\/2021\/08\/f8aa9f6f-1_av_9_210809_muonio_rasmustq_lowres_p1233216-1024x768.jpg\" title=\"Bild fr\u00e5n n\u00e4r aktivister fr\u00e5n Greenpeace var p\u00e5 plats i Muonio sameby f\u00f6r att protestera mot Sveaskogs planerade avverkningar av lavskogar som \u00e4r viktiga renbetesomr\u00e5den.\" alt=\"Bild fr\u00e5n 2021 n\u00e4r aktivister fr\u00e5n Greenpeace var p\u00e5 plats i Muonio sameby f\u00f6r att protestera mot Sveaskogs planerade avverkningar av lavskogar som \u00e4r viktiga renbetesomr\u00e5den.\" class=\"wp-image-48227\" srcset=\"https:\/\/www.greenpeace.org\/static\/planet4-sweden-stateless\/2021\/08\/f8aa9f6f-1_av_9_210809_muonio_rasmustq_lowres_p1233216-1024x768.jpg 1024w, https:\/\/www.greenpeace.org\/static\/planet4-sweden-stateless\/2021\/08\/f8aa9f6f-1_av_9_210809_muonio_rasmustq_lowres_p1233216-300x225.jpg 300w, https:\/\/www.greenpeace.org\/static\/planet4-sweden-stateless\/2021\/08\/f8aa9f6f-1_av_9_210809_muonio_rasmustq_lowres_p1233216-768x576.jpg 768w, https:\/\/www.greenpeace.org\/static\/planet4-sweden-stateless\/2021\/08\/f8aa9f6f-1_av_9_210809_muonio_rasmustq_lowres_p1233216-1536x1152.jpg 1536w, https:\/\/www.greenpeace.org\/static\/planet4-sweden-stateless\/2021\/08\/f8aa9f6f-1_av_9_210809_muonio_rasmustq_lowres_p1233216-2048x1536.jpg 2048w, https:\/\/www.greenpeace.org\/static\/planet4-sweden-stateless\/2021\/08\/f8aa9f6f-1_av_9_210809_muonio_rasmustq_lowres_p1233216-1821x1366.jpg 1821w, https:\/\/www.greenpeace.org\/static\/planet4-sweden-stateless\/2021\/08\/f8aa9f6f-1_av_9_210809_muonio_rasmustq_lowres_p1233216-453x340.jpg 453w\" sizes=\"auto, (max-width: 1024px) 100vw, 1024px\" \/><\/figure>\n\n<p>Giriga f\u00f6retag, med st\u00f6d av banker som tillhandah\u00e5ller miljarder euro, exploaterar och f\u00f6rst\u00f6r naturen i Europa och v\u00e4rlden \u00f6ver. Det \u00e4r dags att motverka profit\u00f6rerna som riskerar v\u00e5rt v\u00e4lbefinnande och v\u00e5r biologiska m\u00e5ngfald. Europeiska beslutsfattare m\u00e5ste ta sitt ansvar f\u00f6r att skydda och \u00e5terst\u00e4lla Europas skogar p\u00e5 allvar. Till att b\u00f6rja med m\u00e5ste de omedelbart avsluta exploateringen av gammelskog och \u00f6verg\u00e5 till naturn\u00e4ra skogsbruk.<\/p>\n\n<p>Vi beh\u00f6ver akuta statliga \u00e5tg\u00e4rder f\u00f6r att mildra effekterna av klimatkrisen, stoppa profit\u00f6rerna och s\u00e4tta naturen f\u00f6rst.<\/p>\n\n<p><strong>L\u00e4s Greenpeaces krav f\u00f6r att st\u00e4rka den biologiska m\u00e5ngfalden och tillst\u00e5ndet i Europas skogar <\/strong><a href=\"https:\/\/www.greenpeace.org\/international\/campaigns\/nature-crime-files\/#:~:text=Our%20Demands&amp;text=We%20need%20undisturbed%20areas%3A%20At,where%20it%20has%20been%20degraded.\"><strong>h\u00e4r<\/strong><\/a><strong>.<\/strong><\/p>\n\n<figure class=\"wp-block-embed is-type-wp-embed is-provider-greenpeace-international wp-block-embed-greenpeace-international\"><div class=\"wp-block-embed__wrapper\">\n<blockquote class=\"wp-embedded-content\" data-secret=\"wHIRVGVnnZ\"><a href=\"https:\/\/www.greenpeace.org\/international\/campaigns\/nature-crime-files\/\">Nature Crime Files<\/a><\/blockquote><iframe loading=\"lazy\" class=\"wp-embedded-content\" sandbox=\"allow-scripts\" security=\"restricted\" style=\"position: absolute; clip: rect(1px, 1px, 1px, 1px);\" title=\"&#8220;Nature Crime Files&#8221; &#8212; Greenpeace International\" src=\"https:\/\/www.greenpeace.org\/international\/campaigns\/nature-crime-files\/embed\/#?secret=UNaWwjjApQ#?secret=wHIRVGVnnZ\" data-secret=\"wHIRVGVnnZ\" width=\"500\" height=\"282\" frameborder=\"0\" marginwidth=\"0\" marginheight=\"0\" scrolling=\"no\"><\/iframe>\n<\/div><\/figure>\n","protected":false},"excerpt":{"rendered":"<p>H\u00e4r \u00e4r fem saker du f\u00f6rmodligen inte visste om det aktuella tillst\u00e5ndet f\u00f6r europeiska skogar.<\/p>\n","protected":false},"author":103,"featured_media":45461,"comment_status":"closed","ping_status":"closed","sticky":false,"template":"","format":"standard","meta":{"ep_exclude_from_search":false,"p4_og_title":"","p4_og_description":"","p4_og_image":"","p4_og_image_id":"","p4_seo_canonical_url":"","p4_campaign_name":"Food, Forest and Nature","p4_local_project":"","p4_basket_name":"Forests","p4_department":"","footnotes":""},"categories":[22],"tags":[61,40,19],"p4-page-type":[16],"class_list":["post-58903","post","type-post","status-publish","format-standard","has-post-thumbnail","hentry","category-skog","tag-djur","tag-biodiversitet","tag-skyddaskogen","p4-page-type-artiklar"],"_links":{"self":[{"href":"https:\/\/www.greenpeace.org\/sweden\/wp-json\/wp\/v2\/posts\/58903","targetHints":{"allow":["GET"]}}],"collection":[{"href":"https:\/\/www.greenpeace.org\/sweden\/wp-json\/wp\/v2\/posts"}],"about":[{"href":"https:\/\/www.greenpeace.org\/sweden\/wp-json\/wp\/v2\/types\/post"}],"author":[{"embeddable":true,"href":"https:\/\/www.greenpeace.org\/sweden\/wp-json\/wp\/v2\/users\/103"}],"replies":[{"embeddable":true,"href":"https:\/\/www.greenpeace.org\/sweden\/wp-json\/wp\/v2\/comments?post=58903"}],"version-history":[{"count":4,"href":"https:\/\/www.greenpeace.org\/sweden\/wp-json\/wp\/v2\/posts\/58903\/revisions"}],"predecessor-version":[{"id":58985,"href":"https:\/\/www.greenpeace.org\/sweden\/wp-json\/wp\/v2\/posts\/58903\/revisions\/58985"}],"wp:featuredmedia":[{"embeddable":true,"href":"https:\/\/www.greenpeace.org\/sweden\/wp-json\/wp\/v2\/media\/45461"}],"wp:attachment":[{"href":"https:\/\/www.greenpeace.org\/sweden\/wp-json\/wp\/v2\/media?parent=58903"}],"wp:term":[{"taxonomy":"category","embeddable":true,"href":"https:\/\/www.greenpeace.org\/sweden\/wp-json\/wp\/v2\/categories?post=58903"},{"taxonomy":"post_tag","embeddable":true,"href":"https:\/\/www.greenpeace.org\/sweden\/wp-json\/wp\/v2\/tags?post=58903"},{"taxonomy":"p4-page-type","embeddable":true,"href":"https:\/\/www.greenpeace.org\/sweden\/wp-json\/wp\/v2\/p4-page-type?post=58903"}],"curies":[{"name":"wp","href":"https:\/\/api.w.org\/{rel}","templated":true}]}}