{"id":5902,"date":"2020-03-04T20:30:00","date_gmt":"2020-03-04T19:30:00","guid":{"rendered":"https:\/\/www.greenpeace.org\/sweden\/?p=5902"},"modified":"2021-12-01T13:40:06","modified_gmt":"2021-12-01T12:40:06","slug":"fem-anledningar-till-att-eus-nya-klimatlag-inte-ar-tillracklig","status":"publish","type":"post","link":"https:\/\/www.greenpeace.org\/sweden\/artiklar\/klimat\/fem-anledningar-till-att-eus-nya-klimatlag-inte-ar-tillracklig\/","title":{"rendered":"Fem anledningar till att EU:s nya klimatlag inte \u00e4r tillr\u00e4cklig"},"content":{"rendered":"\n<p>Idag presenterade Europeiska kommissionen sitt f\u00f6rslag till en klimatlag f\u00f6r EU. F\u00f6rra \u00e5ret deklarerade EU klimatn\u00f6dl\u00e4ge, i k\u00f6lvattnet av det beslutet kommer nu deras plan p\u00e5 hur man&nbsp; t\u00e4nker adressera klimatn\u00f6dl\u00e4get. Men \u00e4ven om klimatlagen \u00e4r ett steg p\u00e5 v\u00e4gen, s\u00e5 \u00e4r f\u00f6rslagen inte i linje med vad vetenskapen kr\u00e4ver. Ambitionsniv\u00e5n f\u00f6r utsl\u00e4ppsminskningarna \u00e4r alldeles f\u00f6r l\u00e5g och skulle g\u00f6ra att vi inte kan h\u00e5lla medeltemperatur\u00f6kningen inom vare sig 1,5 eller 2 grader. Greenpeace har g\u00e5tt igenom f\u00f6rslaget.<\/p>\n\n<p><strong>Fem anledningar till varf\u00f6r inte EU:s klimatlag \u00e4r tillr\u00e4cklig: <\/strong><\/p>\n\n<p>1. Den f\u00f6reslagna klimatlagen s\u00e4ger att utsl\u00e4ppen m\u00e5ste minska med 50-55 procent till 2030. Men det \u00e4r inte tillr\u00e4ckligt. Enligt en ny FN-rapport beh\u00f6ver EU minska med minst 65 procent \u00e5r 2030 f\u00f6r att vara i linje med 1,5-gradersm\u00e5let. Allts\u00e5 \u00e4r ambitionsniv\u00e5n inte verklighetsf\u00f6rankrad.<\/p>\n\n<p>2. M\u00e5len inom klimatlagen \u00e4r inte bindande f\u00f6r varje enskild medlemsstat. Det inneb\u00e4r att m\u00e5len om minskning beh\u00f6ver ske p\u00e5 EU-niv\u00e5, men inte allts\u00e5 inte hos varje medlemsland. Det inneb\u00e4r allts\u00e5 att varje land inte \u00e4r tvingat att minska sina utsl\u00e4pp med 50-55 procent. Och om land x inte minskar sina utsl\u00e4pp tillr\u00e4ckligt, beh\u00f6ver medlemsstat y kompensera f\u00f6r deras utsl\u00e4pp. <\/p>\n\n<p>3. D\u00e5 m\u00e5len inte \u00e4r bindande f\u00f6r varje enskild medlemsstat, kan inte EU pr\u00f6va en medlemsstat i r\u00e4tten efter den fem\u00e5riga utv\u00e4rderingsperioden om de inte uppfyllt m\u00e5len, d\u00e5 m\u00e5len inte var bindande fr\u00e5n f\u00f6rsta b\u00f6rjan. Det g\u00f6r allts\u00e5 att det inte finns n\u00e5gra r\u00e4ttsliga konsekvenser f\u00f6r medlemsstaterna om de inte uppfyller klimatm\u00e5len. Eftersom frivilliga initiativ f\u00f6r att stoppa klimatkrisen hittills tydligt visat sig vara otillr\u00e4ckliga, g\u00f6r det ocks\u00e5 klimatlagen otillr\u00e4cklig.<\/p>\n\n<p>4. Det finns inget slutgiltigt datum f\u00f6r n\u00e4r utfasningen av fossila br\u00e4nslen m\u00e5ste ha skett, vilket g\u00f6r att den klimatskadliga kol, olje- och gasindustrin (som \u00e4r anledningen till att vi \u00e4r i en klimatkris fr\u00e5n f\u00f6rsta b\u00f6rjan) kan forts\u00e4tta sina verksamheter och till och med \u00f6ppna nya industrier.<\/p>\n\n<p>5. Klimatlagen s\u00e4ger att den Europeiska \u201cGr\u00f6na given\u201d kommer inneb\u00e4ra en ny tillv\u00e4xtstrategi f\u00f6r Europa, trots att den starkt ifr\u00e5gasatts av Europeiska milj\u00f6byr\u00e5n d\u00e5 \u201cEuropa inte kommer uppn\u00e5 sin h\u00e5llbarhetsvision om att leva inom de plantera gr\u00e4nserna genom att forts\u00e4tta fr\u00e4mja ekonomisk tillv\u00e4xt och d\u00e4refter f\u00f6rs\u00f6ka hantera de efterf\u00f6ljande sociala- och milj\u00f6m\u00e4ssiga konsekvenserna. <\/p>\n\n<figure class=\"wp-block-image size-large  caption-style-blue-overlay caption-alignment-center\"><img loading=\"lazy\" decoding=\"async\" width=\"800\" height=\"800\" src=\"https:\/\/www.greenpeace.org\/static\/planet4-sweden-stateless\/2020\/03\/f9d9c7a1-eugif.gif\" alt=\"\" class=\"wp-image-5905\"\/><\/figure>\n\n<p><strong>Okej, men vad borde lagf\u00f6rslaget ha inneh\u00e5llit f\u00f6r att den ska vara effektiv? Jo, det har vi ocks\u00e5 svar p\u00e5. H\u00e4r kommer sju punkter som Greenpeace \u00f6nskat fanns med i f\u00f6rslaget:<\/strong><\/p>\n\n<p>1. Ett slutdatum (i enlighet med forsknings rekommendationer) f\u00f6r utfasning av fossila br\u00e4nslen och f\u00f6rbud f\u00f6r all expansion av fossil verksamhet.<\/p>\n\n<p>2. Sl\u00e5 fast att EU beh\u00f6ver vara koldioxidneutralt till 2040 och d\u00e4refter skapar negativa utsl\u00e4pp (allts\u00e5 att EU efter 2040 tar upp mer kol fr\u00e5n atmosf\u00e4ren \u00e4n den sl\u00e4pper ut)<\/p>\n\n<p>3. 65 procents minskning av utsl\u00e4ppen till 2030 i enlighet med Parisavtalets 1,5 gradersscenario.<\/p>\n\n<p>4. Skapa ett nytt, oberoende EU-organ som rapporterar till parlamentet och kommissionen och kan r\u00e5dgiva och granska medlemsstaterna planer och policies.<\/p>\n\n<p>5.Garantera en r\u00e4ttvis \u00f6verg\u00e5ng f\u00f6r alla medlemsstater och g\u00f6r klimatr\u00e4ttvisa till en&nbsp; grundl\u00e4ggande princip f\u00f6r hela EU.<\/p>\n\n<p>6. Se till att Europeiska kommissionen garanterar en drastisk minskning av koldioxidutsl\u00e4ppen fr\u00e5n unionen och \u00e4ven sitt ekologiska fotavtryck genom att skydda och restaurera v\u00e4rldens skogar.<\/p>\n\n<p>7. S\u00e4tt ett m\u00e5l att f\u00f6rdubbla de naturliga kols\u00e4nkorna till 2030 genom lagstiftning som st\u00f6djer skydd av biologisk m\u00e5ngfald.<\/p>\n\t\t\t<section\n\t\t\tclass=\"boxout post-30 \"\n\t\t\t\n\t\t>\n\t\t\t<a\n\t\t\t\tdata-ga-category=\"Take Action Boxout\"\n\t\t\t\tdata-ga-action=\"Image\"\n\t\t\t\tdata-ga-label=\"n\/a\"\n\t\t\t\tclass=\"cover-card-overlay\"\n\t\t\t\thref=\"https:\/\/www.greenpeace.org\/sweden\/agera\/stod-oss\/\" \n\t\t\t><\/a>\n\t\t\t\t\t\t\t<img\n\t\t\t\t\t\tsrc=\"https:\/\/www.greenpeace.org\/static\/planet4-sweden-stateless\/2025\/05\/87a738a4-gp034ks_medium-res-1200px-1024x685.jpg\"\n\t\t\t\t\t\tsrcset=\"https:\/\/www.greenpeace.org\/static\/planet4-sweden-stateless\/2025\/05\/87a738a4-gp034ks_medium-res-1200px-300x201.jpg 300w, https:\/\/www.greenpeace.org\/static\/planet4-sweden-stateless\/2025\/05\/87a738a4-gp034ks_medium-res-1200px-1024x685.jpg 1024w, https:\/\/www.greenpeace.org\/static\/planet4-sweden-stateless\/2025\/05\/87a738a4-gp034ks_medium-res-1200px-768x514.jpg 768w, https:\/\/www.greenpeace.org\/static\/planet4-sweden-stateless\/2025\/05\/87a738a4-gp034ks_medium-res-1200px-508x340.jpg 508w, https:\/\/www.greenpeace.org\/static\/planet4-sweden-stateless\/2025\/05\/87a738a4-gp034ks_medium-res-1200px.jpg 1200w\"\n\t\t\t\t\t\tsizes=\"(min-width: 1000px) 358px, (min-width: 780px) 313px, 88px\"\n\t\t\t\t\t\talt=\"\" title=\"\"\n\t\t\t\t\/>\n            \t\t\t<div class=\"boxout-content\">\n\t\t\t\t\t\t\t\t\t<a\n\t\t\t\t\t\tclass=\"boxout-heading medium\"\n\t\t\t\t\t\tdata-ga-category=\"Take Action Boxout\"\n\t\t\t\t\t\tdata-ga-action=\"Title\"\n\t\t\t\t\t\tdata-ga-label=\"n\/a\"\n\t\t\t\t\t\thref=\"https:\/\/www.greenpeace.org\/sweden\/agera\/stod-oss\/\"\n\t\t\t\t\t\t\n\t\t\t\t\t>\n\t\t\t\t\t\tSt\u00f6d Greenpeace arbete\n\t\t\t\t\t<\/a>\n\t\t\t\t\t\t\t\t\t\t\t\t\t<p class=\"boxout-excerpt\">Vill du vara med och skapa en b\u00e4ttre v\u00e4rld f\u00f6r nuvarande och kommande generationer? Bli m\u00e5nadsgivare idag.<\/p>\n\t\t\t\t                                    <a\n                        class=\"btn btn-primary\"\n                        data-ga-category=\"Take Action Boxout\"\n                        data-ga-action=\"Call to Action\"\n                        data-ga-label=\"n\/a\"\n                        href=\"https:\/\/www.greenpeace.org\/sweden\/agera\/stod-oss\/\"\n                        \n                    >\n                        Engagera dig\n                    <\/a>\n                \t\t\t<\/div>\n\t\t\t\t\t<\/section>\n\t","protected":false},"excerpt":{"rendered":"<p>Men \u00e4ven om klimatlagen \u00e4r ett steg p\u00e5 v\u00e4gen, s\u00e5 \u00e4r f\u00f6rslagen inte i linje med vad vetenskapen kr\u00e4ver. Ambitionsniv\u00e5n f\u00f6r utsl\u00e4ppsminskningarna \u00e4r alldeles f\u00f6r l\u00e5g och skulle g\u00f6ra att vi inte kan h\u00e5lla medeltemperatur\u00f6kningen inom vare sig 1,5 eller 2 grader. Greenpeace har g\u00e5tt igenom f\u00f6rslaget.<\/p>\n","protected":false},"author":34,"featured_media":5905,"comment_status":"closed","ping_status":"open","sticky":false,"template":"","format":"standard","meta":{"ep_exclude_from_search":false,"p4_og_title":"","p4_og_description":"","p4_og_image":"","p4_og_image_id":"","p4_seo_canonical_url":"","p4_campaign_name":"not set","p4_local_project":"","p4_basket_name":"not set","p4_department":"","footnotes":""},"categories":[2],"tags":[23,25],"p4-page-type":[],"class_list":["post-5902","post","type-post","status-publish","format-standard","has-post-thumbnail","hentry","category-klimat","tag-globaluppvarmning","tag-hallbarenergi"],"_links":{"self":[{"href":"https:\/\/www.greenpeace.org\/sweden\/wp-json\/wp\/v2\/posts\/5902","targetHints":{"allow":["GET"]}}],"collection":[{"href":"https:\/\/www.greenpeace.org\/sweden\/wp-json\/wp\/v2\/posts"}],"about":[{"href":"https:\/\/www.greenpeace.org\/sweden\/wp-json\/wp\/v2\/types\/post"}],"author":[{"embeddable":true,"href":"https:\/\/www.greenpeace.org\/sweden\/wp-json\/wp\/v2\/users\/34"}],"replies":[{"embeddable":true,"href":"https:\/\/www.greenpeace.org\/sweden\/wp-json\/wp\/v2\/comments?post=5902"}],"version-history":[{"count":2,"href":"https:\/\/www.greenpeace.org\/sweden\/wp-json\/wp\/v2\/posts\/5902\/revisions"}],"predecessor-version":[{"id":49812,"href":"https:\/\/www.greenpeace.org\/sweden\/wp-json\/wp\/v2\/posts\/5902\/revisions\/49812"}],"wp:featuredmedia":[{"embeddable":true,"href":"https:\/\/www.greenpeace.org\/sweden\/wp-json\/wp\/v2\/media\/5905"}],"wp:attachment":[{"href":"https:\/\/www.greenpeace.org\/sweden\/wp-json\/wp\/v2\/media?parent=5902"}],"wp:term":[{"taxonomy":"category","embeddable":true,"href":"https:\/\/www.greenpeace.org\/sweden\/wp-json\/wp\/v2\/categories?post=5902"},{"taxonomy":"post_tag","embeddable":true,"href":"https:\/\/www.greenpeace.org\/sweden\/wp-json\/wp\/v2\/tags?post=5902"},{"taxonomy":"p4-page-type","embeddable":true,"href":"https:\/\/www.greenpeace.org\/sweden\/wp-json\/wp\/v2\/p4-page-type?post=5902"}],"curies":[{"name":"wp","href":"https:\/\/api.w.org\/{rel}","templated":true}]}}