{"id":59248,"date":"2024-03-12T15:54:15","date_gmt":"2024-03-12T14:54:15","guid":{"rendered":"https:\/\/www.greenpeace.org\/sweden\/?p=59248"},"modified":"2024-03-21T14:04:34","modified_gmt":"2024-03-21T13:04:34","slug":"visste-du-att-en-unik-del-av-det-svenska-djurskyddet-hotas","status":"publish","type":"post","link":"https:\/\/www.greenpeace.org\/sweden\/artiklar\/klimat\/visste-du-att-en-unik-del-av-det-svenska-djurskyddet-hotas\/","title":{"rendered":"Visste du att en unik del av det svenska djurskyddet hotas?"},"content":{"rendered":"\n<p>Att vi i Sverige beh\u00f6ver minska konsumtionen av r\u00f6tt k\u00f6tt f\u00f6r klimatet och v\u00e5r h\u00e4lsa finns det ingen vetenskaplig tvekan om, detta s\u00e4ger b\u00e5de Livsmedelsverket och de Nordiska N\u00e4ringsrekommendationerna. Samtidigt vet vi att kor h\u00e4r i Sverige bidrar till biologisk m\u00e5ngfald och de \u00f6ppna landskapen. Det kan dock bara kossorna g\u00f6ra om de f\u00e5r vara ute och vara just kossor, och <strong>nu hotas deras r\u00e4tt till ett naturligt liv.<\/strong><\/p>\n\n<figure class=\"wp-block-image size-large\"><img loading=\"lazy\" decoding=\"async\" width=\"1024\" height=\"340\" src=\"https:\/\/www.greenpeace.org\/static\/planet4-sweden-stateless\/2024\/03\/69d3d269-kor1-1024x340.jpg\" alt=\"\" class=\"wp-image-59253\" srcset=\"https:\/\/www.greenpeace.org\/static\/planet4-sweden-stateless\/2024\/03\/69d3d269-kor1-1024x340.jpg 1024w, https:\/\/www.greenpeace.org\/static\/planet4-sweden-stateless\/2024\/03\/69d3d269-kor1-300x100.jpg 300w, https:\/\/www.greenpeace.org\/static\/planet4-sweden-stateless\/2024\/03\/69d3d269-kor1-768x255.jpg 768w, https:\/\/www.greenpeace.org\/static\/planet4-sweden-stateless\/2024\/03\/69d3d269-kor1-510x169.jpg 510w, https:\/\/www.greenpeace.org\/static\/planet4-sweden-stateless\/2024\/03\/69d3d269-kor1.jpg 1502w\" sizes=\"auto, (max-width: 1024px) 100vw, 1024px\" \/><\/figure>\n\n<p>Den gamla hederliga bilden p\u00e5 tunnelbanan p\u00e5 en ko som st\u00e5r ute i det gr\u00f6na har vi alla v\u00e4xt upp med. Det \u00e4r s\u00e5 vi t\u00e4nker att kor i Sverige b\u00f6r leva. Att de f\u00e5r vara ute och beta och leva naturligt i de \u00f6ppna landskapen. Nu \u00e4r fr\u00e5gan, \u00e4r det verkligen s\u00e5 det ser ut idag? <strong>Alldeles f\u00f6r s\u00e4llan tyv\u00e4rr.<\/strong> Och just nu p\u00e5g\u00e5r dessutom politiska f\u00f6rs\u00f6k att vidare begr\u00e4nsa kossornas r\u00e4tt att f\u00e5r vara ute och beta.<\/p>\n\n<p><strong>I den svenska djurskyddslagstiftningen<\/strong> finns ett s\u00e5 kallat <strong>beteskrav <\/strong>som s\u00e4ger att alla mj\u00f6lkkor ska f\u00e5 g\u00e5 ut minst sex timmar per dag, 2-4 m\u00e5nader per \u00e5r. Detta \u00e4r inte mycket, men \u00e4nd\u00e5 n\u00e5got v\u00e4rldsunikt som s\u00e4krar att m\u00e5nga kossor f\u00e5r leva ett liv som just kossor. Idag till\u00e5ts redan undantag fr\u00e5n detta och <strong>en fj\u00e4rdedel av alla svenska n\u00f6tkreatur f\u00e5r aldrig beta utomhus, under hela sina liv.<\/strong> Om beteskravet avskaffas skulle det bli lagligt att aldrig sl\u00e4ppa ut mj\u00f6lkkorna.<\/p>\n\n<figure class=\"wp-block-image size-large is-resized\"><img loading=\"lazy\" decoding=\"async\" width=\"1024\" height=\"673\" src=\"https:\/\/www.greenpeace.org\/static\/planet4-sweden-stateless\/2024\/03\/7a4d3912-gp1t1mbf_medium_res-1024x673.jpg\" alt=\"\" class=\"wp-image-59259\" style=\"width:855px;height:auto\" srcset=\"https:\/\/www.greenpeace.org\/static\/planet4-sweden-stateless\/2024\/03\/7a4d3912-gp1t1mbf_medium_res-1024x673.jpg 1024w, https:\/\/www.greenpeace.org\/static\/planet4-sweden-stateless\/2024\/03\/7a4d3912-gp1t1mbf_medium_res-300x197.jpg 300w, https:\/\/www.greenpeace.org\/static\/planet4-sweden-stateless\/2024\/03\/7a4d3912-gp1t1mbf_medium_res-768x505.jpg 768w, https:\/\/www.greenpeace.org\/static\/planet4-sweden-stateless\/2024\/03\/7a4d3912-gp1t1mbf_medium_res-510x335.jpg 510w, https:\/\/www.greenpeace.org\/static\/planet4-sweden-stateless\/2024\/03\/7a4d3912-gp1t1mbf_medium_res.jpg 1200w\" sizes=\"auto, (max-width: 1024px) 100vw, 1024px\" \/><\/figure>\n\n<h2 class=\"wp-block-heading\"><strong>Men det \u00f6ppna landskapet d\u00e5?<\/strong> <strong>\u00c4r inte betande djur viktiga f\u00f6r den biologiska m\u00e5ngfalden?<\/strong><\/h2>\n\n<p>Jo, <a href=\"https:\/\/jordbruksverket.se\/vaxter\/odling\/biologisk-mangfald\/angs--och-betesmarker\">betande djur \u00e4r viktiga f\u00f6r den biologiska m\u00e5ngfalden<\/a> just p\u00e5 grund av att de funnits s\u00e5 l\u00e4nge och bidragit till att vi har n\u00e5got som kallas naturbetes\u00e4ngar. Naturbetes\u00e4ngar \u00e4r faktiskt en av de mest artrika habitaten i Europa! <strong>Men det \u00e4r bara n\u00e5gra procent av alla kor i Sverige som f\u00e5r g\u00e5 p\u00e5 naturbete.<\/strong> D\u00e4r bidrar de med lagom mycket st\u00f6rning fr\u00e5n deras betande och trampande, vilket g\u00f6r det m\u00f6jligt f\u00f6r en stor m\u00e4ngd arter att frodas.<\/p>\n\n<figure class=\"wp-block-image size-large\"><img loading=\"lazy\" decoding=\"async\" width=\"1024\" height=\"683\" src=\"https:\/\/www.greenpeace.org\/static\/planet4-sweden-stateless\/2024\/03\/d23c72ce-gp0stw3gn_medium_res-1024x683.jpg\" alt=\"\" class=\"wp-image-59257\" srcset=\"https:\/\/www.greenpeace.org\/static\/planet4-sweden-stateless\/2024\/03\/d23c72ce-gp0stw3gn_medium_res-1024x683.jpg 1024w, https:\/\/www.greenpeace.org\/static\/planet4-sweden-stateless\/2024\/03\/d23c72ce-gp0stw3gn_medium_res-300x200.jpg 300w, https:\/\/www.greenpeace.org\/static\/planet4-sweden-stateless\/2024\/03\/d23c72ce-gp0stw3gn_medium_res-768x512.jpg 768w, https:\/\/www.greenpeace.org\/static\/planet4-sweden-stateless\/2024\/03\/d23c72ce-gp0stw3gn_medium_res-510x340.jpg 510w, https:\/\/www.greenpeace.org\/static\/planet4-sweden-stateless\/2024\/03\/d23c72ce-gp0stw3gn_medium_res.jpg 1200w\" sizes=\"auto, (max-width: 1024px) 100vw, 1024px\" \/><\/figure>\n\n<p>Kor bidrar allts\u00e5 till en h\u00f6g biologisk m\u00e5ngfald om de f\u00e5r beta p\u00e5 naturliga platser. Sverige har ocks\u00e5 mycket l\u00e4mplig mark, inte minst f\u00f6r skogsbete, som \u00e4r en stor m\u00f6jlighet och har visat sig vara gynnsam b\u00e5de f\u00f6r skogen och korna. Trots att b\u00f6nder som sl\u00e4pper ut kor i skogsomr\u00e5den f\u00e5r extra bidrag \u00e4r det alldeles f\u00f6r f\u00e5 som g\u00f6r det. Det finns allts\u00e5 stor potential till ut\u00f6kat naturbete. Om mark\u00e4gare, b\u00f6nder och biologer kunde samarbeta f\u00f6r att skapa de b\u00e4sta m\u00f6jliga f\u00f6ruts\u00e4ttningarna f\u00f6r kossorna och naturen vore detta guld v\u00e4rt.<\/p>\n\n<h2 class=\"wp-block-heading\"><strong>De som nu vill avskaffa beteskravet menar att korna har allt de beh\u00f6ver inomhus<\/strong>..<\/h2>\n\n<p>Jo, men det har v\u00e4l vi ocks\u00e5 egentligen och hur skulle du m\u00e5 av att vara inl\u00e5st hela ditt liv? Till skillnad fr\u00e5n en del stadsbor s\u00e5 t\u00e5 dessutom kor v\u00e4dret i stora delar av v\u00e5rt land och skulle klara av att vara ute mycket mer \u00e4n bara p\u00e5 sommaren.<\/p>\n\n<p><strong>M\u00e5nga kor spenderar redan st\u00f6rsta delen av sina liv inomhus.<\/strong> En fj\u00e4rdedel av Sveriges n\u00f6tkreatur f\u00e5r aldrig g\u00e5 ut alls. Detta m\u00e5ste \u00e4ndras! Det finns studier som tydligt visar att kor som \u00e4r inomhus f\u00e5r s\u00e4mre h\u00e4lsa, bland annat problem med inflammation, kl\u00f6v och ledproblem samt neurologiska sjukdomar. Bara kor som f\u00e5r vara utomhus f\u00e5r anv\u00e4nda sina sinnen fullt ut, k\u00e4nna solen, gr\u00e4set och alla viktiga lukter. De f\u00e5r \u00e4ven en mer social tillvaro. Att kunna l\u00e4gga sig ner \u00e4r av stor vikt f\u00f6r kossor. Gr\u00e4smark \u00e4r mycket bekv\u00e4mare \u00e4n golv och bekv\u00e4ma kor lider av mindre stress vilket enligt studier \u00e4ven ger en h\u00f6gre mj\u00f6lkproduktion.<\/p>\n\n<figure class=\"wp-block-image size-large\"><img loading=\"lazy\" decoding=\"async\" width=\"1024\" height=\"683\" src=\"https:\/\/www.greenpeace.org\/static\/planet4-sweden-stateless\/2024\/03\/c6cdb67a-cows_feeding-indoors-1024x683.jpeg\" alt=\"\" class=\"wp-image-59274\" srcset=\"https:\/\/www.greenpeace.org\/static\/planet4-sweden-stateless\/2024\/03\/c6cdb67a-cows_feeding-indoors-1024x683.jpeg 1024w, https:\/\/www.greenpeace.org\/static\/planet4-sweden-stateless\/2024\/03\/c6cdb67a-cows_feeding-indoors-300x200.jpeg 300w, https:\/\/www.greenpeace.org\/static\/planet4-sweden-stateless\/2024\/03\/c6cdb67a-cows_feeding-indoors-768x512.jpeg 768w, https:\/\/www.greenpeace.org\/static\/planet4-sweden-stateless\/2024\/03\/c6cdb67a-cows_feeding-indoors-1536x1024.jpeg 1536w, https:\/\/www.greenpeace.org\/static\/planet4-sweden-stateless\/2024\/03\/c6cdb67a-cows_feeding-indoors-2048x1366.jpeg 2048w, https:\/\/www.greenpeace.org\/static\/planet4-sweden-stateless\/2024\/03\/c6cdb67a-cows_feeding-indoors-510x340.jpeg 510w\" sizes=\"auto, (max-width: 1024px) 100vw, 1024px\" \/><\/figure>\n\n<p>I en annan studie s\u00e5g man att kor la mycket energi p\u00e5 att \u00f6ppna en tung d\u00f6rr f\u00f6r att komma ut p\u00e5 bete, inte utav hunger d\u00e5 de redan f\u00e5tt foder, men f\u00f6r att de ville ut. Kor vill helt enkelt beta. Kossornas v\u00e4lm\u00e5ende borde i sig vara anledning nog till att beteskravet f\u00f6rb\u00e4ttras, och sj\u00e4lvklart inte slopas, men det finns \u00e4ven viktiga milj\u00f6aspekter som spelar in.<\/p>\n\n<h2 class=\"wp-block-heading\"><strong>Beteskravet m\u00e5ste ut\u00f6kas, inte f\u00f6rsvinna<\/strong><\/h2>\n\n<p>Idag betar majoriteten av kossorna p\u00e5 \u00e5kermark som i m\u00e5nga fall skulle kunna anv\u00e4ndas f\u00f6r v\u00e4xtbaserad odling. Om vi i framtiden kan \u00f6verg\u00e5 till att l\u00e5ta \u00e5krar anv\u00e4ndas fr\u00e4mst f\u00f6r just v\u00e4xtbaserade livsmedel och l\u00e5ta korna beta p\u00e5 naturbete, skulle vi komma en l\u00e5ng v\u00e4g mot ett h\u00e5llbarare jordbruk. <a href=\"https:\/\/www.atl.nu\/beteskravet-raddar-mindre-gardar\">Detta skulle \u00e4ven st\u00f6dja de mindre bondg\u00e5rdarna som idag \u00e4ts upp av de st\u00f6rre<\/a>.<\/p>\n\n<figure class=\"wp-block-image size-large\"><img loading=\"lazy\" decoding=\"async\" width=\"1024\" height=\"683\" src=\"https:\/\/www.greenpeace.org\/static\/planet4-sweden-stateless\/2024\/03\/ee2aa16b-gp0stxwt1_medium_res-1024x683.jpg\" alt=\"\" class=\"wp-image-59264\" srcset=\"https:\/\/www.greenpeace.org\/static\/planet4-sweden-stateless\/2024\/03\/ee2aa16b-gp0stxwt1_medium_res-1024x683.jpg 1024w, https:\/\/www.greenpeace.org\/static\/planet4-sweden-stateless\/2024\/03\/ee2aa16b-gp0stxwt1_medium_res-300x200.jpg 300w, https:\/\/www.greenpeace.org\/static\/planet4-sweden-stateless\/2024\/03\/ee2aa16b-gp0stxwt1_medium_res-768x512.jpg 768w, https:\/\/www.greenpeace.org\/static\/planet4-sweden-stateless\/2024\/03\/ee2aa16b-gp0stxwt1_medium_res-510x340.jpg 510w, https:\/\/www.greenpeace.org\/static\/planet4-sweden-stateless\/2024\/03\/ee2aa16b-gp0stxwt1_medium_res.jpg 1200w\" sizes=\"auto, (max-width: 1024px) 100vw, 1024px\" \/><\/figure>\n\n<p>Och en liten klimatbonus \u00e4r att <a href=\"https:\/\/jordbruksverket.se\/jordbruket-miljon-och-klimatet\/forskning-om-ekologisk-produktion\/arkiv\/2023-06-13-betande-kor-kan-ge-mindre-metan-an-kor-pa-stall\">betande kor kan sl\u00e4ppa ut 20\u201330% mindre metan \u00e4n kor p\u00e5 stall<\/a>, enligt en studie publicerad av Jordbruksverket.<\/p>\n\n<p><strong>Vi menar att beteskravet m\u00e5ste ut\u00f6kas s\u00e5 att alla kor inom jordbruket f\u00e5r r\u00e4tt att vara ute och beta.<\/strong>\u00a0D\u00e4rf\u00f6r har vi nu g\u00e5tt samman med\u00a0<em>Djurskyddet<\/em>,\u00a0<em>Djurens r\u00e4tt<\/em>,\u00a0<em>Vi konsumenter<\/em>,\u00a0<em>Animal World Protection<\/em>\u00a0och\u00a0<em>Svenska djurskyddsf\u00f6reningen<\/em>\u00a0f\u00f6r att skydda det svenska beteskravet.<\/p>\n\n<h4 class=\"wp-block-heading\"><strong>Skriv p\u00e5 du ocks\u00e5 p\u00e5 &#8211; \u00a0<a href=\"https:\/\/click.norden.greenpeace.org\/?qs=9a73b1178006254e03ec8dbaa5a5f74ae3b455aee97ee4e5233056ed38f06f0aa001959a057880e4821b9eb3170bc9cefc1eb17e73b6ceebc2201fde0fae821c\" target=\"_blank\" rel=\"noreferrer noopener\">jagvillbeta.se<\/a><\/strong>\u00a0<\/h4>\n","protected":false},"excerpt":{"rendered":"<p>Kor h\u00e4r i Sverige kan bidrar till biologisk m\u00e5ngfald, men bara om de f\u00e5r vara ute och vara just kossor. Nu hotas deras r\u00e4tt till ett naturligt liv.<\/p>\n","protected":false},"author":112,"featured_media":59253,"comment_status":"closed","ping_status":"closed","sticky":false,"template":"","format":"standard","meta":{"ep_exclude_from_search":false,"p4_og_title":"","p4_og_description":"","p4_og_image":"","p4_og_image_id":"","p4_seo_canonical_url":"","p4_campaign_name":"","p4_local_project":"","p4_basket_name":"","p4_department":"","footnotes":""},"categories":[2],"tags":[40,27,53],"p4-page-type":[16],"class_list":["post-59248","post","type-post","status-publish","format-standard","has-post-thumbnail","hentry","category-klimat","tag-biodiversitet","tag-matproduktion","tag-svenskpolitik","p4-page-type-artiklar"],"_links":{"self":[{"href":"https:\/\/www.greenpeace.org\/sweden\/wp-json\/wp\/v2\/posts\/59248","targetHints":{"allow":["GET"]}}],"collection":[{"href":"https:\/\/www.greenpeace.org\/sweden\/wp-json\/wp\/v2\/posts"}],"about":[{"href":"https:\/\/www.greenpeace.org\/sweden\/wp-json\/wp\/v2\/types\/post"}],"author":[{"embeddable":true,"href":"https:\/\/www.greenpeace.org\/sweden\/wp-json\/wp\/v2\/users\/112"}],"replies":[{"embeddable":true,"href":"https:\/\/www.greenpeace.org\/sweden\/wp-json\/wp\/v2\/comments?post=59248"}],"version-history":[{"count":8,"href":"https:\/\/www.greenpeace.org\/sweden\/wp-json\/wp\/v2\/posts\/59248\/revisions"}],"predecessor-version":[{"id":59277,"href":"https:\/\/www.greenpeace.org\/sweden\/wp-json\/wp\/v2\/posts\/59248\/revisions\/59277"}],"wp:featuredmedia":[{"embeddable":true,"href":"https:\/\/www.greenpeace.org\/sweden\/wp-json\/wp\/v2\/media\/59253"}],"wp:attachment":[{"href":"https:\/\/www.greenpeace.org\/sweden\/wp-json\/wp\/v2\/media?parent=59248"}],"wp:term":[{"taxonomy":"category","embeddable":true,"href":"https:\/\/www.greenpeace.org\/sweden\/wp-json\/wp\/v2\/categories?post=59248"},{"taxonomy":"post_tag","embeddable":true,"href":"https:\/\/www.greenpeace.org\/sweden\/wp-json\/wp\/v2\/tags?post=59248"},{"taxonomy":"p4-page-type","embeddable":true,"href":"https:\/\/www.greenpeace.org\/sweden\/wp-json\/wp\/v2\/p4-page-type?post=59248"}],"curies":[{"name":"wp","href":"https:\/\/api.w.org\/{rel}","templated":true}]}}