{"id":59608,"date":"2024-03-21T15:34:22","date_gmt":"2024-03-21T14:34:22","guid":{"rendered":"https:\/\/www.greenpeace.org\/sweden\/?p=59608"},"modified":"2024-03-21T15:34:28","modified_gmt":"2024-03-21T14:34:28","slug":"klimatpolitiska-radet-tydligt-regeringen-bryter-mot-klimatlagen","status":"publish","type":"post","link":"https:\/\/www.greenpeace.org\/sweden\/pressmeddelanden\/klimat\/klimatpolitiska-radet-tydligt-regeringen-bryter-mot-klimatlagen\/","title":{"rendered":"Klimatpolitiska r\u00e5det tydligt: regeringen bryter mot klimatlagen"},"content":{"rendered":"\n<p><strong>I dag presenterade Klimatpolitiska r\u00e5det sin \u00e5rliga rapport. Denna g\u00e5ng har rapporten stort fokus p\u00e5 regeringens klimatpolitiska handlingsplan och huruvida regeringen uppfyller klimatlagen. Det korta svaret fr\u00e5n r\u00e5det \u00e4r: handlingsplanen \u00e4r missvisande, brister i saklighet och regeringen bryter mot klimatlagens krav. Greenpeace kommenterar och st\u00e4mmer in i kritiken.<\/strong><\/p>\n\n<p>Bakom kommentarerna st\u00e5r <strong>Erika Bjureby, Sverigechef Greenpeace.<\/strong><\/p>\n\n<p>&#8211; Det Klimatpolitiska r\u00e5det s\u00e4ger \u00e4r att regeringen inte g\u00f6r sitt jobb, fast med andra ord. R\u00e5det s\u00e4ger bland annat att regeringen bryter mot klimatlagens krav, att handlingsplanen \u00e4r missvisande och brister i saklighet. Det \u00e4r uppenbart att den \u00f6vergripande slutsatsen fr\u00e5n Klimatpolitiska r\u00e5det \u00e4r att regeringens klimatpolitik f\u00e5r betyget icke godk\u00e4nt. De s\u00e4ger till och med att den \u00e4r on\u00f6digt riskfylld.&nbsp;<\/p>\n\n<p>&#8211; Greenpeace st\u00e4mmer in i den kritik som Klimatpolitiska r\u00e5det lyfter. Det \u00e4r samma argument som Greenpeace tidigare har lyft, till exempel att vi beh\u00f6ver skydda mer skog och att ett alltf\u00f6r stort fokus p\u00e5 k\u00e4rnkraft och utsl\u00e4ppshandel fungerar som distraktioner. Handlingsplanen saknar en plan b\u00e5de p\u00e5 kort och l\u00e5ng sikt och d\u00e4rf\u00f6r har vi tidigare uppmanat klimatminister Romina Pourmokhtari (L) att leva upp till sitt tidigare l\u00f6fte om att avg\u00e5, vilket vi st\u00e5r fast vid. Det h\u00e4r visar att hon har misslyckats med sitt uppdrag som klimatminister.<\/p>\n\n<p><strong>Kontakt vid medief\u00f6rfr\u00e5gningar<\/strong><\/p>\n\n<p>Christopher Engberg Dahl, kommunikationsansvarig Greenpeace Sverige<br><a href=\"mailto:christopher.dahl@greenpeace.org\">christopher.dahl@greenpeace.org<\/a><br>0791421453<\/p>\n","protected":false},"excerpt":{"rendered":"<p>Greenpeace kommenterar Klimatpolitiska r\u00e5dets rapport.<\/p>\n","protected":false},"author":103,"featured_media":59173,"comment_status":"closed","ping_status":"closed","sticky":false,"template":"","format":"standard","meta":{"ep_exclude_from_search":false,"p4_og_title":"","p4_og_description":"","p4_og_image":"","p4_og_image_id":"","p4_seo_canonical_url":"","p4_campaign_name":"","p4_local_project":"","p4_basket_name":"Political &amp; Business","p4_department":"","footnotes":""},"categories":[2],"tags":[53,19,25,23],"p4-page-type":[14],"class_list":["post-59608","post","type-post","status-publish","format-standard","has-post-thumbnail","hentry","category-klimat","tag-svenskpolitik","tag-skyddaskogen","tag-hallbarenergi","tag-globaluppvarmning","p4-page-type-pressmeddelanden"],"_links":{"self":[{"href":"https:\/\/www.greenpeace.org\/sweden\/wp-json\/wp\/v2\/posts\/59608","targetHints":{"allow":["GET"]}}],"collection":[{"href":"https:\/\/www.greenpeace.org\/sweden\/wp-json\/wp\/v2\/posts"}],"about":[{"href":"https:\/\/www.greenpeace.org\/sweden\/wp-json\/wp\/v2\/types\/post"}],"author":[{"embeddable":true,"href":"https:\/\/www.greenpeace.org\/sweden\/wp-json\/wp\/v2\/users\/103"}],"replies":[{"embeddable":true,"href":"https:\/\/www.greenpeace.org\/sweden\/wp-json\/wp\/v2\/comments?post=59608"}],"version-history":[{"count":1,"href":"https:\/\/www.greenpeace.org\/sweden\/wp-json\/wp\/v2\/posts\/59608\/revisions"}],"predecessor-version":[{"id":59609,"href":"https:\/\/www.greenpeace.org\/sweden\/wp-json\/wp\/v2\/posts\/59608\/revisions\/59609"}],"wp:featuredmedia":[{"embeddable":true,"href":"https:\/\/www.greenpeace.org\/sweden\/wp-json\/wp\/v2\/media\/59173"}],"wp:attachment":[{"href":"https:\/\/www.greenpeace.org\/sweden\/wp-json\/wp\/v2\/media?parent=59608"}],"wp:term":[{"taxonomy":"category","embeddable":true,"href":"https:\/\/www.greenpeace.org\/sweden\/wp-json\/wp\/v2\/categories?post=59608"},{"taxonomy":"post_tag","embeddable":true,"href":"https:\/\/www.greenpeace.org\/sweden\/wp-json\/wp\/v2\/tags?post=59608"},{"taxonomy":"p4-page-type","embeddable":true,"href":"https:\/\/www.greenpeace.org\/sweden\/wp-json\/wp\/v2\/p4-page-type?post=59608"}],"curies":[{"name":"wp","href":"https:\/\/api.w.org\/{rel}","templated":true}]}}