{"id":60227,"date":"2024-05-27T12:13:24","date_gmt":"2024-05-27T11:13:24","guid":{"rendered":"https:\/\/www.greenpeace.org\/sweden\/?p=60227"},"modified":"2024-11-05T14:08:06","modified_gmt":"2024-11-05T13:08:06","slug":"hur-anvande-greenpeace-insamlade-medel-under-2023-och-varifran-kom-de","status":"publish","type":"post","link":"https:\/\/www.greenpeace.org\/sweden\/artiklar\/greenpeace\/hur-anvande-greenpeace-insamlade-medel-under-2023-och-varifran-kom-de\/","title":{"rendered":"Hur anv\u00e4nde Greenpeace insamlade medel under 2023, och varifr\u00e5n kom de?"},"content":{"rendered":"\n<p><strong>Ett globalt avtal f\u00f6r v\u00e4rldshaven, en milj\u00f6katastrof f\u00f6rhindrad i R\u00f6da havet och stopp av import av giftigt spillvatten till Danmark \u00e4r bara n\u00e5gra av de <a href=\"https:\/\/www.greenpeace.org\/sweden\/artiklar\/greenpeace\/aret-som-gatt-fantastiska-naturbilder-och-segrar-fran-2023\/\" data-type=\"link\" data-id=\"https:\/\/www.greenpeace.org\/sweden\/artiklar\/greenpeace\/aret-som-gatt-fantastiska-naturbilder-och-segrar-fran-2023\/\" target=\"_blank\" rel=\"noreferrer noopener\">fantastiska resultat<\/a> som vi uppn\u00e5dde under 2023 tack vare st\u00f6det fr\u00e5n engagerade och givmilda m\u00e4nniskor i Norden. Tusen tack till alla som valde att g\u00f6ra n\u00e5got f\u00f6r att skydda klimatet och naturen!<\/strong><\/p>\n\n<p>H\u00e4r nedan kan du l\u00e4sa om hur Greenpeace Norden anv\u00e4nde insamlade medel, och var de kom ifr\u00e5n under 2023.<\/p>\n\n<h2 class=\"wp-block-heading\">Kampanjer under 2023 &#8211; s\u00e5 h\u00e4r anv\u00e4nde vi insamlade medel<\/h2>\n\n<div class=\"wp-block-group is-layout-constrained wp-block-group-is-layout-constrained\">\n<figure class=\"wp-block-image aligncenter size-full is-resized\"><img loading=\"lazy\" decoding=\"async\" width=\"640\" height=\"320\" src=\"https:\/\/www.greenpeace.org\/static\/planet4-sweden-stateless\/2024\/05\/b0390c26-expenditure_diagram-_2023_se.png\" alt=\"\" class=\"wp-image-60231\" style=\"width:748px;height:auto\" srcset=\"https:\/\/www.greenpeace.org\/static\/planet4-sweden-stateless\/2024\/05\/b0390c26-expenditure_diagram-_2023_se.png 640w, https:\/\/www.greenpeace.org\/static\/planet4-sweden-stateless\/2024\/05\/b0390c26-expenditure_diagram-_2023_se-300x150.png 300w, https:\/\/www.greenpeace.org\/static\/planet4-sweden-stateless\/2024\/05\/b0390c26-expenditure_diagram-_2023_se-510x255.png 510w\" sizes=\"auto, (max-width: 640px) 100vw, 640px\" \/><\/figure>\n<\/div>\n\n<h3 class=\"wp-block-heading\"><strong>Klimat och energi<\/strong><\/h3>\n\n<p>Det kampanjomr\u00e5de vi anv\u00e4nde mest pengar p\u00e5 under 2023 var klimat och energi. Jordens klimat \u00e4r p\u00e5 v\u00e4g att kollapsa p\u00e5 grund av klimatf\u00f6r\u00e4ndringar skapade av m\u00e4nskliga aktiviteter. Med det internationella projektet <a href=\"https:\/\/www.greenpeace.org\/international\/campaigns\/money-for-change\/\" target=\"_blank\" rel=\"noreferrer noopener\">Money for Change<\/a>, som Greenpeace Norden \u00e4r med och finansierar, arbetade vi under 2023 f\u00f6r att bromsa klimatkrisen genom att f\u00e5 banker och investeringsf\u00f6retag att flytta pengar fr\u00e5n fossila br\u00e4nslen till <a href=\"https:\/\/www.greenpeace.org\/sweden\/energi\/fornybar-energi\/\" target=\"_blank\" rel=\"noreferrer noopener\">f\u00f6rnybar energi<\/a>.&nbsp;<\/p>\n\n<p><br>I Sverige har Greenpeace, \u00e4nda sedan regeringen lade ned Milj\u00f6departementet, i protest l\u00e5tit Milj\u00f6departementet leva vidare i exil, bland folket. Som en del av den kampanjen <a href=\"https:\/\/www.greenpeace.org\/sweden\/pressmeddelanden\/klimat\/granskning-ett-ar-vid-makten-sa-har-tidopartierna-agerat-i-klimat-och-miljopolitiken\/\" target=\"_blank\" rel=\"noreferrer noopener\">granskade vi Tid\u00f6partiernas klimat- och milj\u00f6politik under deras f\u00f6rsta \u00e5r vid makten<\/a> \u2013 en granskning som visade att klimat- och milj\u00f6arbetet under detta \u00e5r till stora delar f\u00f6rsvagats, och i vissa fall nedmonterats. Detta understryker vikten av att vi forts\u00e4tter att kr\u00e4va en svensk klimatpolitik som \u00e4r ambiti\u00f6s och s\u00e4tter ramarna f\u00f6r den \u00f6vriga politiken!<\/p>\n\n<h3 class=\"wp-block-heading\"><strong>Olja<\/strong><\/h3>\n\n<p>Kampen mot ny olja i Norge \u00e4r en stor prioritet f\u00f6r Greenpeace. Norska Equinor \u00e4r bland topp tio av de mest expanderande oljebolagen i v\u00e4rlden. I slutet av 2023 l\u00e4mnade Greenpeace in en ny st\u00e4mningsans\u00f6kan mot den norska staten som inte hade gjort en tillr\u00e4cklig bed\u00f6mning av klimatp\u00e5verkan f\u00f6r tre nya oljef\u00e4lt. Klimatr\u00e4ttsfallet blev en stor framg\u00e5ng <a href=\"https:\/\/www.greenpeace.org\/sweden\/pressmeddelanden\/klimat\/greenpeace-och-natur-och-ungdom-vinner-klimatrattsfall-mot-norska-staten\/\" target=\"_blank\" rel=\"noreferrer noopener\">d\u00e5 vi vann \u2013 p\u00e5 alla punkter<\/a>. Greenpeace st\u00e4rkte \u00e4ven arbetet med att avsl\u00f6ja Equinors smutsiga utlandsprojekt, s\u00e5som Rosebank och Bay du Nord. P\u00e5 Equinors \u00e5rsm\u00f6te n\u00e5dde Greenpeace \u00e4nnu en seger d\u00e5 den norska staten, som \u00e4ger tv\u00e5 tredjedelar av f\u00f6retaget, anv\u00e4nde ett f\u00f6rslag skrivet av Greenpeace f\u00f6r att understryka att staten f\u00f6rv\u00e4ntar sig att Equinor anpassar sina aktiviteter utifr\u00e5n Parisavtalet.<\/p>\n\n<h3 class=\"wp-block-heading\"><strong>V\u00e4rldens skogar<\/strong><\/h3>\n\n<p>I Sverige och Finland var ett s\u00e4rskilt stort fokus under 2023 att skydda skogarna. Skogsbruk \u00e4r en stor industri i b\u00e5da l\u00e4nderna och bidrar till f\u00f6rlusten av biologisk m\u00e5ngfald och kols\u00e4nkor. Sverige hade EU-ordf\u00f6randeskapet under f\u00f6rsta delen av 2023, och tyv\u00e4rr anv\u00e4nde regeringen det som en m\u00f6jlighet att gr\u00f6nm\u00e5la det svenska skogsbruket \u2013 som i verkligheten \u00e4r l\u00e5ngt ifr\u00e5n h\u00e5llbart. Greenpeace-aktivister reagerade genom att protestera utanf\u00f6r EU-delegaternas m\u00f6tesplats, och hade en kontinuerlig n\u00e4rvaro vid EU-h\u00f6gkvarteret f\u00f6r att belysa hur oh\u00e5llbart det svenska skogsbruket \u00e4r. Vi genomf\u00f6rde \u00e4ven <a href=\"https:\/\/www.greenpeace.org\/sweden\/artiklar\/skog\/demonstration-mot-skogslobbyns-propagandamaskin\/\" target=\"_blank\" rel=\"noreferrer noopener\">en demonstration under galamiddagen f\u00f6r EUs milj\u00f6ministrarnas informella m\u00f6te i Uppsala<\/a> och <a href=\"https:\/\/www.greenpeace.org\/sweden\/pressmeddelanden\/skog\/greenpeaceaktion-under-eu-skogsmote-regeringen-forsoker-gronmala-svenskt-skogsbruk\/\" target=\"_blank\" rel=\"noreferrer noopener\">kraschade EUs skogsbruksm\u00f6te i Skellefte\u00e5<\/a>. Greenpeace samarbetade \u00e4ven med gr\u00e4srotsr\u00f6relsen Skogsupproret och skapade initiativet <em>Skogsv\u00e4rn<\/em>, som bland annat bestod av en f\u00f6rel\u00e4sningsturn\u00e9 och utbildningar i fredlig civil olydnad.<\/p>\n\n<p>I Finland har Greenpeace kr\u00e4vt att 30 procent av de finska skogarna ska skyddas, i linje med FN-konventionen om biologisk m\u00e5ngfald (CBD) samt EU:s strategi f\u00f6r biologisk m\u00e5ngfald. De tre st\u00f6rsta skogsbolagen har makten och ansvaret f\u00f6r att st\u00e4lla om det finska skogsbruket till att bli h\u00e5llbart. V\u00e5ra krav offentliggjordes under <a href=\"https:\/\/www.greenpeace.org\/sweden\/pressmeddelanden\/skog\/just-nu-greenpeace-aktivister-blockerar-gigantisk-massafabrik-i-protest-mot-ohallbart-skogsbruk\/\" target=\"_blank\" rel=\"noreferrer noopener\">en 24-timmar l\u00e5ng blockad av massafabriken Mets\u00e4 i Kemi<\/a>, den st\u00f6rsta massafabriken p\u00e5 norra halvklotet.<\/p>\n\n<h3 class=\"wp-block-heading\"><strong>Hav<\/strong><\/h3>\n\n<p>F\u00f6rra \u00e5ret uppn\u00e5dde vi efter \u00e5rtionden av kampanjarbete den st\u00f6rsta g\u00e5van f\u00f6r haven:<a href=\"https:\/\/www.greenpeace.org\/sweden\/artiklar\/greenpeace\/historiskt-avtal-for-havet-och-planeten\/\" target=\"_blank\" rel=\"noreferrer noopener\"> ett globalt FN-havsavtal<\/a> som kan s\u00e4kerst\u00e4lla l\u00e5ngvarigt skydd av v\u00e4rldshaven. V\u00e5rt arbete har sedan dess fokuserat p\u00e5 att s\u00e4kerst\u00e4lla att avtalet implementeras, s\u00e5 att minst 30 procent av v\u00e4rldshaven skyddas till 2030.<\/p>\n\n<p>Under 2023 b\u00f6rjade Greenpeace Norden att engagera sig ytterligare i den globala \u201cDeep Sea Mining-kampanjen\u201d, n\u00e4r det stod klart att <a href=\"https:\/\/www.greenpeace.org\/sweden\/artiklar\/hav\/norge-oppnar-for-djuphavsgruvdrift-en-katastrof-for-haven\/\" data-type=\"link\" data-id=\"https:\/\/www.greenpeace.org\/sweden\/artiklar\/hav\/norge-oppnar-for-djuphavsgruvdrift-en-katastrof-for-haven\/\" target=\"_blank\" rel=\"noreferrer noopener\">Norge hade f\u00f6r avsikt att \u00f6ppna upp ett enormt omr\u00e5de i Arktis f\u00f6r djuphavsgruvdrift<\/a>. Greenpeace har en nyckelroll att spela i att stoppa den h\u00e4r destruktiva industrin innan den \u00f6verhuvudtaget b\u00f6rjar, och vi arbetar vidare med kampanjen under 2024. Vi har fortfarande en unik m\u00f6jlighet att skydda v\u00e5ra havsomr\u00e5den \u00e5t de kommande generationerna!<\/p>\n\n<h3 class=\"wp-block-heading\"><strong>Jordbruk och livsmedelsproduktion<\/strong><\/h3>\n\n<p>Greenpeace arbetar f\u00f6r en omst\u00e4llning av det omfattande och extremt oh\u00e5llbara s\u00e4tt vi producerar mat p\u00e5 idag, och det industriella jordbruket. P\u00e5 grund av global politik har vi f\u00e5tt ett system som bel\u00f6nar milj\u00f6skadliga jordbruk framf\u00f6r de h\u00e5llbara. Ett system som skadar m\u00e4nniskors h\u00e4lsa, eldar p\u00e5 klimatkrisen och \u00f6del\u00e4gger naturen samtidigt som det driver p\u00e5 oj\u00e4mlikheten genom att utesluta sm\u00e5brukare.<\/p>\n\n<p>I Danmark st\u00e5r jordbrukssektorn f\u00f6r de st\u00f6rsta klimatutsl\u00e4ppen, och p\u00e5 delad f\u00f6rsta plats med Bangladesh \u00e4r Danmark det land som har den mest intensivt brukade marken i v\u00e4rlden. Som ett resultat lider danska fjordar och inre vattendrag av omfattande syrebrist, n\u00e5got som n\u00e5dde rekordh\u00f6ga niv\u00e5er under 2023. Tillsammans med biologer och andra organisationer har Greenpeace k\u00e4mpat h\u00e5rt f\u00f6r att v\u00e4cka uppm\u00e4rksamhet om det direkta sambandet mellan d\u00f6ende fjordar och intensivt jordbruk. Under h\u00f6sten sl\u00e4ppte Greenpeace, tillsammans med \u00e5tta andra milj\u00f6organisationer, en vision\u00e4r rapport (\u201c<a href=\"https:\/\/www.greenpeace.org\/denmark\/udgivelse\/landbrug\/fra-foder-til-foede-ii\/\" target=\"_blank\" rel=\"noreferrer noopener\"><em>Fra foder til f\u00f8de II<\/em><\/a>\u201d, eller \u201c<em>Fr\u00e5n foder till f\u00f6da<\/em>\u201d) som beskriver omst\u00e4llningen som det danska jordbruket beh\u00f6ver g\u00f6ra f\u00f6r att vara i linje med EU:s regler f\u00f6r naturskydd och Parisavtalet, och samtidigt ge det danska jordbruket m\u00f6jlighet att producera mat till samma m\u00e4ngd m\u00e4nniskor som idag.<\/p>\n\n<h3 class=\"wp-block-heading\"><strong>Andra kampanjomr\u00e5den: Mobilisering<\/strong><\/h3>\n\n<p>Under kategorin \u201cAndra kampanjer\u201d \u00e5terfinns v\u00e5rt mobiliseringsarbete. Vi har genomf\u00f6rt utbildningstillf\u00e4llen f\u00f6r tusentals av unga v\u00e4rlden \u00f6ver och utbildat dem i fredlig civil olydnad och kommunikations- och kampanjarbete.<\/p>\n\n<h2 class=\"wp-block-heading\"><strong>Insamlade medel under 2023 \u2013 varifr\u00e5n kom de?<\/strong><\/h2>\n\n<figure class=\"wp-block-image aligncenter size-full\"><img loading=\"lazy\" decoding=\"async\" width=\"640\" height=\"320\" src=\"https:\/\/www.greenpeace.org\/static\/planet4-sweden-stateless\/2024\/05\/17e6755d-income_diagram-_2023_se_.png\" alt=\"\" class=\"wp-image-60274\" srcset=\"https:\/\/www.greenpeace.org\/static\/planet4-sweden-stateless\/2024\/05\/17e6755d-income_diagram-_2023_se_.png 640w, https:\/\/www.greenpeace.org\/static\/planet4-sweden-stateless\/2024\/05\/17e6755d-income_diagram-_2023_se_-300x150.png 300w, https:\/\/www.greenpeace.org\/static\/planet4-sweden-stateless\/2024\/05\/17e6755d-income_diagram-_2023_se_-510x255.png 510w\" sizes=\"auto, (max-width: 640px) 100vw, 640px\" \/><\/figure>\n\n<h3 class=\"wp-block-heading\"><strong>G\u00e5vor fr\u00e5n privatpersoner<\/strong><\/h3>\n\n<p>Greenpeace tar inte emot bidrag fr\u00e5n regeringar, f\u00f6retag eller internationella institutioner, s\u00e5som EU. Det \u00e4r f\u00f6r att s\u00e4kerst\u00e4lla v\u00e5rt ekonomiska oberoende: Vi ska alltid kunna s\u00e4tta milj\u00f6n och klimatets b\u00e4sta f\u00f6rst utan att ta h\u00e4nsyn till om vi f\u00f6rargar f\u00f6retag eller politiska partier. D\u00e4rf\u00f6r \u00e4r g\u00e5vor fr\u00e5n privatpersoner avg\u00f6rande f\u00f6r v\u00e5r verksamhet.<\/p>\n\n<p>Greenpeace f\u00e5r majoriteten av sin inkomst \u2013 79 procent under 2023 \u2013 fr\u00e5n givmilda privatpersoner som engagerar sig f\u00f6r att g\u00f6ra skillnad f\u00f6r klimatet och milj\u00f6n. Varje g\u00e5va m\u00f6jligg\u00f6r att vi kan arbeta f\u00f6r att s\u00e4kra en gr\u00f6nare framtid. Vi \u00e4r djupt tacksamma f\u00f6r alla v\u00e5ra givare; utan deras engagemang och omsorg f\u00f6r naturen, klimatet och milj\u00f6n skulle vi inte uppn\u00e5 s\u00e5 m\u00e5nga gr\u00f6na segrar varje \u00e5r.<\/p>\n\n<h3 class=\"wp-block-heading\"><strong>Svenska Postkodlotteriet<\/strong><\/h3>\n\n<p>Greenpeace tar ocks\u00e5 emot st\u00f6d fr\u00e5n Svenska Postkodlotteriet. Under 2023 utgjorde bidraget fr\u00e5n stiftelsen 8 procent av de totala insamlade int\u00e4kterna, och m\u00f6jliggjorde bland annat viktiga skeppsturer. Greenpeace fartyg \u00e4r ov\u00e4rderliga f\u00f6r v\u00e5rt kampanjarbete, bl.a. d\u00e5 de m\u00f6jligg\u00f6r att vi kan ta med forskare och aktivister till avl\u00e4gsna platser som f\u00e5 andra organisationer kan ta sig till. Under 2023 unders\u00f6kte vi till exempel fiskeindustrins p\u00e5verkan utanf\u00f6r Maldiverna och forskade p\u00e5 valar utanf\u00f6r Australiens v\u00e4stkust.<\/p>\n\n<h3 class=\"wp-block-heading\"><strong>Bidrag fr\u00e5n Greenpeace International<\/strong><\/h3>\n\n<p>Greenpeace \u00e4r en verkligt global organisation, och det \u00e4r en av v\u00e5ra st\u00f6rsta styrkor. Vi samarbetar med de andra Greenpeace-kontoren s\u00e5 att vi kan vara n\u00e4rvarande v\u00e4rlden \u00f6ver. Det betyder att en del av v\u00e5r inkomst kanaliseras till globala projekt, och vi ocks\u00e5 tar emot interna bidrag fr\u00e5n <a href=\"https:\/\/www.greenpeace.org\/international\/about\/structure\/\" target=\"_blank\" rel=\"noreferrer noopener\">Greenpeace International<\/a> till nordiskt ledda arbeten \u2013 bland annat f\u00f6r att f\u00e5 investerare att flytta deras investeringar fr\u00e5n fossila br\u00e4nslen till f\u00f6rnybara energik\u00e4llor. Dessa bidrag utgjorde 6 procent under 2023.<\/p>\n\n<h3 class=\"wp-block-heading\"><strong>\u00d6vriga bidrag<\/strong><\/h3>\n\n<p>Greenpeace tar emot oberoende st\u00f6d fr\u00e5n utvalda stiftelser. Ett exempel p\u00e5 detta \u00e4r medel fr\u00e5n KR Foundation som vi tog emot f\u00f6r att avsl\u00f6ja den danska jordbrukslobbyns missvisande kommunikation som f\u00f6rs\u00f6ker att f\u00e5 det danska jordbruket att framst\u00e5 som klimat- och milj\u00f6v\u00e4nligt.<\/p>\n\n<p><br>Ett annat exempel \u00e4r v\u00e5rt fyra\u00e5riga projekt, <a href=\"https:\/\/www.greenpeace.org\/sweden\/agera\/planet-one-makerspacet-for-unga\/\" target=\"_blank\" rel=\"noreferrer noopener\">Planet One<\/a>, som finansieras av Svenska Postkodlotteriet, d\u00e4r Greenpeace tillsammans med organisationen Fryshuset, skapar m\u00f6tesplatser d\u00e4r unga i olika delar av v\u00e4rlden erbjuds s\u00e4kra utrymmen att m\u00f6tas och engagera sig tillsammans i globala och lokala milj\u00f6- och klimatfr\u00e5gor, med fokus p\u00e5 l\u00e4rande-genom-g\u00f6rande.<\/p>\n\n<h3 class=\"wp-block-heading\"><strong>Arv och testamente<\/strong><\/h3>\n\n<p>Omkring 3 procent av v\u00e5r inkomst f\u00f6rra \u00e5ret kom fr\u00e5n <a href=\"https:\/\/www.greenpeace.org\/sweden\/agera\/testamente\/\" target=\"_blank\" rel=\"noreferrer noopener\">arv och testamenten<\/a>. Det \u00e4r en \u00f6kande trend att m\u00e4nniskor ger en del av deras arv till v\u00e5rt arbete f\u00f6r att s\u00e4kra en gr\u00f6nare framtid f\u00f6r kommande generationer. Det \u00e4r med stor tacksamhet och \u00f6dmjukhet som vi tar emot dessa g\u00e5vor. Vilket vackert arv det \u00e4r att ge vidare till v\u00e5r \u00e4lskade planet och de barn som vi l\u00e5nar den av.<\/p>\n","protected":false},"excerpt":{"rendered":"<p>Ett globalt avtal f\u00f6r v\u00e4rldshaven, en milj\u00f6katastrof f\u00f6rhindrad i R\u00f6da havet och stopp av import av giftigt spillvatten till Danmark \u00e4r bara n\u00e5gra av de fantastiska resultat som vi uppn\u00e5dde&hellip;<\/p>\n","protected":false},"author":34,"featured_media":60231,"comment_status":"closed","ping_status":"closed","sticky":false,"template":"","format":"standard","meta":{"ep_exclude_from_search":false,"p4_og_title":"","p4_og_description":"","p4_og_image":"","p4_og_image_id":"","p4_seo_canonical_url":"","p4_campaign_name":"","p4_local_project":"","p4_basket_name":"","p4_department":"","footnotes":""},"categories":[1],"tags":[13,32],"p4-page-type":[16],"class_list":["post-60227","post","type-post","status-publish","format-standard","has-post-thumbnail","hentry","category-greenpeace","tag-omgreenpeace","tag-stod-oss","p4-page-type-artiklar"],"_links":{"self":[{"href":"https:\/\/www.greenpeace.org\/sweden\/wp-json\/wp\/v2\/posts\/60227","targetHints":{"allow":["GET"]}}],"collection":[{"href":"https:\/\/www.greenpeace.org\/sweden\/wp-json\/wp\/v2\/posts"}],"about":[{"href":"https:\/\/www.greenpeace.org\/sweden\/wp-json\/wp\/v2\/types\/post"}],"author":[{"embeddable":true,"href":"https:\/\/www.greenpeace.org\/sweden\/wp-json\/wp\/v2\/users\/34"}],"replies":[{"embeddable":true,"href":"https:\/\/www.greenpeace.org\/sweden\/wp-json\/wp\/v2\/comments?post=60227"}],"version-history":[{"count":20,"href":"https:\/\/www.greenpeace.org\/sweden\/wp-json\/wp\/v2\/posts\/60227\/revisions"}],"predecessor-version":[{"id":61546,"href":"https:\/\/www.greenpeace.org\/sweden\/wp-json\/wp\/v2\/posts\/60227\/revisions\/61546"}],"wp:featuredmedia":[{"embeddable":true,"href":"https:\/\/www.greenpeace.org\/sweden\/wp-json\/wp\/v2\/media\/60231"}],"wp:attachment":[{"href":"https:\/\/www.greenpeace.org\/sweden\/wp-json\/wp\/v2\/media?parent=60227"}],"wp:term":[{"taxonomy":"category","embeddable":true,"href":"https:\/\/www.greenpeace.org\/sweden\/wp-json\/wp\/v2\/categories?post=60227"},{"taxonomy":"post_tag","embeddable":true,"href":"https:\/\/www.greenpeace.org\/sweden\/wp-json\/wp\/v2\/tags?post=60227"},{"taxonomy":"p4-page-type","embeddable":true,"href":"https:\/\/www.greenpeace.org\/sweden\/wp-json\/wp\/v2\/p4-page-type?post=60227"}],"curies":[{"name":"wp","href":"https:\/\/api.w.org\/{rel}","templated":true}]}}