{"id":60306,"date":"2024-03-31T14:07:36","date_gmt":"2024-03-31T13:07:36","guid":{"rendered":"https:\/\/www.greenpeace.org\/sweden\/?p=60306"},"modified":"2024-06-03T14:13:45","modified_gmt":"2024-06-03T13:13:45","slug":"karnkraftens-miljopaverkan-greenpeace","status":"publish","type":"post","link":"https:\/\/www.greenpeace.org\/sweden\/snabbfakta\/energi\/karnkraftens-miljopaverkan-greenpeace\/","title":{"rendered":"K\u00e4rnkraftens milj\u00f6p\u00e5verkan  &#8211; Greenpeace"},"content":{"rendered":"\n<p>K\u00e4rnkraft \u00e4r ett energislag som inte ger upphov till n\u00e5gra st\u00f6rre m\u00e4ngder koldioxidutsl\u00e4pp. Trots detta \u00e4r <a href=\"https:\/\/www.greenpeace.org\/sweden\/energi\/karnkraft\/\">k\u00e4rnkraft<\/a> allt annat \u00e4n en milj\u00f6v\u00e4nlig energiform. <strong>K\u00e4rnkraften medf\u00f6r stora risker f\u00f6r b\u00e5de m\u00e4nniska och milj\u00f6, d\u00e4rf\u00f6r b\u00f6r k\u00e4rnkraft avskaffas s\u00e5 snart som m\u00f6jligt.<\/strong>\u00a0<\/p>\n\n<p>H\u00e4r g\u00e5r vi igenom vilka risker som finns med denna icke f\u00f6rnybara energiform och vilken milj\u00f6p\u00e5verkan k\u00e4rnkraft faktiskt har.<\/p>\n\n<figure class=\"wp-block-image size-large\"><img loading=\"lazy\" decoding=\"async\" width=\"1024\" height=\"682\" src=\"https:\/\/www.greenpeace.org\/static\/planet4-sweden-stateless\/2024\/06\/8cb60cfe-gp02clz_medium-res-1200px-1024x682.jpg\" alt=\"\" class=\"wp-image-60308\" srcset=\"https:\/\/www.greenpeace.org\/static\/planet4-sweden-stateless\/2024\/06\/8cb60cfe-gp02clz_medium-res-1200px-1024x682.jpg 1024w, https:\/\/www.greenpeace.org\/static\/planet4-sweden-stateless\/2024\/06\/8cb60cfe-gp02clz_medium-res-1200px-300x200.jpg 300w, https:\/\/www.greenpeace.org\/static\/planet4-sweden-stateless\/2024\/06\/8cb60cfe-gp02clz_medium-res-1200px-768x511.jpg 768w, https:\/\/www.greenpeace.org\/static\/planet4-sweden-stateless\/2024\/06\/8cb60cfe-gp02clz_medium-res-1200px-510x340.jpg 510w, https:\/\/www.greenpeace.org\/static\/planet4-sweden-stateless\/2024\/06\/8cb60cfe-gp02clz_medium-res-1200px.jpg 1199w\" sizes=\"auto, (max-width: 1024px) 100vw, 1024px\" \/><figcaption class=\"wp-element-caption\">Projektion av ordet &#8221;danger&#8221; p\u00e5 ett k\u00e4rnkraftverk i Spanien. \u00a9 Pedro Armestre \/ Greenpeace<\/figcaption><\/figure>\n\n<h2 class=\"wp-block-heading\">S\u00e5 p\u00e5verkar k\u00e4rnkraft milj\u00f6n<\/h2>\n\n<p><strong>K\u00e4rnkraft har stora negativa konsekvenser f\u00f6r v\u00e5r milj\u00f6 p\u00e5 flera olika s\u00e4tt. <\/strong>Utsl\u00e4ppen av koldioxid (CO2) \/ kilowattimme \u00e4r l\u00e5g och kan j\u00e4mf\u00f6ras med b\u00e5de vind- och vattenkraft. K\u00e4rnkraftens milj\u00f6p\u00e5verkan kommer ist\u00e4llet fr\u00e5n uranbrytning och avfallshantering. K\u00e4rnkraft inneb\u00e4r dessutom stora risker f\u00f6r olyckor som kan vara f\u00f6r\u00f6dande f\u00f6r m\u00e4nniskor, djur och natur.<\/p>\n\n<h3 class=\"wp-block-heading\">Uranbrytning<\/h3>\n\n<p>Br\u00e4nslet som anv\u00e4nds i k\u00e4rnkraftverk \u00e4r uran som utvinns i gruvor. <strong>N\u00e4r man bryter uranmalm frig\u00f6rs radioaktiva gaser, radioaktivt damm och radioaktiva s\u00f6nderfallsprodukter som riskerar att l\u00e4cka ut i naturen.<\/strong> Personalen som arbetar i gruvorna uts\u00e4tts f\u00f6r en risk att drabbas av olika h\u00e4lsoproblem och sjukdomar av str\u00e5lningen.<\/p>\n\n<p>I Sverige finns uran naturligt i berggrunden, men att utvinna uran anses vara s\u00e5 pass farligt att vi ist\u00e4llet importerar uran fr\u00e5n andra l\u00e4nder.<strong> Ofta sker uranbrytning p\u00e5 platser med d\u00e5liga arbetsf\u00f6rh\u00e5llanden och l\u00e5g s\u00e4kerhet, vilket inneb\u00e4r \u00f6kade risker f\u00f6r b\u00e5de personal och omgivning.<\/strong><\/p>\n\n<figure class=\"wp-block-image size-full\"><img loading=\"lazy\" decoding=\"async\" width=\"800\" height=\"533\" src=\"https:\/\/www.greenpeace.org\/static\/planet4-sweden-stateless\/2024\/06\/5fc7b4dd-gp01x64_low-res-800px.jpg\" alt=\"\" class=\"wp-image-60312\" srcset=\"https:\/\/www.greenpeace.org\/static\/planet4-sweden-stateless\/2024\/06\/5fc7b4dd-gp01x64_low-res-800px.jpg 800w, https:\/\/www.greenpeace.org\/static\/planet4-sweden-stateless\/2024\/06\/5fc7b4dd-gp01x64_low-res-800px-300x200.jpg 300w, https:\/\/www.greenpeace.org\/static\/planet4-sweden-stateless\/2024\/06\/5fc7b4dd-gp01x64_low-res-800px-768x512.jpg 768w, https:\/\/www.greenpeace.org\/static\/planet4-sweden-stateless\/2024\/06\/5fc7b4dd-gp01x64_low-res-800px-510x340.jpg 510w\" sizes=\"auto, (max-width: 800px) 100vw, 800px\" \/><figcaption class=\"wp-element-caption\">En avfallsh\u00f6g vid en urangruva i Niger. \u00a9 Greenpeace \/ Philip Reynaers<\/figcaption><\/figure>\n\n<h3 class=\"wp-block-heading\">Farliga transporter<\/h3>\n\n<p>Efter att uranet brutits i gruvan s\u00e5 bearbetas det p\u00e5 olika s\u00e4tt och \u201canrikas\u201d, dvs att andelen klyvbart material \u00f6kas. D\u00e4refter transporteras det fr\u00e5n gruvan med fartyg, t\u00e5g eller lastbil. N\u00e4r k\u00e4rnbr\u00e4nslet har anv\u00e4nts s\u00e5 beh\u00f6ver ocks\u00e5 det transporteras till den mellanlagringsplats som finns i Oskarshamn. <strong>Dessa transporter, fr\u00e5n och till k\u00e4rnkraftverken, med uran och k\u00e4rnavfall medf\u00f6r risker f\u00f6r milj\u00f6n om en olycka eller en attack skulle ske.<\/strong><\/p>\n\n<h3 class=\"wp-block-heading\">Risk f\u00f6r olyckor<\/h3>\n\n<p><strong>Den st\u00f6rsta milj\u00f6p\u00e5verkan fr\u00e5n k\u00e4rnkraftverk sker om det skulle h\u00e4nda en olycka. <\/strong>K\u00e4rnkraftsolyckor som <a href=\"https:\/\/www.greenpeace.org\/sweden\/artiklar\/energi\/behover-vi-ett-nytt-tjernobyl\/\">Tjernobyl <\/a>och <a href=\"https:\/\/www.greenpeace.org\/sweden\/artiklar\/energi\/tjernobyl-och-fukushima-i-bilder-saren-bestar\/\">Fukushima <\/a>har visat hur katastrofala konsekvenser radioaktivt utsl\u00e4pp kan ha. \u00c4ven i Sverige kan en olycka ske. 2006 hindrade slumpen att en allvarlig olycka intr\u00e4ffade vid <a href=\"https:\/\/www.nyteknik.se\/energi\/hardsmaltan-var-nara-2006\/1011834\">Forsmarks k\u00e4rnkraftverk<\/a>. En k\u00e4rnkraftsolycka kan f\u00f6rorena stora landomr\u00e5den, g\u00f6ra dem obeboeliga f\u00f6r m\u00e4nniskor och djur samt skada ekosystem l\u00e5ngt bortom olycksplatsen.<\/p>\n\n<figure class=\"wp-block-image size-large\"><img loading=\"lazy\" decoding=\"async\" width=\"1024\" height=\"621\" src=\"https:\/\/www.greenpeace.org\/static\/planet4-sweden-stateless\/2024\/06\/e6f2659d-gp02bgz_medium-res-1200px-1024x621.jpg\" alt=\"\" class=\"wp-image-60313\" srcset=\"https:\/\/www.greenpeace.org\/static\/planet4-sweden-stateless\/2024\/06\/e6f2659d-gp02bgz_medium-res-1200px-1024x621.jpg 1024w, https:\/\/www.greenpeace.org\/static\/planet4-sweden-stateless\/2024\/06\/e6f2659d-gp02bgz_medium-res-1200px-300x182.jpg 300w, https:\/\/www.greenpeace.org\/static\/planet4-sweden-stateless\/2024\/06\/e6f2659d-gp02bgz_medium-res-1200px-768x466.jpg 768w, https:\/\/www.greenpeace.org\/static\/planet4-sweden-stateless\/2024\/06\/e6f2659d-gp02bgz_medium-res-1200px-510x309.jpg 510w, https:\/\/www.greenpeace.org\/static\/planet4-sweden-stateless\/2024\/06\/e6f2659d-gp02bgz_medium-res-1200px.jpg 1200w\" sizes=\"auto, (max-width: 1024px) 100vw, 1024px\" \/><figcaption class=\"wp-element-caption\">Satellitbild p\u00e5 k\u00e4rnkraftverket i Fukushima efter h\u00e4rdsm\u00e4ltan 2011. \u00a9 DigitalGlobe \/ CC BY-NC-ND 2.0<\/figcaption><\/figure>\n\n<h3 class=\"wp-block-heading\">Radioaktivt avfall<\/h3>\n\n<p><strong>K\u00e4rnkraft genererar radioaktivt avfall som avger str\u00e5lning i hundratusentals \u00e5r. <\/strong>Detta avfall m\u00e5ste lagras p\u00e5 ett s\u00e4kert s\u00e4tt f\u00f6r att f\u00f6rhindra att det n\u00e5r milj\u00f6n, vilket \u00e4r en stor utmaning. Trots att vi anv\u00e4nt oss av k\u00e4rnkraft sedan 1950-talet har vi fortfarande inte hittat n\u00e5gon l\u00e5ngsiktigt s\u00e4ker l\u00f6sning p\u00e5 f\u00f6rvaring av <a href=\"https:\/\/www.greenpeace.org\/sweden\/artiklar\/energi\/slutforvar-av-karnavfall-sveriges-storsta-miljoarende-nagonsin\/\">k\u00e4rnavfall<\/a>. Idag f\u00f6rvaras k\u00e4rnavfallet i bass\u00e4nger i ett mellanlager vid Oskarshamns k\u00e4rnkraftverk tills dess att en slutf\u00f6rvarsanl\u00e4ggning kan komma att st\u00e5 klar. Med andra ord \u00e4r f\u00f6rvaringen av k\u00e4rnavfall<a href=\"https:\/\/www.greenpeace.org\/sweden\/pressmeddelanden\/energi\/ett-beslut-100-000-ar-av-konsekvenser\/\"> l\u00e5ngt ifr\u00e5n s\u00e4ker<\/a> eller h\u00e5llbar.<\/p>\n\n<figure class=\"wp-block-image size-full\"><img loading=\"lazy\" decoding=\"async\" width=\"800\" height=\"533\" src=\"https:\/\/www.greenpeace.org\/static\/planet4-sweden-stateless\/2024\/06\/43a857be-gp1swtx9_low-res-800px.jpg\" alt=\"\" class=\"wp-image-60310\" srcset=\"https:\/\/www.greenpeace.org\/static\/planet4-sweden-stateless\/2024\/06\/43a857be-gp1swtx9_low-res-800px.jpg 800w, https:\/\/www.greenpeace.org\/static\/planet4-sweden-stateless\/2024\/06\/43a857be-gp1swtx9_low-res-800px-300x200.jpg 300w, https:\/\/www.greenpeace.org\/static\/planet4-sweden-stateless\/2024\/06\/43a857be-gp1swtx9_low-res-800px-768x512.jpg 768w, https:\/\/www.greenpeace.org\/static\/planet4-sweden-stateless\/2024\/06\/43a857be-gp1swtx9_low-res-800px-510x340.jpg 510w\" sizes=\"auto, (max-width: 800px) 100vw, 800px\" \/><figcaption class=\"wp-element-caption\">Protest utanf\u00f6r Rosenbad i Stockholm mot att regeringen beslutat att g\u00e5 vidare med den svenska konceptet f\u00f6r att f\u00f6rvara k\u00e4rnavfall trots de os\u00e4kerheter som fortfarande kvarst\u00e5r kring om metoden. Det h\u00f6gaktiva och farliga k\u00e4rnavfallet m\u00e5ste kunna h\u00e5llas separerat fr\u00e5n milj\u00f6n i minst 100 000 \u00e5r. \u00a9 Jason White \/ Greenpeace<\/figcaption><\/figure>\n\n<h3 class=\"wp-block-heading\">Stor vattenanv\u00e4ndning<\/h3>\n\n<p>K\u00e4rnkraftverk anv\u00e4nder stora m\u00e4ngder vatten f\u00f6r att kyla reaktorer och kondensera \u00e5nga. Detta kan leda till vattenbrist i regioner d\u00e4r vatten \u00e4r en begr\u00e4nsad resurs. Dessutom kan det p\u00e5verka vattenlevande ekosystem om vatten tas fr\u00e5n floder, sj\u00f6ar eller hav.<\/p>\n\n<h3 class=\"wp-block-heading\">Risk f\u00f6r vapenspridning<\/h3>\n\n<p>Tekniken f\u00f6r att producera k\u00e4rnbr\u00e4nsle och k\u00e4rnvapen \u00e4r mycket liknande. Det finns d\u00e4rf\u00f6r en risk att spridningen av k\u00e4rnenergi kan bidra till spridningen av k\u00e4rnvapen. Ett k\u00e4rnvapenkrig skulle inneb\u00e4ra enorma konsekvenser f\u00f6r milj\u00f6n men ocks\u00e5 f\u00f6r m\u00e5nga m\u00e4nniskor.<\/p>\n\n<p><strong>F\u00f6rutom vapenspridning \u00e4r <a href=\"https:\/\/storymaps.arcgis.com\/stories\/1afeaa6ad822495fb94787f158fe815d?utm_medium=post&amp;utm_source=youtube.com&amp;utm_campaign=se_pg_nuclear&amp;utm_content=se_pg_tjornobyl_video&amp;utm_term=none_none_none\">k\u00e4rnkraftverk s\u00e5rbara vid krig<\/a> och l\u00e4tta m\u00e5l f\u00f6r exempelvis terroristattacker, cyberattacker och andra krigshandlingar.<\/strong><\/p>\n\n<h2 class=\"wp-block-heading\">K\u00e4rnkraft \u00e4r en falsk klimatl\u00f6sning<\/h2>\n\n<p><a href=\"https:\/\/www.greenpeace.org\/sweden\/energi\/karnkraft\/\">K\u00e4rnkraft <\/a>kan vid f\u00f6rsta anblick tyckas vara en milj\u00f6v\u00e4nlig energiform tack vare de l\u00e5ga utsl\u00e4ppen. Men k\u00e4rnkraft har en stor milj\u00f6p\u00e5verkan n\u00e4r alla delar inr\u00e4knas, s\u00e5som uranbrytning och hantering av radioaktivt avfall. <strong>Ut\u00f6ver det \u00e4r k\u00e4rnkraft en riskabel och<a href=\"https:\/\/www.greenpeace.org\/sweden\/artiklar\/greenpeace\/karnreaktorn-olkiluoto-3-kraftigt-forsenad-till-skenande-kostnader\/\"> dyr bromskloss<\/a> f\u00f6r energiomst\u00e4llningen.<\/strong> Vi beh\u00f6ver fasa ut anv\u00e4ndningen av<a href=\"https:\/\/www.greenpeace.org\/sweden\/energi\/fossila-branslen\/\"> fossila br\u00e4nslen<\/a> och satsa p\u00e5 h\u00e5llbara l\u00f6sningar. Att st\u00e4lla om till <a href=\"https:\/\/www.greenpeace.org\/sweden\/energi\/fornybar-energi\/\">f\u00f6rnybar energi<\/a> som sol, vind och vatten \u00e4r en central del av l\u00f6sningen p\u00e5 den p\u00e5g\u00e5ende klimatkrisen.<strong> F\u00f6rnybar energi \u00e4r billigare och betydligt b\u00e4ttre f\u00f6r milj\u00f6n.<\/strong> Dessutom riskerar inte f\u00f6rnybar energi att ta slut p\u00e5 samma s\u00e4tt som k\u00e4rnkraften g\u00f6r.<\/p>\n\n<p><strong>Vi beh\u00f6ver prioritera <a href=\"https:\/\/www.greenpeace.org\/sweden\/energi\/energieffektivisering\/\">energieffektiviseringen <\/a>och \u00f6verge falska l\u00f6sningar som <a href=\"https:\/\/www.greenpeace.org\/sweden\/energi\/karnkraft\/\">k\u00e4rnkraft<\/a>, <a href=\"https:\/\/www.greenpeace.org\/sweden\/energi\/biobranslen-en-falsk-losning-for-klimatet\/\">biobr\u00e4nslen<\/a>, bioenergi och koldioxidinf\u00e5ngning f\u00f6r att ge v\u00e5r planet och framtida generationer en chans.<\/strong><\/p>\n\n<figure class=\"wp-block-image size-large\"><img loading=\"lazy\" decoding=\"async\" width=\"1024\" height=\"683\" src=\"https:\/\/www.greenpeace.org\/static\/planet4-sweden-stateless\/2024\/06\/83ad42fc-gp0styj9d_medium-res-1200px-1024x683.jpg\" alt=\"\" class=\"wp-image-60311\" srcset=\"https:\/\/www.greenpeace.org\/static\/planet4-sweden-stateless\/2024\/06\/83ad42fc-gp0styj9d_medium-res-1200px-1024x683.jpg 1024w, https:\/\/www.greenpeace.org\/static\/planet4-sweden-stateless\/2024\/06\/83ad42fc-gp0styj9d_medium-res-1200px-300x200.jpg 300w, https:\/\/www.greenpeace.org\/static\/planet4-sweden-stateless\/2024\/06\/83ad42fc-gp0styj9d_medium-res-1200px-768x512.jpg 768w, https:\/\/www.greenpeace.org\/static\/planet4-sweden-stateless\/2024\/06\/83ad42fc-gp0styj9d_medium-res-1200px-510x340.jpg 510w, https:\/\/www.greenpeace.org\/static\/planet4-sweden-stateless\/2024\/06\/83ad42fc-gp0styj9d_medium-res-1200px.jpg 1200w\" sizes=\"auto, (max-width: 1024px) 100vw, 1024px\" \/><figcaption class=\"wp-element-caption\"><br>Aktivister fr\u00e5n Greenpeace protesterar mot utanf\u00f6r Sveriges riksdag medan riksdagspolitikerna debatterar ett regeringsf\u00f6rslag om att till\u00e5ta fler k\u00e4rnkraftsreaktorer att byggas p\u00e5 fler platser i Sverige. Greenpeace uppmanar riksdagen att r\u00f6sta nej till detta f\u00f6rslag och ist\u00e4llet fokusera p\u00e5 energieffektivisering och en utbyggnad f\u00f6rnybar energi som \u00e4r mycket billigare, snabbare och mindre riskfylld.  \u00a9 George Hagstrand \/ Greenpeace<\/figcaption><\/figure>\n\n<h3 class=\"wp-block-heading\">Greenpeace k\u00e4mpar f\u00f6r en h\u00e5llbar energiomst\u00e4llning<\/h3>\n\n<p>P\u00e5 Greenpeace k\u00e4mpar vi f\u00f6r en h\u00e5llbar energiomst\u00e4llning varje dag. V\u00e5rt arbete handlar mycket om att p\u00e5verka beslutsfattare till att satsa p\u00e5 r\u00e4tt typ av l\u00f6sningar. Genom att fr\u00e4mja forskning och utbildning vill vi h\u00f6ja medvetenheten kring klimatfr\u00e5gor och fr\u00e4mja h\u00e5llbara l\u00f6sningar som s\u00e4krar framtiden f\u00f6r v\u00e5r planet.<\/p>\n\n<p><strong>Vill du vara med och stoppa k\u00e4rnkraftverkens milj\u00f6p\u00e5verkan?<\/strong> Engagera dig tillsammans med oss p\u00e5 Greenpeace genom att <a href=\"https:\/\/www.greenpeace.org\/sweden\/agera\/#stod-os\">bli m\u00e5nadsgivare<\/a> och ta kampen vidare!<\/p>\n","protected":false},"excerpt":{"rendered":"<p>K\u00e4rnkraftverk har stor p\u00e5verkan p\u00e5 milj\u00f6n, framf\u00f6rallt vid uranbrytning och avfallshantering. L\u00e4s mer h\u00e4r om k\u00e4rnkraftverkens konsekvenser.<\/p>\n","protected":false},"author":40,"featured_media":60308,"comment_status":"closed","ping_status":"closed","sticky":false,"template":"","format":"standard","meta":{"ep_exclude_from_search":false,"p4_og_title":"","p4_og_description":"","p4_og_image":"","p4_og_image_id":"","p4_seo_canonical_url":"","p4_campaign_name":"","p4_local_project":"","p4_basket_name":"","p4_department":"","footnotes":""},"categories":[45],"tags":[26],"p4-page-type":[70],"class_list":["post-60306","post","type-post","status-publish","format-standard","has-post-thumbnail","hentry","category-energi","tag-atomkraft","p4-page-type-snabbfakta"],"_links":{"self":[{"href":"https:\/\/www.greenpeace.org\/sweden\/wp-json\/wp\/v2\/posts\/60306","targetHints":{"allow":["GET"]}}],"collection":[{"href":"https:\/\/www.greenpeace.org\/sweden\/wp-json\/wp\/v2\/posts"}],"about":[{"href":"https:\/\/www.greenpeace.org\/sweden\/wp-json\/wp\/v2\/types\/post"}],"author":[{"embeddable":true,"href":"https:\/\/www.greenpeace.org\/sweden\/wp-json\/wp\/v2\/users\/40"}],"replies":[{"embeddable":true,"href":"https:\/\/www.greenpeace.org\/sweden\/wp-json\/wp\/v2\/comments?post=60306"}],"version-history":[{"count":2,"href":"https:\/\/www.greenpeace.org\/sweden\/wp-json\/wp\/v2\/posts\/60306\/revisions"}],"predecessor-version":[{"id":60315,"href":"https:\/\/www.greenpeace.org\/sweden\/wp-json\/wp\/v2\/posts\/60306\/revisions\/60315"}],"wp:featuredmedia":[{"embeddable":true,"href":"https:\/\/www.greenpeace.org\/sweden\/wp-json\/wp\/v2\/media\/60308"}],"wp:attachment":[{"href":"https:\/\/www.greenpeace.org\/sweden\/wp-json\/wp\/v2\/media?parent=60306"}],"wp:term":[{"taxonomy":"category","embeddable":true,"href":"https:\/\/www.greenpeace.org\/sweden\/wp-json\/wp\/v2\/categories?post=60306"},{"taxonomy":"post_tag","embeddable":true,"href":"https:\/\/www.greenpeace.org\/sweden\/wp-json\/wp\/v2\/tags?post=60306"},{"taxonomy":"p4-page-type","embeddable":true,"href":"https:\/\/www.greenpeace.org\/sweden\/wp-json\/wp\/v2\/p4-page-type?post=60306"}],"curies":[{"name":"wp","href":"https:\/\/api.w.org\/{rel}","templated":true}]}}