{"id":60324,"date":"2024-05-13T12:11:00","date_gmt":"2024-05-13T11:11:00","guid":{"rendered":"https:\/\/www.greenpeace.org\/sweden\/?p=60324"},"modified":"2024-06-05T13:13:00","modified_gmt":"2024-06-05T12:13:00","slug":"kolkraft-miljopaverkan-utslapp-greenpeace","status":"publish","type":"post","link":"https:\/\/www.greenpeace.org\/sweden\/snabbfakta\/klimat\/kolkraft-miljopaverkan-utslapp-greenpeace\/","title":{"rendered":"Kolkraft milj\u00f6p\u00e5verkan &amp; utsl\u00e4pp &#8211; Greenpeace"},"content":{"rendered":"\n<p><strong>Kolkraft \u00e4r en fossil, icke f\u00f6rnybar, energik\u00e4lla som har en mycket negativ p\u00e5verkan p\u00e5 milj\u00f6n p\u00e5 flera olika s\u00e4tt.<\/strong> Kolkraft har historiskt varit en billig och stabil energik\u00e4lla, men konsekvenserna f\u00f6r v\u00e5r planet har varit extremt kostsamma. Vi m\u00e5ste st\u00e4lla om till en mer h\u00e5llbar energianv\u00e4ndning d\u00e4r vi satsar p\u00e5 f\u00f6rnybar energi som vind-, vatten- och solkraft f\u00f6r att skapa en h\u00e5llbar natur och livsmilj\u00f6 f\u00f6r framtidens generationer.<\/p>\n\n<p><strong>S\u00e5 hur p\u00e5verkar kolkraft milj\u00f6n? Det g\u00e5r vi igenom h\u00e4r!<\/strong><\/p>\n\n<figure class=\"wp-block-image size-full is-resized\"><img loading=\"lazy\" decoding=\"async\" width=\"1200\" height=\"781\" src=\"https:\/\/www.greenpeace.org\/static\/planet4-sweden-stateless\/2024\/06\/2872aac3-gp037er_medium-res-1200px.jpg\" alt=\"\" class=\"wp-image-60327\" style=\"width:736px;height:auto\" srcset=\"https:\/\/www.greenpeace.org\/static\/planet4-sweden-stateless\/2024\/06\/2872aac3-gp037er_medium-res-1200px.jpg 1200w, https:\/\/www.greenpeace.org\/static\/planet4-sweden-stateless\/2024\/06\/2872aac3-gp037er_medium-res-1200px-300x195.jpg 300w, https:\/\/www.greenpeace.org\/static\/planet4-sweden-stateless\/2024\/06\/2872aac3-gp037er_medium-res-1200px-1024x666.jpg 1024w, https:\/\/www.greenpeace.org\/static\/planet4-sweden-stateless\/2024\/06\/2872aac3-gp037er_medium-res-1200px-768x500.jpg 768w, https:\/\/www.greenpeace.org\/static\/planet4-sweden-stateless\/2024\/06\/2872aac3-gp037er_medium-res-1200px-510x332.jpg 510w\" sizes=\"auto, (max-width: 1200px) 100vw, 1200px\" \/><figcaption class=\"wp-element-caption\">Vy fr\u00e5n ett av kyltornen vid det tyska brunkolskraftverket J\u00e4nschwalde som under m\u00e5nga \u00e5r \u00e4gdes av svenska Vattenfall. Kolkraftverket har rankats som ett av v\u00e4rldens smutsigaste p\u00e5 grund av sina stora koldioxidutsl\u00e4pp.  <br>\u00a9 Greenpeace \/ Christian Schmutz<br><\/figcaption><\/figure>\n\n<h2 class=\"wp-block-heading\">S\u00e5 p\u00e5verkar kolkraft milj\u00f6n<\/h2>\n\n<p>Om vi r\u00e4knar allt, tillverkning, drift och avveckling, sl\u00e4pper kolkraft ut omkring omkring 820 gram koldioxid per producerad kilowattimme. Detta \u00e4r hela 70 g\u00e5nger s\u00e5 mycket som vindkraft. Ut\u00f6ver detta p\u00e5verkar kolkraft \u00e4ven milj\u00f6n p\u00e5 flera andra s\u00e4tt.<strong> Kolkraft bidrar bland annat till v\u00e4xthuseffekten, luftf\u00f6roreningar och surt regn som p\u00e5verkar b\u00e5de m\u00e4nniskor, djur och natur negativt.<\/strong><\/p>\n\n<h3 class=\"wp-block-heading\">V\u00e4xthusgaser<\/h3>\n\n<p><strong>Kol \u00e4r det mest koldioxidintensiva fossila br\u00e4nslet.<\/strong> N\u00e4r kolet f\u00f6rbr\u00e4nns genereras stora m\u00e4ngder koldioxid (CO2) som direkt bidrar till den <a href=\"https:\/\/www.greenpeace.org\/sweden\/klimat\/klimatforandringar\/\">globala uppv\u00e4rmningen<\/a> och den accelererande klimatkrisen. Men det \u00e4r inte bara CO2 som \u00e4r problemet. Kolutvinning, s\u00e4rskilt fr\u00e5n underjordsgruvor, kan \u00e4ven frig\u00f6ra metan \u2013 en v\u00e4xthusgas som \u00e4r m\u00e5nga g\u00e5nger mer potent \u00e4n CO2 n\u00e4r det g\u00e4ller att f\u00e5nga upp och beh\u00e5lla v\u00e4rme i atmosf\u00e4ren. Skillnaden \u00e4r dock att metan \u00e4r mer kortlivad \u00e4n koldioxid d\u00e5 den bryts ned i atmosf\u00e4ren efter ett antal \u00e5r.<\/p>\n\n<p><strong>Ju mer v\u00e4xthusgaser som sl\u00e4pps ut i atmosf\u00e4ren desto varmare blir det, och det r\u00e4cker att den globala temperaturen \u00f6kar n\u00e5gra tiondels grader f\u00f6r att <a href=\"https:\/\/www.greenpeace.org\/sweden\/artiklar\/klimat\/global-uppvarmning-konsekvenser\/\">konsekvenserna <\/a>ska bli stora.<\/strong> Polaris sm\u00e4lter, havsniv\u00e5erna \u00f6kar och p\u00e5 land \u00f6kar riskerna f\u00f6r torka, stora <a href=\"https:\/\/www.greenpeace.org\/sweden\/artiklar\/klimat\/klimatkrisen-eldar-pa-brander-over-hela-varlden\/\">skogsbr\u00e4nder <\/a>och brist p\u00e5 dricksvatten. Den h\u00f6jda temperaturen p\u00e5verkar \u00e4ven v\u00e5rt <a href=\"https:\/\/www.greenpeace.org\/sweden\/artiklar\/klimat\/sambandet-mellan-extremvader-och-klimatforandringar\/\">v\u00e4der<\/a> och \u00f6kar risken f\u00f6r stormar vilka kan ha f\u00f6r\u00f6dande konsekvenser f\u00f6r m\u00e4nniskor, djur och natur.<\/p>\n\n<figure class=\"wp-block-image size-large\"><img loading=\"lazy\" decoding=\"async\" width=\"1024\" height=\"683\" src=\"https:\/\/www.greenpeace.org\/static\/planet4-sweden-stateless\/2024\/06\/352cdac6-gp0stp275_medium-res-1200px-1024x683.jpg\" alt=\"\" class=\"wp-image-60328\" srcset=\"https:\/\/www.greenpeace.org\/static\/planet4-sweden-stateless\/2024\/06\/352cdac6-gp0stp275_medium-res-1200px-1024x683.jpg 1024w, https:\/\/www.greenpeace.org\/static\/planet4-sweden-stateless\/2024\/06\/352cdac6-gp0stp275_medium-res-1200px-300x200.jpg 300w, https:\/\/www.greenpeace.org\/static\/planet4-sweden-stateless\/2024\/06\/352cdac6-gp0stp275_medium-res-1200px-768x512.jpg 768w, https:\/\/www.greenpeace.org\/static\/planet4-sweden-stateless\/2024\/06\/352cdac6-gp0stp275_medium-res-1200px-510x340.jpg 510w, https:\/\/www.greenpeace.org\/static\/planet4-sweden-stateless\/2024\/06\/352cdac6-gp0stp275_medium-res-1200px.jpg 1200w\" sizes=\"auto, (max-width: 1024px) 100vw, 1024px\" \/><figcaption class=\"wp-element-caption\">R\u00f6k fr\u00e5n skorstenar och kyltorn fr\u00e5n ett kolkraftverk. \u00a9 Bernd Lauter \/ Greenpeace<\/figcaption><\/figure>\n\n<h3 class=\"wp-block-heading\">Luftf\u00f6roreningar<\/h3>\n\n<p>F\u00f6rutom CO2 sl\u00e4pper kolf\u00f6rbr\u00e4nning ut svaveldioxid (SO2), kv\u00e4veoxider (NOx) och sotpartiklar. Dessa \u00e4mnen kan irritera luftv\u00e4garna, bidra till kroniska andningsproblem samt p\u00e5verka hj\u00e4rta och lungor. Detta kan vara extra problematiskt f\u00f6r personer med astma eller andra andningsproblem.<strong> F\u00f6rbr\u00e4nning av alla typer av <a href=\"https:\/\/www.greenpeace.org\/sweden\/energi\/fossila-branslen\/\">fossila br\u00e4nslen<\/a> orsakar h\u00e4lsorisker.<\/strong> En vetenskaplig studie fr\u00e5n 2019 fann att omkring <a href=\"https:\/\/www.miljomagasinet.se\/index.php\/2021\/02\/19\/dodliga-luftfororeningar-i-klimatkrisens-spar\/\">8,7 miljoner m\u00e4nniskor dog<\/a> \u00e5ret innan p\u00e5 grund av den globala f\u00f6rbr\u00e4nningen av fossila br\u00e4nslen. Det inneb\u00e4r att vart femte d\u00f6dsfall det \u00e5ret orsakades av denna typ av luftf\u00f6roreningar.<\/p>\n\n<h3 class=\"wp-block-heading\">F\u00f6rsurning av sj\u00f6ar och skogar<\/h3>\n\n<p><strong>\u00d6kade niv\u00e5er av koldioxid och svaveldioxid leder till surt regn och f\u00f6rsurning av hav och sj\u00f6ar.<\/strong> F\u00f6rsurning av hav och sj\u00f6ar g\u00f6r det sv\u00e5rt eller till och med om\u00f6jligt f\u00f6r vissa arter att \u00f6verleva. Koraller och andra havslevande organismer med skal f\u00e5r sv\u00e5rt att bilda dessa h\u00e5rda material som \u00e4r livsviktiga f\u00f6r deras \u00f6verlevnad. Surt regn kan \u00e4ven skada skogar genom att f\u00f6rsura jorden och orsaka skada p\u00e5 tr\u00e4den.<\/p>\n\n<figure class=\"wp-block-embed is-type-video is-provider-youtube wp-block-embed-youtube wp-embed-aspect-16-9 wp-has-aspect-ratio\"><div class=\"wp-block-embed__wrapper\">\n<iframe loading=\"lazy\" title=\"Ocean Acidification... in a nutshell\" width=\"500\" height=\"281\" src=\"https:\/\/www.youtube.com\/embed\/d0kacyyLVB4?feature=oembed\" frameborder=\"0\" allow=\"accelerometer; autoplay; clipboard-write; encrypted-media; gyroscope; picture-in-picture; web-share\" referrerpolicy=\"strict-origin-when-cross-origin\" allowfullscreen><\/iframe>\n<\/div><figcaption class=\"wp-element-caption\">Kort animerad film om hur \u00f6kande halter av koldioxid i atmosf\u00e4ren f\u00f6rsurar haven. <\/figcaption><\/figure>\n\n<h3 class=\"wp-block-heading\">Gruvdrift<\/h3>\n\n<p>Gruvor kan p\u00e5verka milj\u00f6n p\u00e5 flera olika s\u00e4tt, fr\u00e4mst genom utsl\u00e4pp av metaller och andra farliga \u00e4mnen som hamnar i vattendrag. I samband med gruvdrift och transporter till och fr\u00e5n gruvan sl\u00e4pps det ut stora m\u00e4ngder koldioxid som p\u00e5verkar klimatet. <strong>Dessutom genereras det stora m\u00e4ngder gruvavfall som m\u00e5ste tas om hand p\u00e5 r\u00e4tt s\u00e4tt f\u00f6r att inte riskera att hamna i naturen d\u00e4r det kan g\u00f6ra stor skada.<\/strong><\/p>\n\n<p>F\u00f6r de som arbetar i kolgruvor kan de negativa h\u00e4lsoeffekterna vara stora. N\u00e4r man st\u00e4ndigt andas in kolpartiklar kan man f\u00e5 sjukdomar som kronisk astma och lunginflammation, och i v\u00e4rsta fall kan man drabbas av lungcancer.<\/p>\n\n<h3 class=\"wp-block-heading\">Dagbrott<\/h3>\n\n<p>Utvinning av kol g\u00f6rs i enorma dagbrott som f\u00f6r\u00f6der all natur i dess sp\u00e5r. <strong>De gigantiska dagbrott som skapas n\u00e4r kol bryts g\u00f6r att m\u00e4nniskor, och ibland hela byar, kan tvingas flytta.<\/strong> Naturligtvis sk\u00f6vlas all skog och annan natur och djurlivet p\u00e5verkas kraftigt. Kvar blir ett \u00f6de \u00f6kenlandskap.<\/p>\n\n<figure class=\"wp-block-image size-large\"><img loading=\"lazy\" decoding=\"async\" width=\"1024\" height=\"683\" src=\"https:\/\/www.greenpeace.org\/static\/planet4-sweden-stateless\/2024\/06\/e6614156-gp0stqlom_medium-res-1200px-1024x683.jpg\" alt=\"\" class=\"wp-image-60330\" srcset=\"https:\/\/www.greenpeace.org\/static\/planet4-sweden-stateless\/2024\/06\/e6614156-gp0stqlom_medium-res-1200px-1024x683.jpg 1024w, https:\/\/www.greenpeace.org\/static\/planet4-sweden-stateless\/2024\/06\/e6614156-gp0stqlom_medium-res-1200px-300x200.jpg 300w, https:\/\/www.greenpeace.org\/static\/planet4-sweden-stateless\/2024\/06\/e6614156-gp0stqlom_medium-res-1200px-768x512.jpg 768w, https:\/\/www.greenpeace.org\/static\/planet4-sweden-stateless\/2024\/06\/e6614156-gp0stqlom_medium-res-1200px-510x340.jpg 510w, https:\/\/www.greenpeace.org\/static\/planet4-sweden-stateless\/2024\/06\/e6614156-gp0stqlom_medium-res-1200px.jpg 1200w\" sizes=\"auto, (max-width: 1024px) 100vw, 1024px\" \/><figcaption class=\"wp-element-caption\">Dagbrott f\u00f6r kolbrytning i Indien.  \u00a9 Sri Kolari \/ Greenpeace<\/figcaption><\/figure>\n\n<h2 class=\"wp-block-heading\">Icke f\u00f6rnybar energiresurs<\/h2>\n\n<p>Den stora negativa milj\u00f6p\u00e5verkan kolkraft har \u00e4r inte det enda problemet med detta energislag. <strong>Kolkraft \u00e4r en icke f\u00f6rnybar energik\u00e4lla, vilket inneb\u00e4r att kolen kommer att ta slut om vi forts\u00e4tter p\u00e5 samma s\u00e4tt som vi g\u00f6r idag.<\/strong> \u00c4ven om vi kommer ha tillg\u00e5ng till kol i m\u00e5nga \u00e5r fram\u00f6ver \u00e4r detta inte en h\u00e5llbar l\u00f6sning i l\u00e4ngden och vi m\u00e5ste g\u00f6ra en energiomst\u00e4llning.<\/p>\n\n<h3 class=\"wp-block-heading\">Omst\u00e4llning till f\u00f6rnybara energik\u00e4llor<\/h3>\n\n<p>En omst\u00e4llning till <a href=\"https:\/\/www.greenpeace.org\/sweden\/artiklar\/energi\/fornybar-energi\/\">f\u00f6rnybara energik\u00e4llor<\/a> \u00e4r ett m\u00e5ste f\u00f6r <a href=\"https:\/\/www.greenpeace.org\/sweden\/klimat\/\">klimatets<\/a> skull. Fossila <a href=\"https:\/\/www.greenpeace.org\/sweden\/energi\/\">energik\u00e4llor <\/a>som kol, olja och gas skyndar p\u00e5 v\u00e4xthuseffekten och klimatf\u00f6r\u00e4ndringarna.<strong> Vi beh\u00f6ver satsa p\u00e5 att anv\u00e4nda oss helt av <a href=\"https:\/\/www.greenpeace.org\/sweden\/publikationer\/energi\/ny-rapport-global-omstallning-till-100-fornybart-ar-mojlig\/\">100 % f\u00f6rnybara energik\u00e4llor<\/a> som vind-, vatten-, och solkraft. <\/strong>Kolkraftens milj\u00f6p\u00e5verkan har enorma konsekvenser och m\u00e5ste stoppas nu.<\/p>\n\n<figure class=\"wp-block-image size-full\"><img loading=\"lazy\" decoding=\"async\" width=\"800\" height=\"489\" src=\"https:\/\/www.greenpeace.org\/static\/planet4-sweden-stateless\/2024\/06\/2a72e9d5-gp1szuuv_low-res-800px.jpg\" alt=\"\" class=\"wp-image-60331\" srcset=\"https:\/\/www.greenpeace.org\/static\/planet4-sweden-stateless\/2024\/06\/2a72e9d5-gp1szuuv_low-res-800px.jpg 800w, https:\/\/www.greenpeace.org\/static\/planet4-sweden-stateless\/2024\/06\/2a72e9d5-gp1szuuv_low-res-800px-300x183.jpg 300w, https:\/\/www.greenpeace.org\/static\/planet4-sweden-stateless\/2024\/06\/2a72e9d5-gp1szuuv_low-res-800px-768x469.jpg 768w, https:\/\/www.greenpeace.org\/static\/planet4-sweden-stateless\/2024\/06\/2a72e9d5-gp1szuuv_low-res-800px-510x312.jpg 510w\" sizes=\"auto, (max-width: 800px) 100vw, 800px\" \/><figcaption class=\"wp-element-caption\">Greenpeaceaktivister protesterar mot en \u00f6verenskommelse som skulle \u00f6ka utvinningen av kol, olja och gas i  USA. <br>\u00a9 Tim Aubry \/ Greenpeace<\/figcaption><\/figure>\n\n<h3 class=\"wp-block-heading\">Greenpeace arbetar f\u00f6r en h\u00e5llbar v\u00e4rld<\/h3>\n\n<p>Vi vill se ett samh\u00e4lle utan <a href=\"https:\/\/www.greenpeace.org\/sweden\/energi\/fossila-branslen\/\">fossila br\u00e4nslen<\/a> som kolkraft. Vi arbetar intensivt med att skapa en b\u00e4ttre framtid med kreativa och fredliga metoder. Vi engagerar oss genom att s\u00e4tta press p\u00e5 beslutsfattare, utbilda om h\u00e5llbara l\u00f6sningar och unders\u00f6ka, dokumentera och avsl\u00f6ja orsaker till milj\u00f6f\u00f6rst\u00f6ring. Tillsammans med m\u00e4nniskor runt om i v\u00e4rlden k\u00e4mpar vi f\u00f6r r\u00e4ttvisa och den h\u00e5llbara planet som vi alla f\u00f6rtj\u00e4nar. <strong><a href=\"https:\/\/www.greenpeace.org\/sweden\/agera\/#stod-os\">St\u00f6d v\u00e5rt viktiga arbete och bli m\u00e5nadsgivare<\/a>!<\/strong><\/p>\n","protected":false},"excerpt":{"rendered":"<p>Kolkraft \u00e4r en fossil, icke f\u00f6rnybar, energik\u00e4lla som har stor negativ p\u00e5verkan p\u00e5 milj\u00f6n p\u00e5 flera olika s\u00e4tt. L\u00e4s mer om hur kolkraft p\u00e5verkar milj\u00f6n h\u00e4r. <\/p>\n","protected":false},"author":40,"featured_media":4559,"comment_status":"closed","ping_status":"closed","sticky":false,"template":"","format":"standard","meta":{"ep_exclude_from_search":false,"p4_og_title":"","p4_og_description":"","p4_og_image":"","p4_og_image_id":"","p4_seo_canonical_url":"","p4_campaign_name":"","p4_local_project":"","p4_basket_name":"","p4_department":"","footnotes":""},"categories":[45,2],"tags":[24,23],"p4-page-type":[70],"class_list":["post-60324","post","type-post","status-publish","format-standard","has-post-thumbnail","hentry","category-energi","category-klimat","tag-fossilenergi","tag-globaluppvarmning","p4-page-type-snabbfakta"],"_links":{"self":[{"href":"https:\/\/www.greenpeace.org\/sweden\/wp-json\/wp\/v2\/posts\/60324","targetHints":{"allow":["GET"]}}],"collection":[{"href":"https:\/\/www.greenpeace.org\/sweden\/wp-json\/wp\/v2\/posts"}],"about":[{"href":"https:\/\/www.greenpeace.org\/sweden\/wp-json\/wp\/v2\/types\/post"}],"author":[{"embeddable":true,"href":"https:\/\/www.greenpeace.org\/sweden\/wp-json\/wp\/v2\/users\/40"}],"replies":[{"embeddable":true,"href":"https:\/\/www.greenpeace.org\/sweden\/wp-json\/wp\/v2\/comments?post=60324"}],"version-history":[{"count":4,"href":"https:\/\/www.greenpeace.org\/sweden\/wp-json\/wp\/v2\/posts\/60324\/revisions"}],"predecessor-version":[{"id":60333,"href":"https:\/\/www.greenpeace.org\/sweden\/wp-json\/wp\/v2\/posts\/60324\/revisions\/60333"}],"wp:featuredmedia":[{"embeddable":true,"href":"https:\/\/www.greenpeace.org\/sweden\/wp-json\/wp\/v2\/media\/4559"}],"wp:attachment":[{"href":"https:\/\/www.greenpeace.org\/sweden\/wp-json\/wp\/v2\/media?parent=60324"}],"wp:term":[{"taxonomy":"category","embeddable":true,"href":"https:\/\/www.greenpeace.org\/sweden\/wp-json\/wp\/v2\/categories?post=60324"},{"taxonomy":"post_tag","embeddable":true,"href":"https:\/\/www.greenpeace.org\/sweden\/wp-json\/wp\/v2\/tags?post=60324"},{"taxonomy":"p4-page-type","embeddable":true,"href":"https:\/\/www.greenpeace.org\/sweden\/wp-json\/wp\/v2\/p4-page-type?post=60324"}],"curies":[{"name":"wp","href":"https:\/\/api.w.org\/{rel}","templated":true}]}}