{"id":60993,"date":"2024-09-03T13:52:00","date_gmt":"2024-09-03T12:52:00","guid":{"rendered":"https:\/\/www.greenpeace.org\/sweden\/?p=60993"},"modified":"2025-07-02T08:30:45","modified_gmt":"2025-07-02T07:30:45","slug":"tillsammans-har-vi-sakrat-grona-framgangar-for-naturen-och-klimatet-under-2024","status":"publish","type":"post","link":"https:\/\/www.greenpeace.org\/sweden\/artiklar\/greenpeace\/tillsammans-har-vi-sakrat-grona-framgangar-for-naturen-och-klimatet-under-2024\/","title":{"rendered":"Tillsammans har vi s\u00e4krat gr\u00f6na framg\u00e5ngar f\u00f6r naturen och klimatet under 2024"},"content":{"rendered":"\n<figure class=\"wp-block-image\"><img loading=\"lazy\" decoding=\"async\" width=\"1200\" height=\"800\" src=\"https:\/\/www.greenpeace.org\/static\/planet4-sweden-stateless\/2024\/09\/b019fc17-gp0stqx08.jpg\" alt=\"\" class=\"wp-image-61028\" srcset=\"https:\/\/www.greenpeace.org\/static\/planet4-sweden-stateless\/2024\/09\/b019fc17-gp0stqx08.jpg 1200w, https:\/\/www.greenpeace.org\/static\/planet4-sweden-stateless\/2024\/09\/b019fc17-gp0stqx08-300x200.jpg 300w, https:\/\/www.greenpeace.org\/static\/planet4-sweden-stateless\/2024\/09\/b019fc17-gp0stqx08-1024x683.jpg 1024w, https:\/\/www.greenpeace.org\/static\/planet4-sweden-stateless\/2024\/09\/b019fc17-gp0stqx08-768x512.jpg 768w, https:\/\/www.greenpeace.org\/static\/planet4-sweden-stateless\/2024\/09\/b019fc17-gp0stqx08-510x340.jpg 510w\" sizes=\"auto, (max-width: 1200px) 100vw, 1200px\" \/><figcaption><div class=\"credit icon-left\"> \u00a9 Daniel M\u00fcller \/ Greenpeace<\/div><\/figcaption><\/figure>\n\n<p><strong>H\u00e4r \u00e4r 6 positiva nyheter f\u00f6r klimatet och milj\u00f6n fr\u00e5n f\u00f6rsta halvan av 2024. Tillsammans med v\u00e5ra givare, samarbetspartners, volont\u00e4rer och andra milj\u00f6f\u00f6rsvarare s\u00e4krar vi gr\u00f6na framg\u00e5ngar \u00e5ret runt i Norden och resten av v\u00e4rlden!<\/strong><\/p>\n\n<h2 class=\"wp-block-heading\">Vi vann klimatr\u00e4ttsfallet mot den norska staten<\/h2>\n\n<figure class=\"wp-block-image size-large\"><img loading=\"lazy\" decoding=\"async\" width=\"1024\" height=\"683\" src=\"https:\/\/www.greenpeace.org\/static\/planet4-sweden-stateless\/2024\/09\/574b4e8c-gp0styiz3-1024x683.jpg\" alt=\"\" class=\"wp-image-60995\" srcset=\"https:\/\/www.greenpeace.org\/static\/planet4-sweden-stateless\/2024\/09\/574b4e8c-gp0styiz3-1024x683.jpg 1024w, https:\/\/www.greenpeace.org\/static\/planet4-sweden-stateless\/2024\/09\/574b4e8c-gp0styiz3-300x200.jpg 300w, https:\/\/www.greenpeace.org\/static\/planet4-sweden-stateless\/2024\/09\/574b4e8c-gp0styiz3-768x512.jpg 768w, https:\/\/www.greenpeace.org\/static\/planet4-sweden-stateless\/2024\/09\/574b4e8c-gp0styiz3-510x340.jpg 510w, https:\/\/www.greenpeace.org\/static\/planet4-sweden-stateless\/2024\/09\/574b4e8c-gp0styiz3.jpg 1200w\" sizes=\"auto, (max-width: 1024px) 100vw, 1024px\" \/><figcaption class=\"wp-element-caption\">Frode Pleym, programchef f\u00f6r Greenpeace i Norge, och Gina Gylver, d\u00e5varande chef f\u00f6r Natur og Ungdom i Oslos tingsr\u00e4tt i november 2023.<div class=\"credit icon-left\"> \u00a9 Rasmus Berg \/ Greenpeace<\/div><\/figcaption><\/figure>\n\n<p>\u00c5ret hade knappt b\u00f6rjat innan vi kunde fira en historisk seger: I januari <a href=\"https:\/\/www.greenpeace.org\/sweden\/pressmeddelanden\/klimat\/greenpeace-och-natur-och-ungdom-vinner-klimatrattsfall-mot-norska-staten\/\" data-type=\"link\" data-id=\"https:\/\/www.greenpeace.org\/sweden\/pressmeddelanden\/klimat\/greenpeace-och-natur-och-ungdom-vinner-klimatrattsfall-mot-norska-staten\/\" target=\"_blank\" rel=\"noreferrer noopener\">vann Greenpeace och Natur og Ungdom klimatr\u00e4ttsfallet mot den norska staten<\/a> &#8211; p\u00e5 alla punkter. Tingsr\u00e4tten i Oslo f\u00e4llde en krossande dom som ogiltigf\u00f6rklarade godk\u00e4nnandet av olje- och gasf\u00e4lten Tyrving, Breidablikk och Yggdrasil. R\u00e4tten utf\u00e4rdade \u00e4ven ett f\u00f6rbud mot att staten ger nya tillst\u00e5nd f\u00f6r byggnation och produktion fr\u00e5n de tre f\u00e4lten. Med den h\u00e4r segern f\u00f6rv\u00e4ntar vi oss att massiva m\u00e4ngder koldioxid stannar kvar i marken.<\/p>\n\n<p>Staten har dock \u00f6verklagat domen, och hovr\u00e4tten har beslutat att det huvudsakliga kravet och f\u00f6rbudet mot nya tillst\u00e5nd ska behandlas separat.<\/p>\n\n<h2 class=\"wp-block-heading\">Brasilien: Viktig dom mot Bolsonaros administration<\/h2>\n\n<figure class=\"wp-block-image is-resized\"><img loading=\"lazy\" decoding=\"async\" width=\"1200\" height=\"829\" src=\"https:\/\/www.greenpeace.org\/static\/planet4-sweden-stateless\/2024\/09\/c3e7c9a2-gp1sxns9.jpg\" alt=\"\" class=\"wp-image-60998\" style=\"width:736px;height:auto\" srcset=\"https:\/\/www.greenpeace.org\/static\/planet4-sweden-stateless\/2024\/09\/c3e7c9a2-gp1sxns9.jpg 1200w, https:\/\/www.greenpeace.org\/static\/planet4-sweden-stateless\/2024\/09\/c3e7c9a2-gp1sxns9-300x207.jpg 300w, https:\/\/www.greenpeace.org\/static\/planet4-sweden-stateless\/2024\/09\/c3e7c9a2-gp1sxns9-1024x707.jpg 1024w, https:\/\/www.greenpeace.org\/static\/planet4-sweden-stateless\/2024\/09\/c3e7c9a2-gp1sxns9-768x531.jpg 768w, https:\/\/www.greenpeace.org\/static\/planet4-sweden-stateless\/2024\/09\/c3e7c9a2-gp1sxns9-492x340.jpg 492w\" sizes=\"auto, (max-width: 1200px) 100vw, 1200px\" \/><figcaption><div class=\"credit icon-left\"> \u00a9 Valdemir Cunha \/ Greenpeace<\/div><\/figcaption><\/figure>\n\n<p>I mars avgjorde Brasiliens h\u00f6gsta domstol att Bolsonaros administration aktivt fr\u00e4mjat massiva kr\u00e4nkningar av milj\u00f6m\u00e4ssiga och sociala r\u00e4ttigheter i Amazonas. Domen \u00e4r en viktig seger f\u00f6r civilsamh\u00e4llet i Brasilien, d\u00e4r Greenpeace har spelat en central roll tillsammans med partnerorganisationer f\u00f6r att belysa det h\u00e4r r\u00e4ttsfallet under de senaste \u00e5ren. R\u00e4ttsfallet handlade om nedmonteringen av policies f\u00f6r milj\u00f6skydd och sociala fr\u00e5gor som skedde under Bolsonaro-administrationen, och vi kr\u00e4vde skyndsamma \u00e5tg\u00e4rder f\u00f6r att motverka den eskalerande milj\u00f6krisen. H\u00f6gsta domstolens beslut f\u00f6rel\u00e4gger att klimatm\u00e5l efterf\u00f6ljs, samtidigt som tillr\u00e4ckliga och effektiva beslut m\u00e5ste fattas f\u00f6r att v\u00e4rna om milj\u00f6n och att skydda mot skogsavverkning. &nbsp;<\/p>\n\n<h2 class=\"wp-block-heading\">Stopp f\u00f6r importen av rysk gas till Sverige<\/h2>\n\n<figure class=\"wp-block-image\"><img loading=\"lazy\" decoding=\"async\" width=\"1200\" height=\"800\" src=\"https:\/\/www.greenpeace.org\/static\/planet4-sweden-stateless\/2024\/09\/f863edbc-gp1szvk2.jpg\" alt=\"\" class=\"wp-image-60999\" srcset=\"https:\/\/www.greenpeace.org\/static\/planet4-sweden-stateless\/2024\/09\/f863edbc-gp1szvk2.jpg 1200w, https:\/\/www.greenpeace.org\/static\/planet4-sweden-stateless\/2024\/09\/f863edbc-gp1szvk2-300x200.jpg 300w, https:\/\/www.greenpeace.org\/static\/planet4-sweden-stateless\/2024\/09\/f863edbc-gp1szvk2-1024x683.jpg 1024w, https:\/\/www.greenpeace.org\/static\/planet4-sweden-stateless\/2024\/09\/f863edbc-gp1szvk2-768x512.jpg 768w, https:\/\/www.greenpeace.org\/static\/planet4-sweden-stateless\/2024\/09\/f863edbc-gp1szvk2-510x340.jpg 510w\" sizes=\"auto, (max-width: 1200px) 100vw, 1200px\" \/><figcaption><div class=\"credit icon-left\"> \u00a9 Greenpeace \/ Maria Andrea<\/div><\/figcaption><\/figure>\n\n<p>I juni beslutade EU att inf\u00f6ra sanktioner mot rysk flytande fossilgas, vilket i praktiken inneb\u00e4r att importen av rysk gas till Sverige stoppas. Detta f\u00f6ljer efter tv\u00e5 \u00e5rs intensivt kampanjande av Greenpeace, med bl.a. aktioner i Sverige d\u00e4r <a href=\"https:\/\/www.greenpeace.org\/sweden\/pressmeddelanden\/greenpeace\/greenpeaceaktivister-stoppar-rysk-fossilgas-fran-att-lossas-i-nynashamn\/\" data-type=\"link\" data-id=\"https:\/\/www.greenpeace.org\/sweden\/pressmeddelanden\/greenpeace\/greenpeaceaktivister-stoppar-rysk-fossilgas-fran-att-lossas-i-nynashamn\/\" target=\"_blank\" rel=\"noreferrer noopener\">tankerfartyg hindrades fr\u00e5n att pumpa i land fossilgas fr\u00e5n Ryssland<\/a>. Trots att den svenska regeringen f\u00e5tt ett tydligt mandat fr\u00e5n b\u00e5de svenska folket och riksdagen att stoppa all import av ryska fossila br\u00e4nslen, har den fortsatt till\u00e5ta rysk fossilgas att fl\u00f6da in i Sverige \u2013 vilket hj\u00e4lpt till att finansiera Putins krig i Ukraina. Med de nya sanktionerna \u00e4r det nu \u00e4ntligen stopp f\u00f6r det!<\/p>\n\n<p>Samtidigt forts\u00e4tter den s\u00e5 kallade ryska skuggflottan av rostiga oljetankfartyg att segla runt i svenska och danska farvatten. I v\u00e5ras genomf\u00f6rde aktivister fr\u00e5n Greenpeace Norden <a href=\"https:\/\/www.greenpeace.org\/sweden\/pressmeddelanden\/hav\/protestaktion-mot-fartyg-som-tankar-den-ryska-skuggflottan-utanfor-gotland\/\" data-type=\"link\" data-id=\"https:\/\/www.greenpeace.org\/sweden\/pressmeddelanden\/hav\/protestaktion-mot-fartyg-som-tankar-den-ryska-skuggflottan-utanfor-gotland\/\" target=\"_blank\" rel=\"noreferrer noopener\">en fredlig protestaktion mot den intensiva trafiken av rysk olja<\/a>, genom att m\u00e5la budskapet \u201dOIL FUELS WAR \u2013 PEOPLE WANT PEACE\u201d p\u00e5 en rysk oljetanker utanf\u00f6r Gotland. Det m\u00e4rks att det \u00e4r stor press p\u00e5 politikerna att f\u00e5 stopp f\u00f6r skuggflottan \u2013 efter v\u00e5r aktion har flera svenska politiker uttalat sig och kr\u00e4vt ett stopp f\u00f6r den. Nu hoppas vi att de agerar p\u00e5 sina uttalanden, och s\u00e4tter stopp f\u00f6r den h\u00e4r tickande milj\u00f6bomben i \u00d6stersj\u00f6n!<\/p>\n\n<h2 class=\"wp-block-heading\">Fler l\u00e4nder s\u00e4ger nej till djuphavsgruvdrift<\/h2>\n\n<figure class=\"wp-block-image\"><img loading=\"lazy\" decoding=\"async\" width=\"1200\" height=\"800\" src=\"https:\/\/www.greenpeace.org\/static\/planet4-sweden-stateless\/2024\/09\/0df55d68-gp0su1r1c.jpg\" alt=\"\" class=\"wp-image-61016\" srcset=\"https:\/\/www.greenpeace.org\/static\/planet4-sweden-stateless\/2024\/09\/0df55d68-gp0su1r1c.jpg 1200w, https:\/\/www.greenpeace.org\/static\/planet4-sweden-stateless\/2024\/09\/0df55d68-gp0su1r1c-300x200.jpg 300w, https:\/\/www.greenpeace.org\/static\/planet4-sweden-stateless\/2024\/09\/0df55d68-gp0su1r1c-1024x683.jpg 1024w, https:\/\/www.greenpeace.org\/static\/planet4-sweden-stateless\/2024\/09\/0df55d68-gp0su1r1c-768x512.jpg 768w, https:\/\/www.greenpeace.org\/static\/planet4-sweden-stateless\/2024\/09\/0df55d68-gp0su1r1c-510x340.jpg 510w\" sizes=\"auto, (max-width: 1200px) 100vw, 1200px\" \/><figcaption class=\"wp-element-caption\">Projektion med texten \u2018Stop deep-sea mining\u2019 (Stoppa djuphavsgruvdrift!) i S\u00f8rfjord, n\u00e4ra byn Bruvik i Norge.<div class=\"credit icon-left\"> \u00a9 Daniel M\u00fcller \/ Greenpeace<\/div><\/figcaption><\/figure>\n\n<p>Det enda s\u00e4ttet att p\u00e5 ett effektivt s\u00e4tt skydda havet mot gruvdrift p\u00e5 havsbotten \u00e4r ett globalt f\u00f6rbud. Under f\u00f6rhandlingarna med Internationella havsbottenmyndigheten (ISA) i augusti fick vi inget definitivt f\u00f6rbud. Men <a href=\"https:\/\/www.greenpeace.org\/sweden\/pressmeddelanden\/hav\/flera-lander-sager-nej-till-djuphavsgruvdrift-under-fn-mote\/\" data-type=\"link\" data-id=\"https:\/\/www.greenpeace.org\/sweden\/pressmeddelanden\/hav\/flera-lander-sager-nej-till-djuphavsgruvdrift-under-fn-mote\/\" target=\"_blank\" rel=\"noreferrer noopener\">listan p\u00e5 l\u00e4nder som kr\u00e4ver ett stopp f\u00f6r starten av gruvdrift p\u00e5 havsbotten v\u00e4xer sig allt l\u00e4ngre<\/a>: 32 l\u00e4nder, d\u00e4ribland Sverige, s\u00e4ger nu nej eller f\u00f6rsiktighetspaus till djuphavsgruvdrift. L\u00e4nderna ansluter sig d\u00e4rmed till en enad milj\u00f6r\u00f6relse, forskark\u00e5r, f\u00f6retag och kustsamh\u00e4llen som \u00e4r emot den h\u00e4r begynnande destruktiva industrin. I djuphaven g\u00f6mmer sig en skattkammare av biologisk m\u00e5ngfald, och det \u00e4r hem till enast\u00e5ende ekosystem. Djuphaven \u00e4r samtidigt en viktig allierad i kampen mot klimatf\u00f6r\u00e4ndringarna. Tillsammans kan vi se till att fler regeringar s\u00e4ger nej till industrin!<\/p>\n\n<p>I artikeln <a href=\"https:\/\/www.greenpeace.org\/sweden\/artiklar\/hav\/norge-vill-oppna-upp-for-deep-sea-mining-i-arktis-darfor-ar-det-en-dalig-ide\/\" data-type=\"link\" data-id=\"https:\/\/www.greenpeace.org\/sweden\/artiklar\/hav\/norge-vill-oppna-upp-for-deep-sea-mining-i-arktis-darfor-ar-det-en-dalig-ide\/\" target=\"_blank\" rel=\"noreferrer noopener\">Norge vill \u00f6ppna upp f\u00f6r gruvdrift p\u00e5 havsbottnen i Arktis \u2013 D\u00e4rf\u00f6r \u00e4r det en d\u00e5lig id\u00e9<\/a>, kan du l\u00e4sa mer om varf\u00f6r djuphavsgruvdrift \u00e4r en d\u00e5lig id\u00e9.<\/p>\n\n<h2 class=\"wp-block-heading\">God nyhet f\u00f6r yttrandefriheten i r\u00e4ttsfall mot Greenpeace<\/h2>\n\n<figure class=\"wp-block-image\"><img loading=\"lazy\" decoding=\"async\" width=\"1200\" height=\"800\" src=\"https:\/\/www.greenpeace.org\/static\/planet4-sweden-stateless\/2024\/09\/ae081817-gp0stzj4i.jpg\" alt=\"\" class=\"wp-image-61003\" srcset=\"https:\/\/www.greenpeace.org\/static\/planet4-sweden-stateless\/2024\/09\/ae081817-gp0stzj4i.jpg 1200w, https:\/\/www.greenpeace.org\/static\/planet4-sweden-stateless\/2024\/09\/ae081817-gp0stzj4i-300x200.jpg 300w, https:\/\/www.greenpeace.org\/static\/planet4-sweden-stateless\/2024\/09\/ae081817-gp0stzj4i-1024x683.jpg 1024w, https:\/\/www.greenpeace.org\/static\/planet4-sweden-stateless\/2024\/09\/ae081817-gp0stzj4i-768x512.jpg 768w, https:\/\/www.greenpeace.org\/static\/planet4-sweden-stateless\/2024\/09\/ae081817-gp0stzj4i-510x340.jpg 510w\" sizes=\"auto, (max-width: 1200px) 100vw, 1200px\" \/><figcaption class=\"wp-element-caption\">Greenpeace-demonstranter protesterar utanf\u00f6r Total Energies h\u00f6gkvarter. De stora affischerna visar en retuscherad bild av Patrick Pouyan\u00e9, Total Energies VD, bredvid en person som har lidit personliga f\u00f6rluster under \u00f6versv\u00e4mningarna i Frankrike. Texten lyder \u201cV\u00e5r vinst, din f\u00f6rlust\u201d.<div class=\"credit icon-left\"> \u00a9 Basile Barjon \/ Greenpeace<\/div><\/figcaption><\/figure>\n\n<p>Olje- och gasf\u00f6retaget Total Energies st\u00e4mde Greenpeace i Frankrike efter att vi hade offentliggjort en rapport om f\u00f6retagets utsl\u00e4pp av v\u00e4xthusgaser. Samma dag som Total Energies firade sitt 100-\u00e5rsjubileum tog domstolen i Paris Greenpeace\u2019s sida och avvisade st\u00e4mningsans\u00f6kan. Det \u00e4r en stor seger f\u00f6r yttrandefriheten, och det kan f\u00f6rhoppningsvis fungera som ett uppvaknande f\u00f6r andra oljegiganter som ocks\u00e5 anv\u00e4nder r\u00e4ttsfall som ett f\u00f6rs\u00f6k att tysta de som h\u00e5ller oljef\u00f6retagen ansvariga f\u00f6r deras bidrag till klimatkrisen. R\u00e4ttsfall som detta, och <a href=\"https:\/\/www.greenpeace.org\/sweden\/pressmeddelanden\/klimat\/shell-vill-satta-juridisk-munkavle-pa-greenpeace-hotar-med-nara-100-miljoner-kronor-i-skadestand-och-forbud-mot-alla-framtida-klimatprotester\/\" data-type=\"link\" data-id=\"https:\/\/www.greenpeace.org\/sweden\/pressmeddelanden\/klimat\/shell-vill-satta-juridisk-munkavle-pa-greenpeace-hotar-med-nara-100-miljoner-kronor-i-skadestand-och-forbud-mot-alla-framtida-klimatprotester\/\" target=\"_blank\" rel=\"noreferrer noopener\">Shells st\u00e4mning mot Greenpeace<\/a>, visar hur l\u00e5ngt dessa f\u00f6retag \u00e4r beredda att g\u00e5 f\u00f6r att kunna forts\u00e4tta att \u00f6del\u00e4gga planeten f\u00f6r vinst.<\/p>\n\n<h2 class=\"wp-block-heading\">Historiskt \u00f6gonblick f\u00f6r klimatr\u00e4ttvisa<\/h2>\n\n<figure class=\"wp-block-image\"><img loading=\"lazy\" decoding=\"async\" width=\"1200\" height=\"800\" src=\"https:\/\/www.greenpeace.org\/static\/planet4-sweden-stateless\/2024\/09\/6a8a438c-gp0su069f.jpg\" alt=\"\" class=\"wp-image-61004\" srcset=\"https:\/\/www.greenpeace.org\/static\/planet4-sweden-stateless\/2024\/09\/6a8a438c-gp0su069f.jpg 1200w, https:\/\/www.greenpeace.org\/static\/planet4-sweden-stateless\/2024\/09\/6a8a438c-gp0su069f-300x200.jpg 300w, https:\/\/www.greenpeace.org\/static\/planet4-sweden-stateless\/2024\/09\/6a8a438c-gp0su069f-1024x683.jpg 1024w, https:\/\/www.greenpeace.org\/static\/planet4-sweden-stateless\/2024\/09\/6a8a438c-gp0su069f-768x512.jpg 768w, https:\/\/www.greenpeace.org\/static\/planet4-sweden-stateless\/2024\/09\/6a8a438c-gp0su069f-510x340.jpg 510w\" sizes=\"auto, (max-width: 1200px) 100vw, 1200px\" \/><figcaption><div class=\"credit icon-left\"> \u00a9 Shervine Nafissi \/ Greenpeace<\/div><\/figcaption><\/figure>\n\n<p>En f\u00f6rening av \u00e4ldre kvinnor fr\u00e5n Schweiz, ocks\u00e5 k\u00e4nt som KlimaSeniorinnen, argumenterade f\u00f6r att den schweiziska statens brist p\u00e5 klimat\u00e5tg\u00e4rder strider mot deras r\u00e4tt till liv och h\u00e4lsa \u2013 speciellt d\u00e5 \u00e4ldre kvinnor \u00e4r mer s\u00e5rbara f\u00f6r v\u00e4rmeb\u00f6ljor orsakade av klimatf\u00f6r\u00e4ndringar.<\/p>\n\n<p>Det \u00e4r f\u00f6rsta g\u00e5ngen som Europas h\u00f6gsta domstol, Europadomstolen f\u00f6r m\u00e4nskliga r\u00e4ttigheter i Strasbourg, behandlat m\u00e4nskliga r\u00e4ttigheter i ett klimatsammanhang, och det \u00e4r f\u00f6rsta g\u00e5ngen den har avlagt en dom som fastsl\u00e5r att en stats brist p\u00e5 klimat\u00e5tg\u00e4rder kr\u00e4nker m\u00e4nskliga r\u00e4ttigheter. De schweiziska \u00e4ldre kvinnorna vann d\u00e4rmed en klimatseger som bekr\u00e4ftar att klimatskydd \u00e4r en m\u00e4nsklig r\u00e4ttighet. Domen \u00e4r ett historiskt \u00f6gonblick f\u00f6r klimatr\u00e4ttvisa globalt!<\/p>\n","protected":false},"excerpt":{"rendered":"<p>6 positiva nyheter f\u00f6r klimatet och milj\u00f6n fr\u00e5n f\u00f6rsta halvan av 2024. Tillsammans med v\u00e5ra givare, samarbetspartners, volont\u00e4rer &#038; andra milj\u00f6f\u00f6rsvarare s\u00e4krar vi gr\u00f6na framg\u00e5ngar \u00e5ret runt!<\/p>\n","protected":false},"author":34,"featured_media":60995,"comment_status":"closed","ping_status":"closed","sticky":false,"template":"","format":"standard","meta":{"ep_exclude_from_search":false,"p4_og_title":"","p4_og_description":"","p4_og_image":"","p4_og_image_id":"","p4_seo_canonical_url":"","p4_campaign_name":"","p4_local_project":"","p4_basket_name":"","p4_department":"","footnotes":""},"categories":[1],"tags":[68],"p4-page-type":[16],"class_list":["post-60993","post","type-post","status-publish","format-standard","has-post-thumbnail","hentry","category-greenpeace","tag-segrar","p4-page-type-artiklar"],"_links":{"self":[{"href":"https:\/\/www.greenpeace.org\/sweden\/wp-json\/wp\/v2\/posts\/60993","targetHints":{"allow":["GET"]}}],"collection":[{"href":"https:\/\/www.greenpeace.org\/sweden\/wp-json\/wp\/v2\/posts"}],"about":[{"href":"https:\/\/www.greenpeace.org\/sweden\/wp-json\/wp\/v2\/types\/post"}],"author":[{"embeddable":true,"href":"https:\/\/www.greenpeace.org\/sweden\/wp-json\/wp\/v2\/users\/34"}],"replies":[{"embeddable":true,"href":"https:\/\/www.greenpeace.org\/sweden\/wp-json\/wp\/v2\/comments?post=60993"}],"version-history":[{"count":20,"href":"https:\/\/www.greenpeace.org\/sweden\/wp-json\/wp\/v2\/posts\/60993\/revisions"}],"predecessor-version":[{"id":63947,"href":"https:\/\/www.greenpeace.org\/sweden\/wp-json\/wp\/v2\/posts\/60993\/revisions\/63947"}],"wp:featuredmedia":[{"embeddable":true,"href":"https:\/\/www.greenpeace.org\/sweden\/wp-json\/wp\/v2\/media\/60995"}],"wp:attachment":[{"href":"https:\/\/www.greenpeace.org\/sweden\/wp-json\/wp\/v2\/media?parent=60993"}],"wp:term":[{"taxonomy":"category","embeddable":true,"href":"https:\/\/www.greenpeace.org\/sweden\/wp-json\/wp\/v2\/categories?post=60993"},{"taxonomy":"post_tag","embeddable":true,"href":"https:\/\/www.greenpeace.org\/sweden\/wp-json\/wp\/v2\/tags?post=60993"},{"taxonomy":"p4-page-type","embeddable":true,"href":"https:\/\/www.greenpeace.org\/sweden\/wp-json\/wp\/v2\/p4-page-type?post=60993"}],"curies":[{"name":"wp","href":"https:\/\/api.w.org\/{rel}","templated":true}]}}