{"id":61162,"date":"2024-09-25T12:49:08","date_gmt":"2024-09-25T11:49:08","guid":{"rendered":"https:\/\/www.greenpeace.org\/sweden\/?p=61162"},"modified":"2024-09-25T12:49:11","modified_gmt":"2024-09-25T11:49:11","slug":"just-nu-greenpeace-uppmanar-eu-att-skydda-och-aterstalla-forstord-natur-varnar-for-jessika-roswall-m","status":"publish","type":"post","link":"https:\/\/www.greenpeace.org\/sweden\/pressmeddelanden\/skog\/just-nu-greenpeace-uppmanar-eu-att-skydda-och-aterstalla-forstord-natur-varnar-for-jessika-roswall-m\/","title":{"rendered":"Just nu: Greenpeace uppmanar EU att skydda och \u00e5terst\u00e4lla f\u00f6rst\u00f6rd natur &#8211; varnar f\u00f6r Jessika Roswall (M)"},"content":{"rendered":"\n<figure class=\"wp-block-image size-large\"><img loading=\"lazy\" decoding=\"async\" width=\"1024\" height=\"683\" src=\"https:\/\/www.greenpeace.org\/static\/planet4-sweden-stateless\/2024\/09\/3db46181-gp0su2jy6_pressmedia-2500px-1024x683.jpg\" alt=\"\" class=\"wp-image-61166\" srcset=\"https:\/\/www.greenpeace.org\/static\/planet4-sweden-stateless\/2024\/09\/3db46181-gp0su2jy6_pressmedia-2500px-1024x683.jpg 1024w, https:\/\/www.greenpeace.org\/static\/planet4-sweden-stateless\/2024\/09\/3db46181-gp0su2jy6_pressmedia-2500px-300x200.jpg 300w, https:\/\/www.greenpeace.org\/static\/planet4-sweden-stateless\/2024\/09\/3db46181-gp0su2jy6_pressmedia-2500px-768x512.jpg 768w, https:\/\/www.greenpeace.org\/static\/planet4-sweden-stateless\/2024\/09\/3db46181-gp0su2jy6_pressmedia-2500px-1536x1024.jpg 1536w, https:\/\/www.greenpeace.org\/static\/planet4-sweden-stateless\/2024\/09\/3db46181-gp0su2jy6_pressmedia-2500px-2048x1366.jpg 2048w, https:\/\/www.greenpeace.org\/static\/planet4-sweden-stateless\/2024\/09\/3db46181-gp0su2jy6_pressmedia-2500px-510x340.jpg 510w\" sizes=\"auto, (max-width: 1024px) 100vw, 1024px\" \/><\/figure>\n\n<p>Bryssel, 25 september 2024.<strong> Greenpeace-aktivister demonstrerar just nu utanf\u00f6r EU-parlamentet i Bryssel. Med hj\u00e4lp av ett nio meter h\u00f6gt l\u00e5tsastr\u00e4d, dekorerat med h\u00e4lsningar fr\u00e5n europeiska medborgare, uppmanas EU att skydda naturen och st\u00e4rka den biologiska m\u00e5ngfalden. Men Greenpeace ser en risk f\u00f6r att svenska EU-kommission\u00e4ren Jessika Roswall (M) inte \u00e4r r\u00e4tt namn f\u00f6r att ta EU n\u00e4rmare m\u00e5len till 2030 ifall hon f\u00e5r ansvar f\u00f6r milj\u00f6fr\u00e5gor. Europaparlamentariker b\u00f6r pressa henne under kommande utfr\u00e5gning, i synnerhet i skogsfr\u00e5gor, menar Greenpeace.<\/strong><\/p>\n\n<p>\u2013 Vi kr\u00e4ver att EU skyddar naturen. Det \u00e4r avg\u00f6rande att \u00e5terst\u00e4lla f\u00f6rst\u00f6rda ekosystem f\u00f6r att vi ska ha frisk luft, rent vatten och ett v\u00e4lm\u00e5ende jordbruk. En frisk natur g\u00f6r oss \u00e4ven b\u00e4ttre skyddade mot extremv\u00e4der. De som tj\u00e4nar pengar p\u00e5 att f\u00f6rst\u00f6ra v\u00e5r natur beh\u00f6ver stoppas, samtidigt som EU:s pengafl\u00f6de till naturf\u00f6rst\u00f6relse utanf\u00f6r EU:s gr\u00e4nser beh\u00f6ver t\u00e4ppas till, <strong>s\u00e4ger Jorgo Riss, chef f\u00f6r Greenpeaces EU-enhet.<\/strong><\/p>\n\n<p>EU-kommissionen h\u00e5ller p\u00e5 att ta ny form efter sommarens val. De nya kommission\u00e4rerna kommer att tilltr\u00e4da i en avg\u00f6rande tid och sitta kvar fram till slutet av 2029, d\u00e5 flera m\u00e5l ska vara s\u00e5 gott som n\u00e5dda. Till exempel ska EU skydda 30 procent av v\u00e4rdefull natur p\u00e5 land och hav fram till 2030. H\u00e4r kan den svenska EU-kommission\u00e4ren Jessika Roswall (M) komma att spela en avg\u00f6rande roll. EU-kommissionens nyomvalda ordf\u00f6rande Ursula von der Leyen har f\u00f6reslagit att Roswall f\u00e5r milj\u00f6, vatten och en konkurrenskraftig cirkul\u00e4r ekonomi i sin portf\u00f6lj.&nbsp;<\/p>\n\n<p>\u2013 Vi \u00e4r f\u00f6rv\u00e5nade \u00f6ver att Jessika Roswall (M) ser ut att f\u00e5 ett s\u00e5 pass stort ansvar f\u00f6r EU:s milj\u00f6politik med tanke p\u00e5 hennes bristande erfarenhet inom milj\u00f6fr\u00e5gor. \u00c4ven om alla kommission\u00e4rer ska se till unionens b\u00e4sta framf\u00f6r nationella intressen, finns det en uppenbar risk att den linje som regeringen har f\u00f6rt i EU under de senaste \u00e5ren p\u00e5verkar Roswalls omd\u00f6me, s\u00e4rskilt i skogsfr\u00e5gor. Regeringen har f\u00f6rs\u00f6kt stoppa flertalet f\u00f6rslag, exempelvis restaureringslagen, och vill att EU ska h\u00e5lla sig borta fr\u00e5n svenska skogar s\u00e5 att skogsindustrin kan kalhugga v\u00e4rdefulla gammelskogar b\u00e4st de vill, <strong>s\u00e4ger Erika Bjureby, Sverigechef Greenpeace.<\/strong><\/p>\n\n<p>Innan n\u00e5got \u00e4r klart ska EU-parlamentet ges m\u00f6jlighet att fr\u00e5ga ut samtliga kommission\u00e4rer senare i h\u00f6st. Greenpeace menar att EU-parlamentarikerna m\u00e5ste s\u00e4kerst\u00e4lla att Roswall f\u00f6r EU mot de m\u00e5l som EU har antagit till 2030, samt arbeta f\u00f6r starka m\u00e5l till 2040 som unionen ska f\u00f6rhandla om i n\u00e4rtid.<\/p>\n\n<p>\u2013 EU:s m\u00e5l till 2030 m\u00e5ste n\u00e5s och m\u00e5len till 2040 beh\u00f6ver vara f\u00f6rankrade i vetenskapen. D\u00e4rf\u00f6r vore det farligt om Roswall p\u00e5verkas av den linje som regeringen hittills har f\u00f6rt i EU och Sverige, d\u00e5 det strider mot EU:s m\u00e5l. Med bristande erfarenhet i milj\u00f6fr\u00e5gor riskerar Roswall \u00e4ven att bli en enkel m\u00e5ltavla f\u00f6r skogsindustrins p\u00e5verkansmetoder och lobbyism, vilket \u00e4r oroande. Nu m\u00e5ste EU-parlamentet ta tillf\u00e4llet i akt och s\u00e4kerst\u00e4lla att Roswall t\u00e4nker arbeta f\u00f6r EU:s medborgare och klimatets b\u00e4sta, ist\u00e4llet f\u00f6r att skydda den svenska skogsindustrin p\u00e5 det s\u00e4tt som regeringen gjort hittills, <strong>s\u00e4ger Erika Bjureby, Sverigechef Greenpeace.<\/strong><\/p>\n\n<p><strong>Fotomaterial fr\u00e5n demonstrationen<\/strong><\/p>\n\n<p>Hittar du <a href=\"https:\/\/media.greenpeace.org\/collection\/27MZIFJB1EWMK\">h\u00e4r.<\/a><\/p>\n\n<p><strong>Mer information<\/strong><\/p>\n\n<p>Regeringen har tidigare haft Ursula von der Leyen p\u00e5 <a href=\"https:\/\/www.greenpeace.org\/sweden\/pressmeddelanden\/skog\/greenpeace-infor-toppbesoket-fran-eu-ga-inte-pa-regeringens-och-skogsindustrins-logner\/\">bes\u00f6k i Sverige<\/a> f\u00f6r att diskutera svenskt skogsbruk, n\u00e5got som Greenpeace <a href=\"https:\/\/www.dn.se\/sverige\/besvikelse-i-miljororelsen-over-skogsmotet-med-eu\/\">uppm\u00e4rksammade.<\/a><\/p>\n\n<p><strong>Presskontakt Greenpeace EU<\/strong><\/p>\n\n<p>+32 (0)2 274 1911<br><a href=\"mailto:pressdesk.eu@greenpeace.org\">pressdesk.eu@greenpeace.org<\/a><\/p>\n\n<p><strong>Presskontakt Greenpeace Sverige<\/strong><\/p>\n\n<p>Christopher Engberg Dahl, kommunikationsansvarig<br><a href=\"mailto:christopher.dahl@greenpeace.org\">christopher.dahl@greenpeace.org<\/a><br>0791421453<\/p>\n","protected":false},"excerpt":{"rendered":"<p>Greenpeace-aktivister demonstrerar just nu utanf\u00f6r EU-parlamentet i Bryssel.<\/p>\n","protected":false},"author":103,"featured_media":61166,"comment_status":"closed","ping_status":"closed","sticky":false,"template":"","format":"standard","meta":{"ep_exclude_from_search":false,"p4_og_title":"","p4_og_description":"","p4_og_image":"","p4_og_image_id":"","p4_seo_canonical_url":"","p4_campaign_name":"Defund Nature Destruction Now","p4_local_project":"Swedish Forests","p4_basket_name":"Forests","p4_department":"","footnotes":""},"categories":[22],"tags":[31,40,19],"p4-page-type":[14],"class_list":["post-61162","post","type-post","status-publish","format-standard","has-post-thumbnail","hentry","category-skog","tag-aktivism","tag-biodiversitet","tag-skyddaskogen","p4-page-type-pressmeddelanden"],"_links":{"self":[{"href":"https:\/\/www.greenpeace.org\/sweden\/wp-json\/wp\/v2\/posts\/61162","targetHints":{"allow":["GET"]}}],"collection":[{"href":"https:\/\/www.greenpeace.org\/sweden\/wp-json\/wp\/v2\/posts"}],"about":[{"href":"https:\/\/www.greenpeace.org\/sweden\/wp-json\/wp\/v2\/types\/post"}],"author":[{"embeddable":true,"href":"https:\/\/www.greenpeace.org\/sweden\/wp-json\/wp\/v2\/users\/103"}],"replies":[{"embeddable":true,"href":"https:\/\/www.greenpeace.org\/sweden\/wp-json\/wp\/v2\/comments?post=61162"}],"version-history":[{"count":1,"href":"https:\/\/www.greenpeace.org\/sweden\/wp-json\/wp\/v2\/posts\/61162\/revisions"}],"predecessor-version":[{"id":61168,"href":"https:\/\/www.greenpeace.org\/sweden\/wp-json\/wp\/v2\/posts\/61162\/revisions\/61168"}],"wp:featuredmedia":[{"embeddable":true,"href":"https:\/\/www.greenpeace.org\/sweden\/wp-json\/wp\/v2\/media\/61166"}],"wp:attachment":[{"href":"https:\/\/www.greenpeace.org\/sweden\/wp-json\/wp\/v2\/media?parent=61162"}],"wp:term":[{"taxonomy":"category","embeddable":true,"href":"https:\/\/www.greenpeace.org\/sweden\/wp-json\/wp\/v2\/categories?post=61162"},{"taxonomy":"post_tag","embeddable":true,"href":"https:\/\/www.greenpeace.org\/sweden\/wp-json\/wp\/v2\/tags?post=61162"},{"taxonomy":"p4-page-type","embeddable":true,"href":"https:\/\/www.greenpeace.org\/sweden\/wp-json\/wp\/v2\/p4-page-type?post=61162"}],"curies":[{"name":"wp","href":"https:\/\/api.w.org\/{rel}","templated":true}]}}