{"id":61183,"date":"2024-09-27T13:11:31","date_gmt":"2024-09-27T12:11:31","guid":{"rendered":"https:\/\/www.greenpeace.org\/sweden\/?p=61183"},"modified":"2024-11-01T13:11:05","modified_gmt":"2024-11-01T12:11:05","slug":"nu-kan-svenska-kyrkan-ta-taten-mot-ett-hallbart-skogsbruk","status":"publish","type":"post","link":"https:\/\/www.greenpeace.org\/sweden\/artiklar\/skog\/nu-kan-svenska-kyrkan-ta-taten-mot-ett-hallbart-skogsbruk\/","title":{"rendered":"Nu kan Svenska kyrkan ta t\u00e4ten mot ett h\u00e5llbart skogsbruk"},"content":{"rendered":"\n<figure class=\"wp-block-image size-full\"><img loading=\"lazy\" decoding=\"async\" width=\"800\" height=\"533\" src=\"https:\/\/www.greenpeace.org\/static\/planet4-sweden-stateless\/2021\/03\/fd6c0139-gp0strdj9_web_size.jpg\" alt=\"\" class=\"wp-image-46344\" srcset=\"https:\/\/www.greenpeace.org\/static\/planet4-sweden-stateless\/2021\/03\/fd6c0139-gp0strdj9_web_size.jpg 800w, https:\/\/www.greenpeace.org\/static\/planet4-sweden-stateless\/2021\/03\/fd6c0139-gp0strdj9_web_size-300x200.jpg 300w, https:\/\/www.greenpeace.org\/static\/planet4-sweden-stateless\/2021\/03\/fd6c0139-gp0strdj9_web_size-768x512.jpg 768w, https:\/\/www.greenpeace.org\/static\/planet4-sweden-stateless\/2021\/03\/fd6c0139-gp0strdj9_web_size-510x340.jpg 510w\" sizes=\"auto, (max-width: 800px) 100vw, 800px\" \/><\/figure>\n\n<p><strong>Svenska kyrkan \u00e4r Sveriges femte st\u00f6rsta skogs\u00e4gare. Nu kan de vara p\u00e5 v\u00e4g att bli ledande i omst\u00e4llningen till ett mer naturn\u00e4ra skogsbruk. Det visar kyrkans egen <\/strong><a href=\"https:\/\/www.svenskakyrkan.se\/skogsutredning\"><strong>skogsutredning<\/strong><\/a><strong> som presenterades i dagarna. Greenpeace v\u00e4lkomnar ambitionen i utredningen och ser flera f\u00f6rslag som steg i r\u00e4tt riktning. Samtidigt \u00e4r det n\u00f6dv\u00e4ndigt att Svenska kyrkan g\u00e5r \u00e4nnu l\u00e4ngre \u00e4n utredningen f\u00f6resl\u00e5r.<\/strong><\/p>\n\n<p>Sedan april 2023 har arbetet p\u00e5g\u00e5tt med den <a href=\"https:\/\/www.svenskakyrkan.se\/skogsutredning\">skogsutredning<\/a> som syftar till att skapa en tydlig kurs f\u00f6r hur Svenska kyrkan ska f\u00f6rvalta sitt skogsinnehav. Svenska kyrkans egna ord \u00e4r att utredningen ska unders\u00f6ka hur kyrkan <em>\u201dkan s\u00e4kerst\u00e4lla en s\u00e5 ekologisk, ekonomisk, social samt andlig och existentiell h\u00e5llbar skogsf\u00f6rvaltning som m\u00f6jligt\u201d.<\/em> Nu har utredaren G\u00f6ran Enander, tidigare generaldirekt\u00f6r f\u00f6r Skogsstyrelsen, presenterat sina slutsatser.<br><br>Utredaren f\u00f6resl\u00e5r bland annat att:<\/p>\n\n<ul class=\"wp-block-list\">\n<li>En tredjedel av kyrkans skogsareal brukas med mer naturn\u00e4ra skogsbruksmetoder<\/li>\n\n\n\n<li>20 procent av skogsarealen skyddas f\u00f6r biologisk m\u00e5ngfald och kolinlagring<\/li>\n\n\n\n<li>Kyrkan tar st\u00f6rre h\u00e4nsyn till samer och rensk\u00f6tseln, till exempel genom att inf\u00f6ra den urfolksr\u00e4ttsliga principen Free Prior and Informed Consent (FPIC). Principen handlar om samr\u00e5dsprocesser med ber\u00f6rda samebyar, d\u00e4r samtycke ska n\u00e5s innan en avverkning b\u00f6rjar<\/li>\n<\/ul>\n\n<h3 class=\"wp-block-heading\"><strong>Vad \u00e4r positivt med utredningen?<\/strong><\/h3>\n\n<p>Greenpeace har l\u00e4nge arbetat f\u00f6r en <a href=\"https:\/\/www.greenpeace.org\/sweden\/publikationer\/skog\/naturnara-skogsbruk-ett-hallbart-satt-att-bruka-den-svenska-skogen\/?utm_source=google&amp;utm_medium=cpc&amp;utm_content=16556625000&amp;utm_campaign=g&amp;utm_term=132348055577&amp;gad_source=1&amp;gclid=Cj0KCQjwr9m3BhDHARIsANut04Y1AvkYIrUvR-769cWR2XjYZ3VOFCRaOho9C7EjQFNs2thuUrhfrWUaAjMgEALw_wcB\">omst\u00e4llning av skogsbruket till naturn\u00e4ra metoder<\/a> och ser d\u00e4rf\u00f6r positivt p\u00e5 att Svenska kyrkan f\u00f6resl\u00e5s ta dessa steg. Om kyrkan \u00e5tar sig att bruka en tredjedel av sin skogsareal med mer naturn\u00e4ra metoder skulle de g\u00f6ra sig till en klar ledare i omst\u00e4llningen j\u00e4mf\u00f6rt med andra stora skogs\u00e4gare, exempelvis det statliga skogsbolaget Sveaskog som Greenpeace l\u00e4nge har menat <a href=\"https:\/\/www.aftonbladet.se\/debatt\/a\/wOX2qd\/ge-sveaskog-i-uppdrag-att-skydda-vara-skogar\">b\u00f6r st\u00e4lla om sitt skogsbruk<\/a>.<\/p>\n\n<p>Det \u00e4r h\u00f6g tid att implementera den urfolksr\u00e4ttsliga principen om FPIC. Greenpeace v\u00e4lkomnar d\u00e4rf\u00f6r utredningens f\u00f6rslag, som kan bidra till att st\u00e4rka samers r\u00e4ttigheter enligt FN:s urfolksr\u00e4tt. Inget skogsbruk kan vara h\u00e5llbart s\u00e5 l\u00e4nge det \u00e4r grundat p\u00e5 koloniala strukturer som bef\u00e4ster maktobalanser och inte tar h\u00e4nsyn till samernas status som r\u00e4ttighetsb\u00e4rare. Greenpeace f\u00f6rv\u00e4ntar sig att samtliga akt\u00f6rer som bedriver skogsbruk p\u00e5 samiska marker implementerar FPIC.<\/p>\n\n<figure class=\"wp-block-image\"><img loading=\"lazy\" decoding=\"async\" width=\"1200\" height=\"781\" src=\"https:\/\/www.greenpeace.org\/static\/planet4-sweden-stateless\/2024\/09\/f68ff1ce-gp0str4n7.jpg\" title=\"Reindeer in Sweden. \u00a9 Maria Bostr\u00f6m \/ SSR\" alt=\"Reindeer in Sweden. \u00a9 Maria Bostr\u00f6m \/ SSR\" class=\"wp-image-61184\" srcset=\"https:\/\/www.greenpeace.org\/static\/planet4-sweden-stateless\/2024\/09\/f68ff1ce-gp0str4n7.jpg 1200w, https:\/\/www.greenpeace.org\/static\/planet4-sweden-stateless\/2024\/09\/f68ff1ce-gp0str4n7-300x195.jpg 300w, https:\/\/www.greenpeace.org\/static\/planet4-sweden-stateless\/2024\/09\/f68ff1ce-gp0str4n7-1024x666.jpg 1024w, https:\/\/www.greenpeace.org\/static\/planet4-sweden-stateless\/2024\/09\/f68ff1ce-gp0str4n7-768x500.jpg 768w, https:\/\/www.greenpeace.org\/static\/planet4-sweden-stateless\/2024\/09\/f68ff1ce-gp0str4n7-510x332.jpg 510w\" sizes=\"auto, (max-width: 1200px) 100vw, 1200px\" \/><figcaption class=\"wp-element-caption\">Lavrika betesmarker, som \u00e4r viktiga f\u00f6r rensk\u00f6tseln, har minskat med 70 procent.<div class=\"credit icon-left\"> \u00a9 Maria Bostr\u00f6m \/ SSR<\/div><\/figcaption><\/figure>\n\n<p>Mest av allt visar utredningen att Svenska kyrkan nu har m\u00f6jlighet att g\u00e5 emot svensk skogsindustri, som arbetar f\u00f6r fler kalhyggen ist\u00e4llet f\u00f6r f\u00e4rre. Det \u00e4r v\u00e4lbeh\u00f6vligt att en skogs\u00e4gare likt Svenska kyrkan v\u00e5gar ta t\u00e4ten i omst\u00e4llningen av skogsbruket f\u00f6r att st\u00e4rka samers r\u00e4ttigheter och den biologiska m\u00e5ngfalden, men \u00e4ven f\u00f6r att st\u00e4rka friluftslivet och minska utsl\u00e4ppen av koldioxid. Det finns exempelvis en \u00f6verh\u00e4ngande risk f\u00f6r att <a href=\"https:\/\/www.regeringen.se\/rattsliga-dokument\/kommittedirektiv\/2024\/02\/dir.-202416\">regeringens skogsutredning<\/a> kommer att komma fram till helt andra f\u00f6rslag, d\u00e5 direktiven till stor del handlar om hur uttaget av skogsr\u00e5vara ska kunna \u00f6ka &#8211; allt f\u00f6r att skydda skogsindustrins kortsiktiga vinstintressen. D\u00e4rf\u00f6r \u00e4r det positivt att Svenska kyrkan v\u00e5gar visa p\u00e5 en annan v\u00e4g fram\u00e5t. Den ambitionen v\u00e4lkomnar Greenpeace, \u00e4ven om vi anser att kyrkan beh\u00f6ver g\u00e5 \u00e4nnu l\u00e4ngre.<\/p>\n\n<h3 class=\"wp-block-heading\"><strong>Vad \u00e4r riskabelt med utredningen?<\/strong><\/h3>\n\n<p>N\u00e4stan h\u00e4lften &#8211; 47 procent &#8211; av kyrkans skogsareal f\u00f6resl\u00e5s fortsatt brukas genom kalavverkningar. H\u00e4r vill utredaren att det ska ske med st\u00f6rre h\u00e4nsyn till naturen, till exempel genom minskad hyggesstorlek och h\u00f6gre \u00e5lder p\u00e5 skogen innan den f\u00e5r avverkas. H\u00e4r ser Greenpeace att utredningens f\u00f6rslag inte r\u00e4cker hela v\u00e4gen. F\u00f6r ett verkligt h\u00e5llbart skogsbruk, som \u00e4r i samklang med naturens och m\u00e4nniskans gr\u00e4nser, m\u00e5ste samtliga kalhyggen f\u00f6rbjudas. Vid varje hygge, oavsett storlek, uppst\u00e5r en kolskuld med flera decenniers \u00e5terbetalningstid. Dessutom fragmenteras skogslandskapet ytterligare i en tid n\u00e4r vi \u00e4r i kritiskt behov av \u00f6kad konnektivitet f\u00f6r att v\u00e4nda den nuvarande negativa trenden f\u00f6r biologisk m\u00e5ngfald. Det finns inga h\u00e5llbara kalhyggen och Greenpeace kan aldrig k\u00e4nna sig n\u00f6jda s\u00e5 l\u00e4nge de till\u00e5ts i v\u00e5ra skogar.<\/p>\n\n<figure class=\"wp-block-image size-large\"><img loading=\"lazy\" decoding=\"async\" width=\"1024\" height=\"768\" src=\"https:\/\/www.greenpeace.org\/static\/planet4-sweden-stateless\/2024\/07\/c393b135-foto-c-1024x768.jpg\" title=\"Ett kalhygge d\u00e4r en skylt, &quot;Naturen och du&quot;, syns i f\u00f6rgrunden.\" alt=\"Ett kalhygge d\u00e4r en skylt, &quot;Naturen och du&quot;, syns i f\u00f6rgrunden.\" class=\"wp-image-60587\" srcset=\"https:\/\/www.greenpeace.org\/static\/planet4-sweden-stateless\/2024\/07\/c393b135-foto-c-1024x768.jpg 1024w, https:\/\/www.greenpeace.org\/static\/planet4-sweden-stateless\/2024\/07\/c393b135-foto-c-300x225.jpg 300w, https:\/\/www.greenpeace.org\/static\/planet4-sweden-stateless\/2024\/07\/c393b135-foto-c-768x576.jpg 768w, https:\/\/www.greenpeace.org\/static\/planet4-sweden-stateless\/2024\/07\/c393b135-foto-c-1536x1152.jpg 1536w, https:\/\/www.greenpeace.org\/static\/planet4-sweden-stateless\/2024\/07\/c393b135-foto-c-2048x1536.jpg 2048w, https:\/\/www.greenpeace.org\/static\/planet4-sweden-stateless\/2024\/07\/c393b135-foto-c-1821x1366.jpg 1821w, https:\/\/www.greenpeace.org\/static\/planet4-sweden-stateless\/2024\/07\/c393b135-foto-c-453x340.jpg 453w\" sizes=\"auto, (max-width: 1024px) 100vw, 1024px\" \/><figcaption class=\"wp-element-caption\">I protest mot kalhuggning av svenska skogar uts\u00e5g Greenpeace <a href=\"https:\/\/www.greenpeace.org\/sweden\/skog\/svensk-skog\/sveriges-fulaste-kalhygge\/\">Sveriges fulaste kalhygge<\/a> tidigare i \u00e5r.<div class=\"credit icon-left\"> \u00a9 Foto: Daniela Roth<\/div><\/figcaption><\/figure>\n\n<p>Att svenska kyrkan f\u00f6resl\u00e5s \u00f6ka sin andel skyddad skog fr\u00e5n 11 procent till 20 procent \u00e4r b\u00e5de bra och d\u00e5ligt, menar Greenpeace. Ambitionen visar p\u00e5 en f\u00f6rst\u00e5else f\u00f6r att det klokaste och effektivaste vi kan g\u00f6ra \u00e4r att l\u00e5ta skogens kolf\u00f6rr\u00e5d vara intakta om vi ska kunna hantera klimatkrisen och f\u00f6rhindra o\u00e5terkalleliga tr\u00f6skeleffekter. D\u00e4remot b\u00f6r Svenska kyrkan skydda 30 procent av skogen som ett absolut minimum. Annars agerar kyrkan inte i linje med FN:s konvention om biologisk m\u00e5ngfald och EU:s biodiversitetsstrategi, som s\u00e4ger att 30 procent ska skyddas till 2030. P\u00e5 s\u00e5 s\u00e4tt riskerar kyrkan att ignorera internationella m\u00e5l och \u00f6verenskommelser, men \u00e4ven vetenskapen som s\u00e4ger att skydd av v\u00e4rdefull natur \u00e4r avg\u00f6rande f\u00f6r att hantera klimatkrisen och f\u00f6rlusten av biologisk m\u00e5ngfald.<\/p>\n\n<h3 class=\"wp-block-heading\"><strong>Vad h\u00e4nder nu?<\/strong><\/h3>\n\n<p>Vi m\u00e5ste komma ih\u00e5g att utredningen \u00e4nnu inte har blivit verklighet. Det \u00e4r fortfarande bara f\u00f6rslag det handlar om. Det \u00e4r f\u00f6rst n\u00e4sta \u00e5r som beslut tas om utredningens f\u00f6rslag. D\u00e5 \u00e4r det upp till bevis om Svenska kyrkan lever upp till skogsutredningens titel <em>\u201dAnsvar, handling och hopp\u201d.<\/em> F\u00f6r att g\u00f6ra det till fullo b\u00f6r kyrkan g\u00e5 \u00e4nnu l\u00e4ngre \u00e4n utredningens f\u00f6rslag, \u00e4ven om flera f\u00f6rslag uppenbart inneb\u00e4r steg i r\u00e4tt riktning mot ett mer h\u00e5llbart skogsbruk. Men hela v\u00e4gen fram n\u00e5r tyv\u00e4rr inte utredningen &#8211; och det finns tyv\u00e4rr en risk f\u00f6r att f\u00f6rslagen f\u00f6rsvagas, n\u00e4r de snarare beh\u00f6ver st\u00e4rkas.<\/p>\n\t\t\t<section\n\t\t\tclass=\"boxout post-46050 \"\n\t\t\t\n\t\t>\n\t\t\t<a\n\t\t\t\tdata-ga-category=\"Take Action Boxout\"\n\t\t\t\tdata-ga-action=\"Image\"\n\t\t\t\tdata-ga-label=\"n\/a\"\n\t\t\t\tclass=\"cover-card-overlay\"\n\t\t\t\thref=\"https:\/\/www.greenpeace.org\/sweden\/agera\/skydda-svensk-skog\/\" \n\t\t\t><\/a>\n\t\t\t\t\t\t\t<img\n\t\t\t\t\t\tsrc=\"https:\/\/www.greenpeace.org\/static\/planet4-sweden-stateless\/2021\/02\/d67f8b00-gp0stq8ze_web_size.jpg\"\n\t\t\t\t\t\tsrcset=\"https:\/\/www.greenpeace.org\/static\/planet4-sweden-stateless\/2021\/02\/d67f8b00-gp0stq8ze_web_size-300x200.jpg 300w, https:\/\/www.greenpeace.org\/static\/planet4-sweden-stateless\/2021\/02\/d67f8b00-gp0stq8ze_web_size-768x512.jpg 768w, https:\/\/www.greenpeace.org\/static\/planet4-sweden-stateless\/2021\/02\/d67f8b00-gp0stq8ze_web_size-510x340.jpg 510w, https:\/\/www.greenpeace.org\/static\/planet4-sweden-stateless\/2021\/02\/d67f8b00-gp0stq8ze_web_size.jpg 800w\"\n\t\t\t\t\t\tsizes=\"(min-width: 1000px) 358px, (min-width: 780px) 313px, 88px\"\n\t\t\t\t\t\talt=\"\" title=\"\"\n\t\t\t\t\/>\n            \t\t\t<div class=\"boxout-content\">\n\t\t\t\t\t\t\t\t\t<a\n\t\t\t\t\t\tclass=\"boxout-heading medium\"\n\t\t\t\t\t\tdata-ga-category=\"Take Action Boxout\"\n\t\t\t\t\t\tdata-ga-action=\"Title\"\n\t\t\t\t\t\tdata-ga-label=\"n\/a\"\n\t\t\t\t\t\thref=\"https:\/\/www.greenpeace.org\/sweden\/agera\/skydda-svensk-skog\/\"\n\t\t\t\t\t\t\n\t\t\t\t\t>\n\t\t\t\t\t\tSkydda svensk skog\n\t\t\t\t\t<\/a>\n\t\t\t\t\t\t\t\t\t\t\t\t\t<p class=\"boxout-excerpt\">Skriv under och hj\u00e4lp oss s\u00e4tta press p\u00e5 regeringen och kr\u00e4v att statliga Sveaskog g\u00f6rs om fr\u00e5n en skogsbov till en skogshj\u00e4lte! <\/p>\n\t\t\t\t                                    <a\n                        class=\"btn btn-primary\"\n                        data-ga-category=\"Take Action Boxout\"\n                        data-ga-action=\"Call to Action\"\n                        data-ga-label=\"n\/a\"\n                        href=\"https:\/\/www.greenpeace.org\/sweden\/agera\/skydda-svensk-skog\/\"\n                        \n                    >\n                        Engagera dig\n                    <\/a>\n                \t\t\t<\/div>\n\t\t\t\t\t<\/section>\n\t","protected":false},"excerpt":{"rendered":"<p>Svenska kyrkans egen skogsutredning visar att de vara p\u00e5 v\u00e4g att bli ledande i omst\u00e4llningen till ett mer naturn\u00e4ra skogsbruk. <\/p>\n","protected":false},"author":103,"featured_media":45963,"comment_status":"closed","ping_status":"closed","sticky":false,"template":"","format":"standard","meta":{"ep_exclude_from_search":false,"p4_og_title":"","p4_og_description":"","p4_og_image":"","p4_og_image_id":"","p4_seo_canonical_url":"","p4_campaign_name":"Defund Nature Destruction Now","p4_local_project":"Swedish Forests","p4_basket_name":"Forests","p4_department":"","footnotes":""},"categories":[22],"tags":[40,64,19],"p4-page-type":[16],"class_list":["post-61183","post","type-post","status-publish","format-standard","has-post-thumbnail","hentry","category-skog","tag-biodiversitet","tag-sapmi","tag-skyddaskogen","p4-page-type-artiklar"],"_links":{"self":[{"href":"https:\/\/www.greenpeace.org\/sweden\/wp-json\/wp\/v2\/posts\/61183","targetHints":{"allow":["GET"]}}],"collection":[{"href":"https:\/\/www.greenpeace.org\/sweden\/wp-json\/wp\/v2\/posts"}],"about":[{"href":"https:\/\/www.greenpeace.org\/sweden\/wp-json\/wp\/v2\/types\/post"}],"author":[{"embeddable":true,"href":"https:\/\/www.greenpeace.org\/sweden\/wp-json\/wp\/v2\/users\/103"}],"replies":[{"embeddable":true,"href":"https:\/\/www.greenpeace.org\/sweden\/wp-json\/wp\/v2\/comments?post=61183"}],"version-history":[{"count":3,"href":"https:\/\/www.greenpeace.org\/sweden\/wp-json\/wp\/v2\/posts\/61183\/revisions"}],"predecessor-version":[{"id":61470,"href":"https:\/\/www.greenpeace.org\/sweden\/wp-json\/wp\/v2\/posts\/61183\/revisions\/61470"}],"wp:featuredmedia":[{"embeddable":true,"href":"https:\/\/www.greenpeace.org\/sweden\/wp-json\/wp\/v2\/media\/45963"}],"wp:attachment":[{"href":"https:\/\/www.greenpeace.org\/sweden\/wp-json\/wp\/v2\/media?parent=61183"}],"wp:term":[{"taxonomy":"category","embeddable":true,"href":"https:\/\/www.greenpeace.org\/sweden\/wp-json\/wp\/v2\/categories?post=61183"},{"taxonomy":"post_tag","embeddable":true,"href":"https:\/\/www.greenpeace.org\/sweden\/wp-json\/wp\/v2\/tags?post=61183"},{"taxonomy":"p4-page-type","embeddable":true,"href":"https:\/\/www.greenpeace.org\/sweden\/wp-json\/wp\/v2\/p4-page-type?post=61183"}],"curies":[{"name":"wp","href":"https:\/\/api.w.org\/{rel}","templated":true}]}}