{"id":61190,"date":"2024-09-30T10:13:30","date_gmt":"2024-09-30T09:13:30","guid":{"rendered":"https:\/\/www.greenpeace.org\/sweden\/?p=61190"},"modified":"2024-09-30T10:22:40","modified_gmt":"2024-09-30T09:22:40","slug":"greenpeace-fortsatter-att-sta-upp-mot-fossil-och-skogsindustrins-forsok-att-tysta-oss","status":"publish","type":"post","link":"https:\/\/www.greenpeace.org\/sweden\/artiklar\/energi\/greenpeace-fortsatter-att-sta-upp-mot-fossil-och-skogsindustrins-forsok-att-tysta-oss\/","title":{"rendered":"Greenpeace forts\u00e4tter att st\u00e5 upp mot fossil- och skogsindustrins f\u00f6rs\u00f6k att tysta oss"},"content":{"rendered":"\n<figure class=\"wp-block-image size-large\"><img loading=\"lazy\" decoding=\"async\" width=\"1024\" height=\"683\" src=\"https:\/\/www.greenpeace.org\/static\/planet4-sweden-stateless\/2024\/09\/9f9c0e7c-gp0su2kjz_medium-res-1200px-1024x683.jpg\" alt=\"\" class=\"wp-image-61196\" srcset=\"https:\/\/www.greenpeace.org\/static\/planet4-sweden-stateless\/2024\/09\/9f9c0e7c-gp0su2kjz_medium-res-1200px-1024x683.jpg 1024w, https:\/\/www.greenpeace.org\/static\/planet4-sweden-stateless\/2024\/09\/9f9c0e7c-gp0su2kjz_medium-res-1200px-300x200.jpg 300w, https:\/\/www.greenpeace.org\/static\/planet4-sweden-stateless\/2024\/09\/9f9c0e7c-gp0su2kjz_medium-res-1200px-768x512.jpg 768w, https:\/\/www.greenpeace.org\/static\/planet4-sweden-stateless\/2024\/09\/9f9c0e7c-gp0su2kjz_medium-res-1200px-510x340.jpg 510w, https:\/\/www.greenpeace.org\/static\/planet4-sweden-stateless\/2024\/09\/9f9c0e7c-gp0su2kjz_medium-res-1200px.jpg 1200w\" sizes=\"auto, (max-width: 1024px) 100vw, 1024px\" \/><figcaption class=\"wp-element-caption\">Aktivister fr\u00e5n Greenpeace i Spanien i protestaktion med budskapet att vi inte kommer l\u00e5ta oss tystas av Energy Transfer och andra utsl\u00e4ppsj\u00e4ttar. Foto: Pablo Blazquez<br><\/figcaption><\/figure>\n\n<h4 class=\"wp-block-heading\"><strong>Greenpeace har genom \u00e5ren f\u00f6rsvarat yttrandefriheten i r\u00e4ttsliga sammanhang, ofta efter att stora j\u00e4ttar inom fossil- eller skogsindustrin f\u00f6rs\u00f6kt tysta oss. Nu st\u00e4mmer bolag som Shell och Energy Transfer oss p\u00e5 hiskeliga summor f\u00f6r att de inte gillar v\u00e5ra protester och v\u00e5r kritik mot deras skadliga verksamhet. H\u00e4r kan du l\u00e4sa mer om p\u00e5g\u00e5ende och avslutade r\u00e4ttsprocesser mot Greenpeace &#8211; och hur vi forts\u00e4tter att st\u00e5 upp mot utsl\u00e4ppsj\u00e4ttars f\u00f6rs\u00f6k att s\u00e4tta munkavle p\u00e5 oss.<\/strong><\/h4>\n\n<p>Kampen f\u00f6r att skydda planeten framst\u00e5r ofta som en strid mellan David och Goliat. Och v\u00e4rldens Goliat-j\u00e4ttar inom fossil- och skogsindustrin skyr inte n\u00e5gra medel f\u00f6r att tysta de som st\u00e5r upp mot deras destruktiva projekt. Ett av deras favoritvapen \u00e4r det som brukar kallas \u201cStrategic Lawsuits Against Public Participation\u201d (SLAPPs). P\u00e5 svenska \u00f6vers\u00e4tts det b\u00e4st till munkavleprocesser, det vill s\u00e4ga strategiska r\u00e4ttsprocesser f\u00f6r att hindra offentlig debatt. N\u00e4r du \u00e4r involverad i ett r\u00e4ttsfall p\u00e5verkas n\u00e4mligen det du kan s\u00e4ga externt, och kritik kan p\u00e5 s\u00e5 s\u00e4tt f\u00f6rs\u00f6ka tystas. Samtidigt kan st\u00e4mningsans\u00f6kningarna i dessa r\u00e4ttsfall uppg\u00e5 till fantasisummor, som vid en f\u00e4llande dom kan f\u00e5 f\u00f6r\u00f6dande konsekvenser.<\/p>\n\n<p>De h\u00e4r munkavleprocesserna visar hur stora bolag missbrukar r\u00e4ttssystemet i syfte att skr\u00e4mma, tysta eller till och med utpl\u00e5na organisationer som riktar kritik mot deras verksamheter.<br>Trots flera munkavleprocesser och enorma utmaningar, forts\u00e4tter Greenpeace Internationals juridiska team att sl\u00e5 tillbaka. H\u00e4r \u00e4r en n\u00e4rmare titt p\u00e5 n\u00e5gra av de mest uppm\u00e4rksammade munkavleprocesser som Greenpeace har m\u00f6tt och fortfarande st\u00e5r inf\u00f6r, samt vad vi g\u00f6r f\u00f6r att bek\u00e4mpa dem.<\/p>\n\n<p><strong><br>1. Shell mot Greenpeace<\/strong><br><\/p>\n\n<figure class=\"wp-block-image size-large\"><img loading=\"lazy\" decoding=\"async\" width=\"1024\" height=\"692\" src=\"https:\/\/www.greenpeace.org\/static\/planet4-sweden-stateless\/2024\/09\/3cfa7f6e-gp0stv5zb_medium-res-1200px-1024x692.jpg\" alt=\"\" class=\"wp-image-61191\" srcset=\"https:\/\/www.greenpeace.org\/static\/planet4-sweden-stateless\/2024\/09\/3cfa7f6e-gp0stv5zb_medium-res-1200px-1024x692.jpg 1024w, https:\/\/www.greenpeace.org\/static\/planet4-sweden-stateless\/2024\/09\/3cfa7f6e-gp0stv5zb_medium-res-1200px-300x203.jpg 300w, https:\/\/www.greenpeace.org\/static\/planet4-sweden-stateless\/2024\/09\/3cfa7f6e-gp0stv5zb_medium-res-1200px-768x519.jpg 768w, https:\/\/www.greenpeace.org\/static\/planet4-sweden-stateless\/2024\/09\/3cfa7f6e-gp0stv5zb_medium-res-1200px-503x340.jpg 503w, https:\/\/www.greenpeace.org\/static\/planet4-sweden-stateless\/2024\/09\/3cfa7f6e-gp0stv5zb_medium-res-1200px.jpg 1200w\" sizes=\"auto, (max-width: 1024px) 100vw, 1024px\" \/><figcaption class=\"wp-element-caption\">Aktivister fr\u00e5n Greenpeace vid Shells oljeplattform i Atlanten. Foto: Chris J Ratcliffe \/ Greenpeace <\/figcaption><\/figure>\n\n<p>Det h\u00e4r r\u00e4ttsfallet utg\u00f6r en av de mest omfattande juridiska utmaningarna som Greenpeace n\u00e5gonsin har st\u00e4llts inf\u00f6r. Shell \u00e4r det n\u00e4st st\u00f6rsta privat\u00e4gda oljebolaget i v\u00e4rlden (efter ExxonMobil) och det femtonde st\u00f6rsta f\u00f6retaget i v\u00e4rlden.<\/p>\n\n<p>Upprinnelsen till Shells st\u00e4mning var <a href=\"https:\/\/www.greenpeace.org\/sweden\/pressmeddelanden\/klimat\/klimataktivister-har-bordat-shells-oljeplattform-utanfor-kanarieoarna\/\">en fredlig protest<\/a> av Greenpeace International 2023, d\u00e4r aktivister ockuperade en r\u00f6rlig oljeplattform f\u00f6r att uppm\u00e4rksamma den klimatp\u00e5verkan som Shells verksamhet orsakar. Vi uppmanade Shell att stoppa sin olje- och gasborrning och att ta ansvar f\u00f6r de milj\u00f6skador de har orsakat, till exempel genom ekonomiska bidrag till den internationella fonden f\u00f6r klimatrelaterade skador och f\u00f6rluster.<\/p>\n\n<p>Inledningsvis varnade Shell f\u00f6r ett skadest\u00e5ndskrav krav p\u00e5 \u00f6ver 8 miljoner dollar. Senare&nbsp; f\u00f6reslog Shell en f\u00f6rlikning p\u00e5 1,4 miljoner dollar (ca 14 miljoner kronor) samtidigt som Greenpeace&nbsp; skulle f\u00f6rbjudas fr\u00e5n att protestera p\u00e5 n\u00e5gon av Shells infrastrukturer, vare sig i hamn eller till havs, var som helst i v\u00e4rlden &#8211; f\u00f6r all framtid. Greenpeace UK och International svarade genom att erbjuda att g\u00e5 med p\u00e5 protestf\u00f6rbudet, men endast om Shell \u00e5tar sig att minska sina utsl\u00e4pp med 45 procent till 2030, i enlighet med en dom fr\u00e5n Nederl\u00e4nderna.<\/p>\n\n<p>Shell har sedan dess inlett formella r\u00e4ttsliga \u00e5tg\u00e4rder i brittiska domstolar d\u00e4r de kr\u00e4ver skadest\u00e5nd och orimliga r\u00e4tteg\u00e5ngskostnader i ett f\u00f6rs\u00f6k att tysta Greenpeace UK och Greenpeace International.<\/p>\n\n<p><strong>2. Energy Transfer mot Greenpeace<\/strong><\/p>\n\n<figure class=\"wp-block-image size-large\"><img loading=\"lazy\" decoding=\"async\" width=\"1024\" height=\"683\" src=\"https:\/\/www.greenpeace.org\/static\/planet4-sweden-stateless\/2024\/09\/95e65d34-gp0su1ug5_medium-res-1200px-1024x683.jpg\" alt=\"\" class=\"wp-image-61192\" srcset=\"https:\/\/www.greenpeace.org\/static\/planet4-sweden-stateless\/2024\/09\/95e65d34-gp0su1ug5_medium-res-1200px-1024x683.jpg 1024w, https:\/\/www.greenpeace.org\/static\/planet4-sweden-stateless\/2024\/09\/95e65d34-gp0su1ug5_medium-res-1200px-300x200.jpg 300w, https:\/\/www.greenpeace.org\/static\/planet4-sweden-stateless\/2024\/09\/95e65d34-gp0su1ug5_medium-res-1200px-768x512.jpg 768w, https:\/\/www.greenpeace.org\/static\/planet4-sweden-stateless\/2024\/09\/95e65d34-gp0su1ug5_medium-res-1200px-510x340.jpg 510w, https:\/\/www.greenpeace.org\/static\/planet4-sweden-stateless\/2024\/09\/95e65d34-gp0su1ug5_medium-res-1200px.jpg 1200w\" sizes=\"auto, (max-width: 1024px) 100vw, 1024px\" \/><figcaption class=\"wp-element-caption\">Greenpeace-aktivister utanf\u00f6r Dallas City Hall i protest mot oljej\u00e4tten Energy Transfers st\u00e4mning p\u00e5 300 miljoner dollar. Foto: Laura Buckman \/ Greenpeace<\/figcaption><\/figure>\n\n<p><a href=\"https:\/\/www.greenpeace.org\/international\/story\/67866\/energy-transfer-slapp-lawsuit-vs-greenpeace-people-power\/?_gl=1*vig3n8*_up*MQ..*_ga*MTczNDM0MDk2MC4xNzI3MTAxMTc5*_ga_99CSX66YC1*MTcyNzEwMTE3OC4xLjAuMTcyNzEwMTE3OC4wLjAuMA..*_ga_0CCB1GTVV6*MTcyNzEwMTE3OC4xLjAuMTcyNzEwMTE3OC4wLjAuMA..*_ga_94MRTN8HG4*MTcyNzEwMTE3OC4xLjAuMTcyNzEwMTE3OC4wLjAuNDMyNjE3OTYw\">Greenpeace International och Greenpeace USA st\u00e5r inf\u00f6r en r\u00e4tteg\u00e5ng i North Dakota, USA, <\/a>efter en st\u00e4mningsans\u00f6kan fr\u00e5n fossilbolaget Energy Transfer, f\u00f6retaget bakom <a href=\"https:\/\/www.greenpeace.org\/international\/story\/67866\/energy-transfer-slapp-lawsuit-vs-greenpeace-people-power\/?_gl=1*jy98mm*_up*MQ..*_ga*MjEzMTYzMzkxMi4xNzI3MTAxNDgw*_ga_0CCB1GTVV6*MTcyNzEwMTQ4MC4xLjAuMTcyNzEwMTQ4MC4wLjAuMA..*_ga_99CSX66YC1*MTcyNzEwMTQ4MC4xLjAuMTcyNzEwMTQ4MC4wLjAuMA..*_ga_94MRTN8HG4*MTcyNzEwMTQ4MC4xLjAuMTcyNzEwMTQ4MC4wLjAuMTE0Njk5OTYzMw..\">Dakota Access Pipeline.<\/a> St\u00e4mningen handlar om n\u00e4ra 300 miljoner dollar (motsvarande cirka 3 miljarder kronor). En f\u00f6rlust f\u00f6r Greenpeace skulle kunna f\u00e5 f\u00f6r\u00f6dande konsekvenser f\u00f6r milj\u00f6aktivism, b\u00e5de i USA och globalt.<\/p>\n\n<p>Upprinnelsen till st\u00e4mningen var protester ledda av urfolk vid omr\u00e5det Standing Rock i North Dakota 2016. Energy Transfer h\u00e4vdar felaktigt att Greenpeace orkestrerade motst\u00e5ndet mot r\u00f6rledningarna. Detta g\u00f6r inte bara r\u00e4ttsfallet till en SLAPP-st\u00e4mning utformad f\u00f6r att tysta kritiker, utan \u00e4ven till ett skaml\u00f6st f\u00f6rs\u00f6k att skriva om historien om r\u00f6relsen bakom detta projekt och radera betydelsen av urfolks protestaktion.<\/p>\n\n<p>Greenpeace juridiska team f\u00f6rsvarar sig inte bara mot dessa anklagelser, utan arbetar \u00e4ven f\u00f6r att avsl\u00f6ja de bredare konsekvenserna av Energy Transfers milj\u00f6p\u00e5verkan. Detta fall \u00e4r ytterligare ett exempel p\u00e5 hur m\u00e4ktiga akt\u00f6rer f\u00f6rs\u00f6ker undergr\u00e4va milj\u00f6organisationer genom att utnyttja sin ekonomiska makt f\u00f6r att t\u00f6mma oss p\u00e5 resurser och avleda uppm\u00e4rksamhet.<\/p>\n\n<p><strong>3. Resolute Forest Products mot Greenpeace<\/strong><\/p>\n\n<figure class=\"wp-block-image size-large\"><img loading=\"lazy\" decoding=\"async\" width=\"1024\" height=\"683\" src=\"https:\/\/www.greenpeace.org\/static\/planet4-sweden-stateless\/2024\/09\/07f0b77a-gp0str5p8_medium-res-1200px-1024x683.jpg\" alt=\"\" class=\"wp-image-61193\" srcset=\"https:\/\/www.greenpeace.org\/static\/planet4-sweden-stateless\/2024\/09\/07f0b77a-gp0str5p8_medium-res-1200px-1024x683.jpg 1024w, https:\/\/www.greenpeace.org\/static\/planet4-sweden-stateless\/2024\/09\/07f0b77a-gp0str5p8_medium-res-1200px-300x200.jpg 300w, https:\/\/www.greenpeace.org\/static\/planet4-sweden-stateless\/2024\/09\/07f0b77a-gp0str5p8_medium-res-1200px-768x512.jpg 768w, https:\/\/www.greenpeace.org\/static\/planet4-sweden-stateless\/2024\/09\/07f0b77a-gp0str5p8_medium-res-1200px-510x340.jpg 510w, https:\/\/www.greenpeace.org\/static\/planet4-sweden-stateless\/2024\/09\/07f0b77a-gp0str5p8_medium-res-1200px.jpg 1200w\" sizes=\"auto, (max-width: 1024px) 100vw, 1024px\" \/><figcaption class=\"wp-element-caption\">Deltagare och aktivister utanf\u00f6r USA&#8217;s distriktsdomstol i San Francisco. Foto: George Nikitin \/ Greenpeace<\/figcaption><\/figure>\n\n<p><a href=\"https:\/\/www.greenpeace.org\/international\/press-release\/59416\/greenpeace-defeats-slapp-lawsuit-free-speech-victory\/?_gl=1*19djuau*_up*MQ..*_ga*OTg1NzEzMjU1LjE3MjcxMDEzMjI.*_ga_94MRTN8HG4*MTcyNzEwMTMyMi4xLjAuMTcyNzEwMTMyMi4wLjAuNTg0OTY4MzE0*_ga_0CCB1GTVV6*MTcyNzEwMTMyMi4xLjAuMTcyNzEwMTMyMi4wLjAuMA..*_ga_99CSX66YC1*MTcyNzEwMTMyMi4xLjAuMTcyNzEwMTMyMi4wLjAuMA..\">I april 2023 avvisade en amerikansk federal domstol ett sju \u00e5r l\u00e5ngt r\u00e4ttsfall<\/a> som v\u00e4ckts av Resolute Forest Products mot Greenpeace, inklusive Greenpeace International och Greenpeace USA. Det innebar en stor seger f\u00f6r yttrandefriheten och milj\u00f6skyddet.<\/p>\n\n<p>Det kanadensiska skogsbolaget hade st\u00e4mt Greenpeace p\u00e5 100 miljoner kanadensiska dollar (cirka 754 miljoner kronor) i ett f\u00f6rs\u00f6k att tysta och ekonomiskt f\u00f6rst\u00f6ra oss efter kritik mot deras oh\u00e5llbara skogsbruk.<\/p>\n\n<p>Greenpeace svarade genom att fokusera p\u00e5 bevisen f\u00f6r milj\u00f6f\u00f6rst\u00f6relse orsakad av Resolutes verksamhet. Greenpeace-supporters v\u00e4rlden \u00f6ver gick samman f\u00f6r att f\u00f6rd\u00f6ma denna or\u00e4ttvisa och oproportionerliga attack. Striden visade hur l\u00e5ngt f\u00f6retag \u00e4r villiga att g\u00e5 f\u00f6r att skydda sina vinstmarginaler, \u00e4ven p\u00e5 bekostnad av milj\u00f6skydd.<\/p>\n\n<p><strong>Starkare tillsammans: en attack p\u00e5 en av oss \u00e4r en attack p\u00e5 oss alla<\/strong><\/p>\n\n<p>Greenpeace \u00e4r s\u00e5klart inte den enda organisationen som har utsatts f\u00f6r munkavleprocesser.Vi k\u00e4mpar mot dessa alltmer vanligt f\u00f6rekommande skr\u00e4mseltaktiker tillsammans med m\u00e5nga andra aktivister och organisationer. Till exempel har organisationen <a href=\"https:\/\/earthrights.org\/publication\/the-fossil-fuel-industrys-use-of-slapps-and-judicial-harassment-in-the-united-states\/\">EarthRights identifierat 152 fall<\/a> under de senaste tio \u00e5ren d\u00e4r fossilindustrin har anv\u00e4nt munkavleprocesser och andra r\u00e4ttsliga skr\u00e4mseltaktiker i f\u00f6rs\u00f6k att tysta eller straffa sina kritiker i USA.<\/p>\n\n<p><a href=\"https:\/\/www.the-case.eu\/latest\/how-slapps-increasingly-threaten-democracy-in-europe-new-case-report\/\">En rapport fr\u00e5n Coalition Against SLAPPs in Europe (CASE)<\/a> \u2014 som Greenpeace Internationals juridiska enhet hj\u00e4lpte till att lansera 2023 \u2014 dokumenterade 820 munkavleprocesser i Europa fram till augusti 2023, med 161 st\u00e4mningar under 2022, en betydande \u00f6kning j\u00e4mf\u00f6rt med de 135 fall 2021.<\/p>\n\n<p>Tillsammans med medlemmarna i CASE-koalitionen engagerar sig Greenpeace aktivt i lobbyarbete f\u00f6r att st\u00e4rka det r\u00e4ttsliga skyddet f\u00f6r alla milj\u00f6aktivister och organisationer som k\u00e4mpar mot munkavleprocesser. <a href=\"https:\/\/eur-lex.europa.eu\/legal-content\/EN\/TXT\/?uri=celex%3A32024L1069\">EUs nya anti-SLAPP-direktiv,<\/a> som antogs av EU i mars 2024 efter fyra \u00e5rs kampanjande, \u00e4r en stor seger. Direktivet spelar redan en viktig roll i Greenpeace Internationals kamp mot Energy Transfer.<\/p>\n\n<p><strong>Klimatr\u00f6relsen f\u00f6rsvarar sig inte bara &#8211; den k\u00e4mpar ocks\u00e5 i avg\u00f6rande r\u00e4ttsfall\u00a0<\/strong><\/p>\n\n<p>Under 2023 skedde flera banbrytande r\u00e4ttsliga segrar som innebar viktiga steg mot klimatr\u00e4ttvisa.I april kom en dom fr\u00e5n Europeiska domstolen&nbsp; som erk\u00e4nner Schweiz misslyckande med att tillr\u00e4ckligt minska utsl\u00e4ppen av v\u00e4xthusgaser &#8211; och att detta \u00e4r ett brott mot m\u00e4nskliga r\u00e4ttigheter. H\u00e4r i Sverige har den ungdomsledda organisationen Auroradrivit en r\u00e4ttsprocess mot den svenska staten f\u00f6r att de inte agerar tillr\u00e4ckligt kraftfullt mot klimatkrisen. I april i \u00e5r kom beskedet att <a href=\"https:\/\/xn--auroramlet-75a.se\/#:~:text=Aurora%20ska%20upp%20i%20H%C3%B6gsta,HD%20kommer%20svara%20p%C3%A5%20den.\">H\u00f6gsta domstolen ger pr\u00f6vningstillst\u00e5nd i Auroram\u00e5let<\/a> och senare kommer ta st\u00e4llning till om m\u00e5let kan tas upp i svensk domstol.<\/p>\n\n<p>Dessa r\u00e4ttsfall representerar mer \u00e4n bara juridiska kamper. De symboliserar den bredare kampen mellan f\u00f6retagsintressen, bristen p\u00e5 klimat\u00e5tg\u00e4rder och den globala milj\u00f6- och m\u00e4nniskor\u00e4ttsr\u00f6relsen. Varje seger mot en munkavleprocess, varje nytt steg fram\u00e5t i erk\u00e4nnandet av klimatkrisens och milj\u00f6f\u00f6rst\u00f6ringens \u00f6kande p\u00e5verkan p\u00e5 v\u00e5ra liv, s\u00e4tter ett prejudikat f\u00f6r andra aktivister och organisationer som k\u00e4mpar f\u00f6r en beboelig planet och en ljusare framtid.<\/p>\n\n<p>D\u00e4rf\u00f6r \u00e4r de p\u00e5g\u00e5ende r\u00e4ttsfallen s\u00e5 viktiga. Det handlar inte bara om Greenpeace, utan hela milj\u00f6r\u00f6relsen och v\u00e5r r\u00e4tt att protestera mot utsl\u00e4pssj\u00e4ttar som f\u00f6rv\u00e4rrar klimatkrisen.<\/p>\n\n<p>Vi ger aldrig upp. Vi v\u00e4grar g\u00e5 med p\u00e5 en framtid d\u00e4r v\u00e5r planets \u00f6de dikteras av giriga storf\u00f6retag som eldar p\u00e5 klimatkrisen, sk\u00f6vlar v\u00e5ra skogar och behandlar v\u00e4rldens hav som soptippar.<\/p>\n\n<p>Vi kommer k\u00e4mpa mot utsl\u00e4ppsj\u00e4ttarna i r\u00e4tten, f\u00f6r v\u00e5r och planetens \u00f6verlevnad! .\u00a0<\/p>\n\n<p>Nu beh\u00f6ver vi din hj\u00e4lp! <a href=\"https:\/\/greenpeace.adoveo.com\/start\/TkRKaFpHOTJaVzg9\/?location=p4&amp;\">St\u00e5 upp med oss och swisha ditt st\u00f6d idag.<\/a><\/p>\n","protected":false},"excerpt":{"rendered":"<p>Greenpeace har genom \u00e5ren f\u00f6rsvarat yttrandefriheten i r\u00e4ttsliga sammanhang, ofta efter att stora j\u00e4ttar inom fossil- eller skogsindustrin f\u00f6rs\u00f6kt tysta oss. <\/p>\n","protected":false},"author":34,"featured_media":61196,"comment_status":"closed","ping_status":"closed","sticky":false,"template":"","format":"standard","meta":{"ep_exclude_from_search":false,"p4_og_title":"","p4_og_description":"","p4_og_image":"","p4_og_image_id":"","p4_seo_canonical_url":"","p4_campaign_name":"","p4_local_project":"","p4_basket_name":"","p4_department":"","footnotes":""},"categories":[45],"tags":[31,24],"p4-page-type":[16],"class_list":["post-61190","post","type-post","status-publish","format-standard","has-post-thumbnail","hentry","category-energi","tag-aktivism","tag-fossilenergi","p4-page-type-artiklar"],"_links":{"self":[{"href":"https:\/\/www.greenpeace.org\/sweden\/wp-json\/wp\/v2\/posts\/61190","targetHints":{"allow":["GET"]}}],"collection":[{"href":"https:\/\/www.greenpeace.org\/sweden\/wp-json\/wp\/v2\/posts"}],"about":[{"href":"https:\/\/www.greenpeace.org\/sweden\/wp-json\/wp\/v2\/types\/post"}],"author":[{"embeddable":true,"href":"https:\/\/www.greenpeace.org\/sweden\/wp-json\/wp\/v2\/users\/34"}],"replies":[{"embeddable":true,"href":"https:\/\/www.greenpeace.org\/sweden\/wp-json\/wp\/v2\/comments?post=61190"}],"version-history":[{"count":3,"href":"https:\/\/www.greenpeace.org\/sweden\/wp-json\/wp\/v2\/posts\/61190\/revisions"}],"predecessor-version":[{"id":61198,"href":"https:\/\/www.greenpeace.org\/sweden\/wp-json\/wp\/v2\/posts\/61190\/revisions\/61198"}],"wp:featuredmedia":[{"embeddable":true,"href":"https:\/\/www.greenpeace.org\/sweden\/wp-json\/wp\/v2\/media\/61196"}],"wp:attachment":[{"href":"https:\/\/www.greenpeace.org\/sweden\/wp-json\/wp\/v2\/media?parent=61190"}],"wp:term":[{"taxonomy":"category","embeddable":true,"href":"https:\/\/www.greenpeace.org\/sweden\/wp-json\/wp\/v2\/categories?post=61190"},{"taxonomy":"post_tag","embeddable":true,"href":"https:\/\/www.greenpeace.org\/sweden\/wp-json\/wp\/v2\/tags?post=61190"},{"taxonomy":"p4-page-type","embeddable":true,"href":"https:\/\/www.greenpeace.org\/sweden\/wp-json\/wp\/v2\/p4-page-type?post=61190"}],"curies":[{"name":"wp","href":"https:\/\/api.w.org\/{rel}","templated":true}]}}