{"id":61577,"date":"2024-11-11T12:07:47","date_gmt":"2024-11-11T11:07:47","guid":{"rendered":"https:\/\/www.greenpeace.org\/sweden\/?p=61577"},"modified":"2024-12-03T10:31:48","modified_gmt":"2024-12-03T09:31:48","slug":"slaget-om-preemraff-sa-stoppades-utslapp-av-flera-miljon-ton-koldioxid","status":"publish","type":"post","link":"https:\/\/www.greenpeace.org\/sweden\/artiklar\/greenpeace\/slaget-om-preemraff-sa-stoppades-utslapp-av-flera-miljon-ton-koldioxid\/","title":{"rendered":"Slaget om Preemraff \u2013 s\u00e5 stoppades utsl\u00e4pp av flera miljon ton koldioxid"},"content":{"rendered":"\n<figure class=\"wp-block-image size-full\"><img loading=\"lazy\" decoding=\"async\" width=\"800\" height=\"533\" title=\"Rainbow Warrior Joins Sailing Protest against Oil Refinery Expansion in Sweden\" src=\"https:\/\/www.greenpeace.org\/static\/planet4-sweden-stateless\/2024\/11\/5b1a9686-gp0stustr_low-res-with-credit-line-800px.jpg\" alt=\"\" class=\"wp-image-61578\" srcset=\"https:\/\/www.greenpeace.org\/static\/planet4-sweden-stateless\/2024\/11\/5b1a9686-gp0stustr_low-res-with-credit-line-800px.jpg 800w, https:\/\/www.greenpeace.org\/static\/planet4-sweden-stateless\/2024\/11\/5b1a9686-gp0stustr_low-res-with-credit-line-800px-300x200.jpg 300w, https:\/\/www.greenpeace.org\/static\/planet4-sweden-stateless\/2024\/11\/5b1a9686-gp0stustr_low-res-with-credit-line-800px-768x512.jpg 768w, https:\/\/www.greenpeace.org\/static\/planet4-sweden-stateless\/2024\/11\/5b1a9686-gp0stustr_low-res-with-credit-line-800px-510x340.jpg 510w\" sizes=\"auto, (max-width: 800px) 100vw, 800px\" \/><figcaption class=\"wp-element-caption\">Greenpeace skepp Rainbow Warrior deltar i en &#8221;flottilla&#8221; som en flytande manifestation mot utbyggnaden av Preemraff. Lysekil, h\u00f6sten 2020. <\/figcaption><\/figure>\n\n<p class=\"wp-block-paragraph\"><strong>Lysekil, h\u00f6sten 2020, fem \u00e5r efter att Parisavtalet godk\u00e4nts: Efter en h\u00e5rd kamp lyckades en enad svensk klimat- och milj\u00f6r\u00f6relse stoppa den planerade expansionen av Preems oljeraffinaderi norr om G\u00f6teborg. Expansionen skulle ha bidragit till att ytterligare en miljon ton koldioxid skulle sl\u00e4ppas ut &#8211; varje \u00e5r. Historien om Preemraff \u00e4r en stor seger f\u00f6r milj\u00f6r\u00f6relsen och ett tydligt exempel p\u00e5 varf\u00f6r aktivism \u00e4r n\u00f6dv\u00e4ndigt i en demokrati. H\u00e4r f\u00f6ljer en sammanfattning av n\u00e5gra av h\u00e4ndelserna.<\/strong><\/p>\n\n<p class=\"wp-block-paragraph\">Preem ans\u00f6kte och fick 2018 tillst\u00e5nd i mark- och milj\u00f6domstolen f\u00f6r en utbyggnad av sitt raffinaderi i Brofjorden, utanf\u00f6r Lysekil. Ans\u00f6kan och tillst\u00e5ndet innebar att Preemraff skulle bli Sveriges st\u00f6rsta punktutsl\u00e4ppsk\u00e4lla med ca 3,4 miljoner ton fossila utsl\u00e4pp \u00e5rligen (en \u00f6kning fr\u00e5n 1,7 miljoner ton). Tillst\u00e5ndet m\u00f6ttes av ungef\u00e4r 100 \u00f6verklaganden och mark- och milj\u00f6\u00f6verdomstolen beslutar att pr\u00f6va fallet.<\/p>\n\n<p class=\"wp-block-paragraph\"><strong>Preem ville satsa 15 miljarder kronor p\u00e5 oljeraffinaderiet i Lysekil p\u00e5 en teknik som skulle g\u00f6ra det l\u00f6nsamt att forts\u00e4tta raffinera smutsig tjockolja, fr\u00e4mst fr\u00e5n svavelrika oljef\u00e4lt i Ryssland. <\/strong>\u00d6kade milj\u00f6krav p\u00e5 fartygsbr\u00e4nslen gjorde den smutsigaste delen av r\u00e5oljan sv\u00e5r f\u00f6r Preem att s\u00e4lja. D\u00e4rf\u00f6r ville de ist\u00e4llet b\u00f6rja raffinera den till bensin och diesel vilket skulle kr\u00e4va stora m\u00e4ngder energi, l\u00e5sa fast oss i en fossil infrastruktur och motverka omst\u00e4llningen till ett h\u00e5llbart samh\u00e4lle. <a href=\"https:\/\/www.greenpeace.org\/static\/planet4-sweden-stateless\/2020\/09\/643a4244-briefing_parisorpreem_200903_3.pdf\"><strong>Utsl\u00e4ppen av svaveldioxid till luften skulle uppskattningsvis dubbleras<\/strong><\/a><strong>.<\/strong><\/p>\n\n<p class=\"wp-block-paragraph\">Under 2019 inkommer underr\u00e4ttelser fr\u00e5n <a href=\"https:\/\/www.naturvardsverket.se\/4a76ed\/contentassets\/28c1651aaf3c46cca4cb02280a7e8d3c\/underrattelseregeringen-preem.pdf\">Naturv\u00e5rdsverket<\/a>, <a href=\"https:\/\/www.naturskyddsforeningen.se\/artiklar\/striden-om-preemraff-det-har-har-hant\/\">Naturskyddsf\u00f6reningen<\/a> och ca 1000 privatpersoner till regeringen enligt milj\u00f6balken 17 kap. 5 \u00a7 som inneb\u00e4r att man<\/p>\n\n<p class=\"wp-block-paragraph\">informerar regeringen om att en viss verksamhet med omfattande milj\u00f6p\u00e5verkan b\u00f6r pr\u00f6vas \u2013 av just regeringen p\u00e5 grund av den stora p\u00e5verkan.&nbsp;<\/p>\n\n<p class=\"wp-block-paragraph\">Regeringen beslutar att ta \u00f6ver pr\u00f6vningen av Preemraffs tillst\u00e5nd, men de ber \u00e4nd\u00e5 Mark- och milj\u00f6\u00f6verdomstolen om ett yttrande. Preem \u00e4ndrar efter detta ber\u00e4kningarna i sin ans\u00f6kan och ska nu ist\u00e4llet f\u00f6r att \u00f6ka utsl\u00e4ppen med 1,7 miljoner ton (motsvarande en f\u00f6rdubbling), till att \u00f6ka utsl\u00e4ppen med drygt en miljon ton.<\/p>\n\n<figure class=\"wp-block-image\"><img loading=\"lazy\" decoding=\"async\" width=\"1200\" height=\"800\" title=\"Preem Oil Refinery Expansion Demonstration in Lysekil\" src=\"https:\/\/www.greenpeace.org\/static\/planet4-sweden-stateless\/2024\/11\/a9f4bd55-gp0stunly.jpg\" alt=\"Activists from Friends of the Earth, Extinction Rebellion, Fridays for Future,  and Greenpeace, gather in Lysekil, to support local groups in their demonstration against the expansion of the Preem operated \u2018Preemraff\u2019 oil refinery in Lysekil, Sweden. The groups participate in a series of speeches and events, before embarking on a three hour march from Lysekil town to the oil refinery.\u2028\nThe demonstration takes place on the day the County Administrative Board, the Swedish Environmental Protection Agency, and Swedish Nature Conservation Association meet in the Land and Environmental Court to negotiate the planned expansion. This process will result in a decision basis for the government to decide on the Preem expansion plan.\" class=\"wp-image-61579\" srcset=\"https:\/\/www.greenpeace.org\/static\/planet4-sweden-stateless\/2024\/11\/a9f4bd55-gp0stunly.jpg 1200w, https:\/\/www.greenpeace.org\/static\/planet4-sweden-stateless\/2024\/11\/a9f4bd55-gp0stunly-300x200.jpg 300w, https:\/\/www.greenpeace.org\/static\/planet4-sweden-stateless\/2024\/11\/a9f4bd55-gp0stunly-1024x683.jpg 1024w, https:\/\/www.greenpeace.org\/static\/planet4-sweden-stateless\/2024\/11\/a9f4bd55-gp0stunly-768x512.jpg 768w, https:\/\/www.greenpeace.org\/static\/planet4-sweden-stateless\/2024\/11\/a9f4bd55-gp0stunly-510x340.jpg 510w\" sizes=\"auto, (max-width: 1200px) 100vw, 1200px\" \/><figcaption aria-hidden=\"true\" class=\"wp-element-caption\">Aktivister fr\u00e5n Jordens v\u00e4nner, Extinction Rebellion, Fridays for Future och Greenpeace samlas i Lysekil f\u00f6r att st\u00f6dja lokala organisationer i en demonstration mot expansionen av Preemraff.<div class=\"credit icon-left\"> \u00a9 Will Rose \/ Greenpeace<\/div><\/figcaption><\/figure>\n\n<p class=\"wp-block-paragraph\">I mars 2020 h\u00e5ller mark- och milj\u00f6\u00f6verdomstolen f\u00f6rhandlingar p\u00e5 plats i Lysekil. <strong>Flera milj\u00f6organisationer, inklusive Greenpeace, och hundratals oroliga privatpersoner \u00e4r p\u00e5 plats f\u00f6r att protestera mot Preems planer.<\/strong><\/p>\n\n<p class=\"wp-block-paragraph\"><a href=\"https:\/\/miljo-utveckling.se\/gront-ljus-for-preems-utbyggnad-trots-utslappen\/\">I juni 2020 kommer mark- och milj\u00f6\u00f6verdomstolens yttrande<\/a>. De ser inga hinder f\u00f6r en utbyggnad av Preemraff eftersom de menade att utsl\u00e4pp inte ska v\u00e4gas in i milj\u00f6balkens \u00f6verv\u00e4ganden. Mark- och milj\u00f6domstolens yttrande och regeringens saktmodiga hantering oroar b\u00e5de milj\u00f6organisationer och privatpersoner. En utbyggnad skulle g\u00f6ra det \u00e4nnu sv\u00e5rare f\u00f6r Sverige att n\u00e5 klimatm\u00e5let om netto noll utsl\u00e4pp av koldioxid till atmosf\u00e4ren.<\/p>\n\n<p class=\"wp-block-paragraph\">Preem f\u00f6rs\u00f6ker f\u00f6rklara bort de \u00f6kade utsl\u00e4ppen med argument om att deras produktionsprocesser \u00e4r renare \u00e4n andras och att de ju m\u00e5ste g\u00f6ra n\u00e5t med tjock-oljan &#8211; s\u00e5 varf\u00f6r inte raffinera den?<\/p>\n\n<figure class=\"wp-block-image\"><img loading=\"lazy\" decoding=\"async\" width=\"1200\" height=\"801\" title=\"Protest against Preems Planned Oil Refinery Expansion in Uppsala\" src=\"https:\/\/www.greenpeace.org\/static\/planet4-sweden-stateless\/2024\/11\/08f9edb8-gp1su04t.jpg\" alt=\"Greenpeace Sweden activists stand outside a Preem gas station in Uppsala with banners and a warning sign reading &quot;Caution Green Wash&quot;  while symbolically clean the floor from oil. The activists are protesting against the planned expansion of Preem&#039;s oil refinery, and highlighting the systematic green-washing Preem has made to promote themselves as more climate friendly than they are.\" class=\"wp-image-61580\" srcset=\"https:\/\/www.greenpeace.org\/static\/planet4-sweden-stateless\/2024\/11\/08f9edb8-gp1su04t.jpg 1200w, https:\/\/www.greenpeace.org\/static\/planet4-sweden-stateless\/2024\/11\/08f9edb8-gp1su04t-300x200.jpg 300w, https:\/\/www.greenpeace.org\/static\/planet4-sweden-stateless\/2024\/11\/08f9edb8-gp1su04t-1024x684.jpg 1024w, https:\/\/www.greenpeace.org\/static\/planet4-sweden-stateless\/2024\/11\/08f9edb8-gp1su04t-768x513.jpg 768w, https:\/\/www.greenpeace.org\/static\/planet4-sweden-stateless\/2024\/11\/08f9edb8-gp1su04t-510x340.jpg 510w\" sizes=\"auto, (max-width: 1200px) 100vw, 1200px\" \/><figcaption aria-hidden=\"true\" class=\"wp-element-caption\">Aktivister fr\u00e5n Greenpeace varnar f\u00f6r greenwashing genom att symboliskt tv\u00e4tta marken fr\u00e5n olja och vid en av Preems bensinstationer i Uppsala.<div class=\"credit icon-left\"> \u00a9 Edward Beskow \/ Greenpeace<\/div><\/figcaption><\/figure>\n\n<p class=\"wp-block-paragraph\"><a href=\"https:\/\/www.greenpeace.org\/sweden\/artiklar\/klimat\/greenpeace-nya-granskning-har-avslojar-vi-preems-greenwashing\/\">Greenpeace granskar Preems reklam och anm\u00e4ler flera annonser och uttalanden b\u00e5de till reklamombudsmannen och konsumentombudsmannen<\/a>. <strong>Preems reklamkampanj kritiserades senare av konsumentverket<\/strong> som menade att Preem \u00f6verdrivit klimatnyttan i sina budskap.<\/p>\n\n<p class=\"wp-block-paragraph\">H\u00f6sten 2020 gick klimatr\u00f6relsen samman och <a href=\"https:\/\/sverigesradio.se\/avsnitt\/spelet-om-preemraff-p3-nyheter-dokumentar\">riktade str\u00e5lkastarljuset mot Preems planer att bygga ut oljeraffinaderiet Preemraff i Lysekil<\/a> och flera var engagerade i n\u00e4tverket <a href=\"https:\/\/stoppapreemraff.se\/\">Stoppa Preemraff<\/a>. <strong>Om planerna gick igenom skulle ytterligare en miljon ton koldioxid sl\u00e4ppas ut &#8211; varje \u00e5r.<\/strong> Tusentals m\u00e4nniskor samlades i Lysekil f\u00f6r att protestera genom att blockera oljeleveranser med hj\u00e4lp av segelb\u00e5tar och kajaker och demonstrera p\u00e5 land.<\/p>\n\n<figure class=\"wp-block-image size-large\"><img loading=\"lazy\" decoding=\"async\" width=\"1024\" height=\"683\" title=\"Activists from Greenpeace Nordic blocking crude oil tanker heading to Preem&#039;s oil refinery in Lysekil, Sweden\" src=\"https:\/\/www.greenpeace.org\/static\/planet4-sweden-stateless\/2020\/09\/a1c17714-gp1suar6_pressmedia-1024x683.jpg\" alt=\"\" class=\"wp-image-12470\" srcset=\"https:\/\/www.greenpeace.org\/static\/planet4-sweden-stateless\/2020\/09\/a1c17714-gp1suar6_pressmedia-1024x683.jpg 1024w, https:\/\/www.greenpeace.org\/static\/planet4-sweden-stateless\/2020\/09\/a1c17714-gp1suar6_pressmedia-300x200.jpg 300w, https:\/\/www.greenpeace.org\/static\/planet4-sweden-stateless\/2020\/09\/a1c17714-gp1suar6_pressmedia-768x512.jpg 768w, https:\/\/www.greenpeace.org\/static\/planet4-sweden-stateless\/2020\/09\/a1c17714-gp1suar6_pressmedia-1536x1024.jpg 1536w, https:\/\/www.greenpeace.org\/static\/planet4-sweden-stateless\/2020\/09\/a1c17714-gp1suar6_pressmedia-2048x1366.jpg 2048w, https:\/\/www.greenpeace.org\/static\/planet4-sweden-stateless\/2020\/09\/a1c17714-gp1suar6_pressmedia-510x340.jpg 510w\" sizes=\"auto, (max-width: 1024px) 100vw, 1024px\" \/><figcaption aria-hidden=\"true\" class=\"wp-element-caption\">Aktivister fr\u00e5n Greenpeace blockerar tillsammans med skeppet Rainbow Warrior oljeterminalen vid Preemraff i Lysekil. <div class=\"credit icon-left\"> \u00a9 Andrew McConnell \/ Greenpeace<\/div><\/figcaption><\/figure>\n\n<p class=\"wp-block-paragraph\"><a href=\"https:\/\/www.greenpeace.org\/sweden\/pressmeddelanden\/klimat\/rainbow-warrior-stoppar-oljetanker-blockerar-inloppet-till-preemraff-i-lysekil\/\">Greenpeace var p\u00e5 plats med skeppet \u201cRainbow Warrior\u201d<\/a> f\u00f6r att under parollen \u201cParis eller Preem\u201d s\u00e4tta fokus p\u00e5 det absurda i att utbyggnaden. <strong>Veckol\u00e5nga protester kulminerade i <\/strong><a href=\"https:\/\/www.greenpeace.org\/sweden\/pressmeddelanden\/klimat\/efter-62-timmars-blockad-av-preemraff-nu-ar-det-stefan-lofvens-tur\/\"><strong>en 62 timmar l\u00e5ng blockad av oljeterminalen<\/strong><\/a> d\u00e4r aktivister fr\u00e5n Greenpeace kl\u00e4ttrade upp i oljehamnens lastarmar och h\u00f6ll upp banderoller.<\/p>\n\n<figure class=\"wp-block-image\"><img loading=\"lazy\" decoding=\"async\" width=\"1200\" height=\"900\" title=\"Activists Block Oil Tanker Heading to Preem&#039;s Refinery in Lysekil, Sweden\" src=\"https:\/\/www.greenpeace.org\/static\/planet4-sweden-stateless\/2024\/11\/dc5e0760-gp1sub6t.jpg\" alt=\"Greenpeace Nordic activists are blocking the oil tanker Grena Knutsen from unloading its cargo at the crude oil harbour at Preem&#039;s refinery in Lysekil. The activists are calling for Sweden&#039;s Prime minister Stefan L\u00f6fven to deny Preem&#039;s application to expand the oil refinery and are carrying banners with the messages \u201dParis or Preem\u201d and \u201cPeople vs. Oil\u201d. If the Swedish government grants Preem permission to expand, it would increase the CO2 emissions from Preemraff by one million tonnes per year and make the refinery the single biggest source of CO2 in the country. An expansion of Preemraff would be incompatible with Sweden reaching its national emissions targets and its commitments under the Paris agreement.\" class=\"wp-image-61581\" srcset=\"https:\/\/www.greenpeace.org\/static\/planet4-sweden-stateless\/2024\/11\/dc5e0760-gp1sub6t.jpg 1200w, https:\/\/www.greenpeace.org\/static\/planet4-sweden-stateless\/2024\/11\/dc5e0760-gp1sub6t-300x225.jpg 300w, https:\/\/www.greenpeace.org\/static\/planet4-sweden-stateless\/2024\/11\/dc5e0760-gp1sub6t-1024x768.jpg 1024w, https:\/\/www.greenpeace.org\/static\/planet4-sweden-stateless\/2024\/11\/dc5e0760-gp1sub6t-768x576.jpg 768w, https:\/\/www.greenpeace.org\/static\/planet4-sweden-stateless\/2024\/11\/dc5e0760-gp1sub6t-453x340.jpg 453w\" sizes=\"auto, (max-width: 1200px) 100vw, 1200px\" \/><figcaption aria-hidden=\"true\" class=\"wp-element-caption\">Aktivister fr\u00e5n Greenpeace kl\u00e4ttar upp i lastarmarna vid Preemraff och blockerar oljetankern Grena Knutsen fr\u00e5n att lossa olja vid raffinaderiet i Lysekil. <div class=\"credit icon-left\"> \u00a9 Greenpeace<\/div><\/figcaption><\/figure>\n\n<p class=\"wp-block-paragraph\">Strax d\u00e4refter drar Preem tillbaka ans\u00f6kan. <strong>Att milj\u00f6r\u00f6relsen lyckades stoppa fossilexpansionen av Preemraff \u00e4r en av de stora klimatsegrarna f\u00f6r civilsamh\u00e4llet, f\u00f6r Lysekilsborna och f\u00f6r Sverige.<\/strong> Utan alla dessa protester hade utbyggnaden skett och vi hade varit \u00e4nnu l\u00e4ngre ifr\u00e5n att n\u00e5 klimatm\u00e5len.&nbsp;<\/p>\n\n<p class=\"wp-block-paragraph\"><strong>Alla dessa engagerade medborgare och aktivister f\u00f6rtj\u00e4nar v\u00e5r tacksamhet och vi beh\u00f6ver v\u00e4rna om ett samh\u00e4lle som uppmuntrar medborgerligt engagemang.<\/strong>\u00a0<\/p>\n\n<p class=\"wp-block-paragraph\">H\u00e4r kan du se en film om hur de Greenpeace-aktivister som har sin andra r\u00e4tteg\u00e5ng i hovr\u00e4tten i G\u00f6teborg den 13 november 2024 sj\u00e4lva resonerar om sin aktivism och varf\u00f6r de deltog i protesterna mot utbyggnaden av Preemraff.<\/p>\n\n<figure class=\"wp-block-embed is-type-video is-provider-youtube wp-block-embed-youtube wp-embed-aspect-16-9 wp-has-aspect-ratio\"><div class=\"wp-block-embed__wrapper\">\n<iframe loading=\"lazy\" title=\"Aktivisterna kl\u00e4ttrade upp i oljebolaget Preems pumpar \u2502&quot;Jag vill kunna se mina barn i \u00f6gonen&quot;\" width=\"500\" height=\"281\" src=\"https:\/\/www.youtube.com\/embed\/9TO7WrVXmgs?feature=oembed\" frameborder=\"0\" allow=\"accelerometer; autoplay; clipboard-write; encrypted-media; gyroscope; picture-in-picture; web-share\" referrerpolicy=\"strict-origin-when-cross-origin\" allowfullscreen><\/iframe>\n<\/div><figcaption class=\"wp-element-caption\">Video med aktivister som deltog i aktion mot utbyggnaden av Preemraff<\/figcaption><\/figure>\n\n<p class=\"wp-block-paragraph\"><a href=\"http:\/\/www.greenpeace.se\/aktivism\"><strong>L\u00e4s mer h\u00e4r om aktivism och den n\u00f6dv\u00e4ndiga olydnaden!<\/strong><\/a><\/p>\n","protected":false},"excerpt":{"rendered":"<p>Lysekil, h\u00f6sten 2020, fem \u00e5r efter att Parisavtalet godk\u00e4nts: Efter en h\u00e5rd kamp lyckades en enad svensk klimat- och milj\u00f6r\u00f6relse stoppa den planerade expansionen av Preems oljeraffinaderi norr om G\u00f6teborg.&hellip;<\/p>\n","protected":false},"author":34,"featured_media":61582,"comment_status":"closed","ping_status":"closed","sticky":false,"template":"","format":"standard","meta":{"_acf_changed":false,"ep_exclude_from_search":false,"p4_og_title":"","p4_og_description":"","p4_og_image":"","p4_og_image_id":"","p4_seo_canonical_url":"","p4_campaign_name":"","p4_local_project":"","p4_basket_name":"","p4_department":"","footnotes":""},"categories":[45,1,2],"tags":[31,24,21],"p4-page-type":[16],"class_list":["post-61577","post","type-post","status-publish","format-standard","has-post-thumbnail","hentry","category-energi","category-greenpeace","category-klimat","tag-aktivism","tag-fossilenergi","tag-greenpeaceskepp","p4-page-type-artiklar"],"acf":[],"_links":{"self":[{"href":"https:\/\/www.greenpeace.org\/sweden\/wp-json\/wp\/v2\/posts\/61577","targetHints":{"allow":["GET"]}}],"collection":[{"href":"https:\/\/www.greenpeace.org\/sweden\/wp-json\/wp\/v2\/posts"}],"about":[{"href":"https:\/\/www.greenpeace.org\/sweden\/wp-json\/wp\/v2\/types\/post"}],"author":[{"embeddable":true,"href":"https:\/\/www.greenpeace.org\/sweden\/wp-json\/wp\/v2\/users\/34"}],"replies":[{"embeddable":true,"href":"https:\/\/www.greenpeace.org\/sweden\/wp-json\/wp\/v2\/comments?post=61577"}],"version-history":[{"count":3,"href":"https:\/\/www.greenpeace.org\/sweden\/wp-json\/wp\/v2\/posts\/61577\/revisions"}],"predecessor-version":[{"id":61593,"href":"https:\/\/www.greenpeace.org\/sweden\/wp-json\/wp\/v2\/posts\/61577\/revisions\/61593"}],"wp:featuredmedia":[{"embeddable":true,"href":"https:\/\/www.greenpeace.org\/sweden\/wp-json\/wp\/v2\/media\/61582"}],"wp:attachment":[{"href":"https:\/\/www.greenpeace.org\/sweden\/wp-json\/wp\/v2\/media?parent=61577"}],"wp:term":[{"taxonomy":"category","embeddable":true,"href":"https:\/\/www.greenpeace.org\/sweden\/wp-json\/wp\/v2\/categories?post=61577"},{"taxonomy":"post_tag","embeddable":true,"href":"https:\/\/www.greenpeace.org\/sweden\/wp-json\/wp\/v2\/tags?post=61577"},{"taxonomy":"p4-page-type","embeddable":true,"href":"https:\/\/www.greenpeace.org\/sweden\/wp-json\/wp\/v2\/p4-page-type?post=61577"}],"curies":[{"name":"wp","href":"https:\/\/api.w.org\/{rel}","templated":true}]}}