{"id":61619,"date":"2024-11-14T13:23:17","date_gmt":"2024-11-14T12:23:17","guid":{"rendered":"https:\/\/www.greenpeace.org\/sweden\/?p=61619"},"modified":"2024-12-03T10:14:19","modified_gmt":"2024-12-03T09:14:19","slug":"cop-kullgren-och-korna","status":"publish","type":"post","link":"https:\/\/www.greenpeace.org\/sweden\/artiklar\/greenpeace\/cop-kullgren-och-korna\/","title":{"rendered":"COP, Kullgren och korna"},"content":{"rendered":"\n<figure class=\"wp-block-image\"><img loading=\"lazy\" decoding=\"async\" width=\"1200\" height=\"800\" src=\"https:\/\/www.greenpeace.org\/static\/planet4-sweden-stateless\/2024\/11\/5153f114-gp1su0gd.jpg\" title=\"Organic Milk Production in Northern Germany. \u00a9 Lucas Wahl \/ Greenpeace\" alt=\"Organic Milk Production in Northern Germany. \u00a9 Lucas Wahl \/ Greenpeace\" class=\"wp-image-61620\" srcset=\"https:\/\/www.greenpeace.org\/static\/planet4-sweden-stateless\/2024\/11\/5153f114-gp1su0gd.jpg 1200w, https:\/\/www.greenpeace.org\/static\/planet4-sweden-stateless\/2024\/11\/5153f114-gp1su0gd-300x200.jpg 300w, https:\/\/www.greenpeace.org\/static\/planet4-sweden-stateless\/2024\/11\/5153f114-gp1su0gd-1024x683.jpg 1024w, https:\/\/www.greenpeace.org\/static\/planet4-sweden-stateless\/2024\/11\/5153f114-gp1su0gd-768x512.jpg 768w, https:\/\/www.greenpeace.org\/static\/planet4-sweden-stateless\/2024\/11\/5153f114-gp1su0gd-510x340.jpg 510w\" sizes=\"auto, (max-width: 1200px) 100vw, 1200px\" \/><figcaption><div class=\"credit icon-left\"> \u00a9 Lucas Wahl \/ Greenpeace<\/div><\/figcaption><\/figure>\n\n<p><strong>Samtidigt som det regnar <a href=\"https:\/\/miljo-utveckling.se\/forskare-infor-cop29-havstemperaturer-och-extremvader-hotar-manniskors-livsvillkor\/\">klimatlarm<\/a> \u00f6ver oss samlas v\u00e4rldens nationer i oljestaten Azerbadjan f\u00f6r FNs klimattoppm\u00f6te COP 29 f\u00f6r att bland annat diskutera en minskning av l\u00e4nders metanutsl\u00e4pp.<\/strong><\/p>\n\n<p><\/p>\n\n<p>Under detta tv\u00e5 veckor l\u00e5nga m\u00f6te kommer man diskutera l\u00e4nders klimatambitioner och det globala m\u00e5let om finansiering av klimat\u00e5tg\u00e4rder. Den senaste granskningen av <a href=\"https:\/\/unfccc.int\/ndc-synthesis-report-2023\">l\u00e4nders nationella klimat\u00e5taganden<\/a> visar att dessa \u00e4r l\u00e5ngt ifr\u00e5n tillr\u00e4ckliga om vi ska n\u00e5 Parisavtalets 1,5 gradersm\u00e5l. FNs klimatpanel IPCC menar att vi m\u00e5ste minska v\u00e5ra utsl\u00e4pp med minst 43 procent senast 2030 om vi ska ha en chans att n\u00e5 1,5 gradersm\u00e5let.&nbsp;&nbsp;<\/p>\n\n<p><\/p>\n\n<h5 class=\"wp-block-heading\"><strong>Metan \u00e4r en kn\u00e4ckfr\u00e5ga<\/strong><\/h5>\n\n<p>Tiden rinner ifr\u00e5n oss, samtidigt som de globala utsl\u00e4ppen forts\u00e4tter att \u00f6ka. Inte minst g\u00e4ller detta utsl\u00e4ppen av v\u00e4xthusgasen metan, som \u00e4r 80 g\u00e5nger mer upphettande \u00e4n koldioxid sett p\u00e5 en 20-\u00e5rsperiod och st\u00e5r f\u00f6r en tredjedel av den globala temperatur\u00f6kningen. Sverige har tillsammans med 150 andra l\u00e4nder \u00e5tagit sig att minska sina nationella metanutsl\u00e4ppen med minst 30 procent till 2030.&nbsp; Regeringen har emellertid \u00e4nnu inte kunnat redovisa siffror p\u00e5 hur man t\u00e4nkt sig m\u00f6ta detta m\u00e5l och med dagens utsl\u00e4ppstakt kommer Sverige endast minska sina utsl\u00e4pp med <a href=\"https:\/\/www.svtplay.se\/video\/KQr3Qg3\/rapport\/igar-19-30?position=791\">13 procent till 2030.<\/a>&nbsp;<\/p>\n\n<p><\/p>\n\n<h5 class=\"wp-block-heading\"><strong>Svenska jordbruksministern blundar f\u00f6r vetenskapen<\/strong><\/h5>\n\n<p>N\u00e4r minskning av metanutsl\u00e4pp diskuteras \u00e4r det i princip enbart minskning av utsl\u00e4pp fr\u00e5n fossilindustrin som tas upp. Detta trots att jordbruket och framf\u00f6rallt idisslare st\u00e5r f\u00f6r den st\u00f6rsta delen av utsl\u00e4ppen. <a href=\"https:\/\/www.svtplay.se\/video\/KQr3Qg3\/rapport\/igar-19-30?position=791\">Jordbruksminister Peter Kullgren s\u00e4ger att ingenting kan \u00f6vertyga honom om att det \u00e4r kornas fel att planeten blir hetare<\/a>. Vi h\u00e5ller med honom, det \u00e4r inte kornas fel. Felet ligger hos det oh\u00e5llbara systemet, som uppr\u00e4tth\u00e5llas av en oh\u00e5llbar politik och en \u00e4n oh\u00e5llbarare jordbrukssektor.&nbsp;<\/p>\n\n<p><\/p>\n\n<h5 class=\"wp-block-heading\"><strong>Kor p\u00e5 bete g\u00f6r milj\u00f6nytta, inst\u00e4ngda kor \u00e4r en klimatbelastning<\/strong><\/h5>\n\n<p>Snarare \u00e4r det s\u00e5 att kor, bortsett fr\u00e5n att de rapar m\u00e4ngder av metan, \u00e4r fantastiska varelser. De kan omvandla gr\u00e4s till k\u00f6tt och mj\u00f6lk, och r\u00e4tt h\u00e5llna bidrar de till \u00f6ppna landskap och fr\u00e4mjar biodiversiteten, samt bidrar till jordh\u00e4lsan. <a href=\"https:\/\/jordbruksverket.se\/jordbruket-miljon-och-klimatet\/forskning-och-fakta-om-ekologisk-produktion\/arkiv\/2023-06-13-betande-kor-kan-ge-mindre-metan-an-kor-pa-stall\">Kor p\u00e5 bete sl\u00e4pper \u00e4ven ut mindre metan \u00e4n vad inst\u00e4ngda kor g\u00f6r.<\/a> S\u00e5 det \u00e4r lite av en no brainer att de metanrapande n\u00f6tkreatur vi har ska h\u00e5llas ute en s\u00e5 stor del av \u00e5ret som \u00e4r m\u00f6jligt. Tyv\u00e4rr vill ju stora delar av b\u00e5de regering och n\u00e4ringsliv att kornas r\u00e4tt till bete ska tas bort. Det kan du l\u00e4sa mer om <a href=\"https:\/\/jagvillbeta.nu\/\">h\u00e4r<\/a>.&nbsp;<\/p>\n\n<p>Kullgrens argument att vi ska minska p\u00e5 metanutsl\u00e4pp fr\u00e5n andra sektorer \u00e4n jordbruket visar p\u00e5 hur han forts\u00e4tter h\u00e5lla de stora mejeri- och k\u00f6ttf\u00f6retagen om ryggen. Ist\u00e4llet f\u00f6r riktiga l\u00f6sningar talar han sig varm om tekniska l\u00f6sningar som avel, fodertillsatser och r\u00f6tning av kobajs till biogas, vilket inte p\u00e5 n\u00e5got s\u00e4tt kommer hj\u00e4lpa oss ur klimatkrisen.&nbsp;<\/p>\n\n<p><\/p>\n\n<h5 class=\"wp-block-heading\"><strong>Sverige f\u00f6rlorar trov\u00e4rdighet<\/strong><\/h5>\n\n<p>Tillbaka till Azerbadjan och COP 29. Vi st\u00e5r inf\u00f6r ett v\u00e4gsk\u00e4l d\u00e4r v\u00e5ra nationella representanter m\u00e5ste g\u00f6ra allt de kan f\u00f6r att h\u00f6ja ambitionerna s\u00e5 att dessa ligger i linje med vetenskapen och 1,5-gradersm\u00e5let. Under COP 29 representeras Sverige och de andra medlemsl\u00e4nderna av EU. Det betyder emellertid inte att Sverige inte har n\u00e5gonting att s\u00e4ga till om. Tv\u00e4rtom har Sverige historiskt sett haft en stark roll inom COP, d\u00e5 vi varit relativt sett i framkant med v\u00e5rt nationella klimatarbete. Med i och med de senaste \u00e5rens nedmontering av svenska milj\u00f6-och klimatsatsningar har Sveriges trov\u00e4rdighet i sammanhanget minskat, vilket i sin tur g\u00f6r att det kommer bli allt sv\u00e5rare f\u00f6r Sverige att g\u00f6ra sin r\u00f6st h\u00f6rd i dagens och framtidens absolut viktigaste fr\u00e5ga.<\/p>\n","protected":false},"excerpt":{"rendered":"<p>Metanutsl\u00e4pp \u00e4r p\u00e5 agendan under COP 29 i Azerbadjan. Kor inom jordbruket st\u00e5r f\u00f6r de enskilt st\u00f6rsta metanutsl\u00e4ppen globalt sett och den svenska regeringen m\u00e5ste nu redovisa p\u00e5 faktiska l\u00f6sningar f\u00f6r att f\u00e5 ner dessa utsl\u00e4pp.<\/p>\n","protected":false},"author":48,"featured_media":61620,"comment_status":"closed","ping_status":"closed","sticky":false,"template":"","format":"standard","meta":{"ep_exclude_from_search":false,"p4_og_title":"","p4_og_description":"","p4_og_image":"","p4_og_image_id":"","p4_seo_canonical_url":"","p4_campaign_name":"Superheaters","p4_local_project":"","p4_basket_name":"Food","p4_department":"","footnotes":""},"categories":[1,2],"tags":[27,23],"p4-page-type":[16],"class_list":["post-61619","post","type-post","status-publish","format-standard","has-post-thumbnail","hentry","category-greenpeace","category-klimat","tag-matproduktion","tag-globaluppvarmning","p4-page-type-artiklar"],"_links":{"self":[{"href":"https:\/\/www.greenpeace.org\/sweden\/wp-json\/wp\/v2\/posts\/61619","targetHints":{"allow":["GET"]}}],"collection":[{"href":"https:\/\/www.greenpeace.org\/sweden\/wp-json\/wp\/v2\/posts"}],"about":[{"href":"https:\/\/www.greenpeace.org\/sweden\/wp-json\/wp\/v2\/types\/post"}],"author":[{"embeddable":true,"href":"https:\/\/www.greenpeace.org\/sweden\/wp-json\/wp\/v2\/users\/48"}],"replies":[{"embeddable":true,"href":"https:\/\/www.greenpeace.org\/sweden\/wp-json\/wp\/v2\/comments?post=61619"}],"version-history":[{"count":3,"href":"https:\/\/www.greenpeace.org\/sweden\/wp-json\/wp\/v2\/posts\/61619\/revisions"}],"predecessor-version":[{"id":61636,"href":"https:\/\/www.greenpeace.org\/sweden\/wp-json\/wp\/v2\/posts\/61619\/revisions\/61636"}],"wp:featuredmedia":[{"embeddable":true,"href":"https:\/\/www.greenpeace.org\/sweden\/wp-json\/wp\/v2\/media\/61620"}],"wp:attachment":[{"href":"https:\/\/www.greenpeace.org\/sweden\/wp-json\/wp\/v2\/media?parent=61619"}],"wp:term":[{"taxonomy":"category","embeddable":true,"href":"https:\/\/www.greenpeace.org\/sweden\/wp-json\/wp\/v2\/categories?post=61619"},{"taxonomy":"post_tag","embeddable":true,"href":"https:\/\/www.greenpeace.org\/sweden\/wp-json\/wp\/v2\/tags?post=61619"},{"taxonomy":"p4-page-type","embeddable":true,"href":"https:\/\/www.greenpeace.org\/sweden\/wp-json\/wp\/v2\/p4-page-type?post=61619"}],"curies":[{"name":"wp","href":"https:\/\/api.w.org\/{rel}","templated":true}]}}