{"id":61979,"date":"2025-01-10T15:29:14","date_gmt":"2025-01-10T14:29:14","guid":{"rendered":"https:\/\/www.greenpeace.org\/sweden\/?p=61979"},"modified":"2025-01-13T11:09:41","modified_gmt":"2025-01-13T10:09:41","slug":"vi-har-ett-ansvar-att-agera-nar-lagarna-skyddar-ekonomiska-intressen-istallet-for-manniskor-liv-och-halsa","status":"publish","type":"post","link":"https:\/\/www.greenpeace.org\/sweden\/artiklar\/klimat\/vi-har-ett-ansvar-att-agera-nar-lagarna-skyddar-ekonomiska-intressen-istallet-for-manniskor-liv-och-halsa\/","title":{"rendered":"Vi har ett ansvar att agera n\u00e4r lagarna skyddar ekonomiska intressen ist\u00e4llet f\u00f6r m\u00e4nniskor, liv och h\u00e4lsa"},"content":{"rendered":"\n<p><strong>Den 9 oktober 2024 genomf\u00f6rde aktivister fr\u00e5n Greenpeace <a href=\"https:\/\/www.greenpeace.org\/sweden\/pressmeddelanden\/klimat\/ny-rapport-avslojar-stora-metanutslapp-fran-kott-och-mejeriforetag-protest-pa-arla-mejeri\/\">en aktion p\u00e5 Arlas mejeri i Stockholm<\/a>, som \u00e4r Sveriges st\u00f6rsta. Detta f\u00f6r att uppm\u00e4rksamma bolagets metanutsl\u00e4pp och ansvar inf\u00f6r klimatkrisen. Metanutsl\u00e4ppen fr\u00e5n globala k\u00f6tt- och mejerif\u00f6retagen \u00e4r j\u00e4mf\u00f6rbara med utsl\u00e4ppen fr\u00e5n v\u00e4rldens st\u00f6rsta oljebolag. Arla, som \u00e4r v\u00e4rldens fj\u00e4rde st\u00f6rsta mj\u00f6lkproducent, saknar trots det planer p\u00e5 att minska sina metanutsl\u00e4pp i absoluta termer.<\/strong><\/p>\n\n<p>H\u00e4r f\u00f6ljer det slutanf\u00f6rande som en av aktivisterna, Olga Nordquist, h\u00f6ll den 10 januari 2025 vid den f\u00f6rhandling i Attunda tingsr\u00e4tt som f\u00f6ljde p\u00e5 aktionen.<\/p>\n\n<figure class=\"wp-block-image size-large\"><img loading=\"lazy\" decoding=\"async\" width=\"1024\" height=\"624\" src=\"https:\/\/www.greenpeace.org\/static\/planet4-sweden-stateless\/2025\/01\/72d09ba2-rm-1024x624.jpg\" alt=\"Olga Nordquist\" class=\"wp-image-61981\" srcset=\"https:\/\/www.greenpeace.org\/static\/planet4-sweden-stateless\/2025\/01\/72d09ba2-rm-1024x624.jpg 1024w, https:\/\/www.greenpeace.org\/static\/planet4-sweden-stateless\/2025\/01\/72d09ba2-rm-300x183.jpg 300w, https:\/\/www.greenpeace.org\/static\/planet4-sweden-stateless\/2025\/01\/72d09ba2-rm-768x468.jpg 768w, https:\/\/www.greenpeace.org\/static\/planet4-sweden-stateless\/2025\/01\/72d09ba2-rm-1536x935.jpg 1536w, https:\/\/www.greenpeace.org\/static\/planet4-sweden-stateless\/2025\/01\/72d09ba2-rm-510x311.jpg 510w, https:\/\/www.greenpeace.org\/static\/planet4-sweden-stateless\/2025\/01\/72d09ba2-rm.jpg 2048w\" sizes=\"auto, (max-width: 1024px) 100vw, 1024px\" \/><\/figure>\n\n<p><em>Jag skulle vilja s\u00e4ga n\u00e5got om detta att vi har ett ansvar att agera n\u00e4r vi st\u00e4lls inf\u00f6r or\u00e4ttvisor eller faror.&nbsp;<\/em><\/p>\n\n<p><em>Jag har tidigare varit i oljehamnar i Sverige, och stoppat transporter av fossila br\u00e4nslen. Att sitta framf\u00f6r en oljetankbil eller vid ett oljeraffinaderi f\u00f6rst\u00e5r vi instinktivt att det har med klimat att g\u00f6ra, att det \u00e4r en desperat handling och ett s\u00e4tt att s\u00e4ga \u201csluta d\u00f6da\u201d. Vi f\u00f6rst\u00e5r det f\u00f6r att vi har l\u00e4st om att f\u00f6rbr\u00e4nning av fossila br\u00e4nslen leder till utsl\u00e4pp av v\u00e4xthusgaser som driver p\u00e5 klimatkrisen. D\u00e4rf\u00f6r f\u00f6rst\u00e5r vi ocks\u00e5 att minskad anv\u00e4ndning av fossila br\u00e4nslen \u00e4r ett gemensamt intresse.<\/em><\/p>\n\n<p><em>Att demonstrera p\u00e5 Arlas mejeri kanske inte k\u00e4nns lika sj\u00e4lvklart. Kopplingen kanske inte verkar vara lika stark. De h\u00e4r verksamheterna har g\u00e5tt under radarn med sina utsl\u00e4pp. Det \u00e4r d\u00e4rf\u00f6r det \u00e4r s\u00e5 otroligt viktigt att det \u00e4r d\u00e4r vi beh\u00f6ver vara.&nbsp;<\/em><\/p>\n\n<p><em>Som vi har f\u00e5tt h\u00f6ra idag: de h\u00e4r stora k\u00f6tt- och mejerif\u00f6retagen \u2013 deras metanutsl\u00e4pp som p\u00e5g\u00e5r hela tiden, medan vi st\u00e5r d\u00e4r p\u00e5 taket, medan vi sitter h\u00e4r \u2013 de \u00e4r lika stora som metanutsl\u00e4ppen fr\u00e5n fossilindustrin, de stora oljebolagen. Och metan har \u00e4nnu starkare, uppv\u00e4rmande effekt \u00e4n koldioxid. P\u00e5 en kort tid, 20 \u00e5r fram, \u00e4r det 80 g\u00e5nger starkare.&nbsp;<\/em><\/p>\n\n<p><em>Vi beh\u00f6ver prata om det h\u00e4r. Vi beh\u00f6ver veta det h\u00e4r. F\u00f6r det kan inte f\u00e5 forts\u00e4tta. De h\u00e4r stora utsl\u00e4pparna beh\u00f6ver ta sitt ansvar.&nbsp;<\/em><\/p>\n\n<p><em>M\u00e5nga av de lagar vi har idag, de fokuserar p\u00e5 att skydda f\u00f6retagen och deras ekonomiska intressen ist\u00e4llet f\u00f6r att skydda m\u00e4nniskor och liv och h\u00e4lsa. I ett s\u00e5nt samh\u00e4lle \u00e4r det individer och organisationer som m\u00e5ste s\u00e4ga ifr\u00e5n n\u00e4r det p\u00e5g\u00e5r n\u00e5got som vi vet \u00e4r fel.&nbsp;<\/em><\/p>\n\n<p><em>F\u00f6retag som bedriver den h\u00e4r typen av verksamhet som skadar m\u00e4nniskor och natur idag, de f\u00e5r r\u00e4kna med att bli m\u00e5ltavlor \u2013 att folk s\u00e4ger ifr\u00e5n.&nbsp;<\/em><\/p>\n\n<p><em>Vi och jag har gjort den h\u00e4r aktionen f\u00f6r att uppm\u00e4rksamma en direkt orsak till klimatkrisen och f\u00f6r att visa v\u00e4gen som vi beh\u00f6ver g\u00e5 f\u00f6r att trygga v\u00e5r gemensamma framtid. Och f\u00f6r att vi ska kunna skapa en v\u00e4rld som vi vill leva i s\u00e5 m\u00e5ste vi allihopa \u2013 \u00e4ven n\u00e4r det \u00e4r obekv\u00e4mt \u2013 v\u00e5ga g\u00f6ra det som vi vet \u00e4r r\u00e4tt.<\/em><\/p>\n\n<p><em>Tack.<\/em><\/p>\n\t\t\t<section\n\t\t\tclass=\"boxout post-57603  sticky-bottom-mobile collapse show\"\n\t\t\tid=\"action-card\"\n\t\t>\n\t\t\t<a\n\t\t\t\tdata-ga-category=\"Take Action Boxout\"\n\t\t\t\tdata-ga-action=\"Image\"\n\t\t\t\tdata-ga-label=\"n\/a\"\n\t\t\t\tclass=\"cover-card-overlay\"\n\t\t\t\thref=\"https:\/\/www.greenpeace.org\/sweden\/agera\/minska-jordbrukets-metanutslapp\/\" \n\t\t\t><\/a>\n\t\t\t\t\t\t\t<img\n\t\t\t\t\t\tsrc=\"https:\/\/www.greenpeace.org\/static\/planet4-sweden-stateless\/2023\/09\/de31818d-gp01xdf-1024x683-1.jpg\"\n\t\t\t\t\t\tsrcset=\"https:\/\/www.greenpeace.org\/static\/planet4-sweden-stateless\/2023\/09\/de31818d-gp01xdf-1024x683-1-300x200.jpg 300w, https:\/\/www.greenpeace.org\/static\/planet4-sweden-stateless\/2023\/09\/de31818d-gp01xdf-1024x683-1-768x512.jpg 768w, https:\/\/www.greenpeace.org\/static\/planet4-sweden-stateless\/2023\/09\/de31818d-gp01xdf-1024x683-1-510x340.jpg 510w, https:\/\/www.greenpeace.org\/static\/planet4-sweden-stateless\/2023\/09\/de31818d-gp01xdf-1024x683-1.jpg 1024w\"\n\t\t\t\t\t\tsizes=\"(min-width: 1000px) 358px, (min-width: 780px) 313px, 88px\"\n\t\t\t\t\t\talt=\"\" title=\"\"\n\t\t\t\t\/>\n            \t\t\t<div class=\"boxout-content\">\n\t\t\t\t\t\t\t\t\t<a\n\t\t\t\t\t\tclass=\"boxout-heading medium\"\n\t\t\t\t\t\tdata-ga-category=\"Take Action Boxout\"\n\t\t\t\t\t\tdata-ga-action=\"Title\"\n\t\t\t\t\t\tdata-ga-label=\"n\/a\"\n\t\t\t\t\t\thref=\"https:\/\/www.greenpeace.org\/sweden\/agera\/minska-jordbrukets-metanutslapp\/\"\n\t\t\t\t\t\t\n\t\t\t\t\t>\n\t\t\t\t\t\tMinska jordbrukets metanutsl\u00e4pp\n\t\t\t\t\t<\/a>\n\t\t\t\t\t\t\t\t\t\t\t\t\t<p class=\"boxout-excerpt\">Industriell djurh\u00e5llning g\u00f6r att jordbruket idag orsakar en fj\u00e4rdedel av alla v\u00e4xthusgasutsl\u00e4pp globalt. En stor del av jordbrukets klimatp\u00e5verkande utsl\u00e4pp \u00e4r den superstarka v\u00e4xthusgasen metan, som fr\u00e4mst kommer fr\u00e5n idisslande djur, i praktiken kornas rapar och fisar. Vi beh\u00f6ver din hj\u00e4lp med att s\u00e4tta press p\u00e5 politiker och f\u00f6retag f\u00f6r att minska metanutsl\u00e4ppen och g\u00f6ra den omst\u00e4llning av jordbruket som kr\u00e4vs f\u00f6r att lyckas med det.\u00a0<\/p>\n\t\t\t\t                                    <a\n                        class=\"btn btn-primary\"\n                        data-ga-category=\"Take Action Boxout\"\n                        data-ga-action=\"Call to Action\"\n                        data-ga-label=\"n\/a\"\n                        href=\"https:\/\/www.greenpeace.org\/sweden\/agera\/minska-jordbrukets-metanutslapp\/\"\n                        \n                    >\n                        Engagera dig\n                    <\/a>\n                \t\t\t<\/div>\n\t\t\t\t\t\t\t<a\n\t\t\t\t\tclass=\"not-now\"\n\t\t\t\t\trole=\"button\"\n\t\t\t\t\tdata-bs-toggle=\"collapse\"\n\t\t\t\t\thref=\"#action-card\"\n\t\t\t\t><\/a>\n\t\t\t\t\t<\/section>\n\t","protected":false},"excerpt":{"rendered":"<p>Den 9 oktober 2024 genomf\u00f6rde aktivister fr\u00e5n Greenpeace en aktion p\u00e5 Arlas mejeri i Stockholm, som \u00e4r Sveriges st\u00f6rsta. Detta f\u00f6r att uppm\u00e4rksamma bolagets metanutsl\u00e4pp och ansvar inf\u00f6r klimatkrisen. Metanutsl\u00e4ppen&hellip;<\/p>\n","protected":false},"author":34,"featured_media":61272,"comment_status":"closed","ping_status":"closed","sticky":false,"template":"","format":"standard","meta":{"ep_exclude_from_search":false,"p4_og_title":"","p4_og_description":"","p4_og_image":"","p4_og_image_id":"","p4_seo_canonical_url":"","p4_campaign_name":"","p4_local_project":"","p4_basket_name":"","p4_department":"","footnotes":""},"categories":[2],"tags":[31,23,27],"p4-page-type":[16],"class_list":["post-61979","post","type-post","status-publish","format-standard","has-post-thumbnail","hentry","category-klimat","tag-aktivism","tag-globaluppvarmning","tag-matproduktion","p4-page-type-artiklar"],"_links":{"self":[{"href":"https:\/\/www.greenpeace.org\/sweden\/wp-json\/wp\/v2\/posts\/61979","targetHints":{"allow":["GET"]}}],"collection":[{"href":"https:\/\/www.greenpeace.org\/sweden\/wp-json\/wp\/v2\/posts"}],"about":[{"href":"https:\/\/www.greenpeace.org\/sweden\/wp-json\/wp\/v2\/types\/post"}],"author":[{"embeddable":true,"href":"https:\/\/www.greenpeace.org\/sweden\/wp-json\/wp\/v2\/users\/34"}],"replies":[{"embeddable":true,"href":"https:\/\/www.greenpeace.org\/sweden\/wp-json\/wp\/v2\/comments?post=61979"}],"version-history":[{"count":2,"href":"https:\/\/www.greenpeace.org\/sweden\/wp-json\/wp\/v2\/posts\/61979\/revisions"}],"predecessor-version":[{"id":61992,"href":"https:\/\/www.greenpeace.org\/sweden\/wp-json\/wp\/v2\/posts\/61979\/revisions\/61992"}],"wp:featuredmedia":[{"embeddable":true,"href":"https:\/\/www.greenpeace.org\/sweden\/wp-json\/wp\/v2\/media\/61272"}],"wp:attachment":[{"href":"https:\/\/www.greenpeace.org\/sweden\/wp-json\/wp\/v2\/media?parent=61979"}],"wp:term":[{"taxonomy":"category","embeddable":true,"href":"https:\/\/www.greenpeace.org\/sweden\/wp-json\/wp\/v2\/categories?post=61979"},{"taxonomy":"post_tag","embeddable":true,"href":"https:\/\/www.greenpeace.org\/sweden\/wp-json\/wp\/v2\/tags?post=61979"},{"taxonomy":"p4-page-type","embeddable":true,"href":"https:\/\/www.greenpeace.org\/sweden\/wp-json\/wp\/v2\/p4-page-type?post=61979"}],"curies":[{"name":"wp","href":"https:\/\/api.w.org\/{rel}","templated":true}]}}