{"id":62040,"date":"2025-01-15T14:56:20","date_gmt":"2025-01-15T13:56:20","guid":{"rendered":"https:\/\/www.greenpeace.org\/sweden\/?p=62040"},"modified":"2025-01-15T14:56:25","modified_gmt":"2025-01-15T13:56:25","slug":"nar-blir-klimatkrisen-omojlig-att-blunda-for","status":"publish","type":"post","link":"https:\/\/www.greenpeace.org\/sweden\/artiklar\/klimat\/nar-blir-klimatkrisen-omojlig-att-blunda-for\/","title":{"rendered":"N\u00e4r blir klimatkrisen om\u00f6jlig att blunda f\u00f6r?"},"content":{"rendered":"\n<figure class=\"wp-block-image size-large\"><img loading=\"lazy\" decoding=\"async\" width=\"1024\" height=\"683\" src=\"https:\/\/www.greenpeace.org\/static\/planet4-sweden-stateless\/2025\/01\/f7378dd2-gp0su41n5_medium-res-1200px-1024x683.jpg\" alt=\"\" class=\"wp-image-62041\" srcset=\"https:\/\/www.greenpeace.org\/static\/planet4-sweden-stateless\/2025\/01\/f7378dd2-gp0su41n5_medium-res-1200px-1024x683.jpg 1024w, https:\/\/www.greenpeace.org\/static\/planet4-sweden-stateless\/2025\/01\/f7378dd2-gp0su41n5_medium-res-1200px-300x200.jpg 300w, https:\/\/www.greenpeace.org\/static\/planet4-sweden-stateless\/2025\/01\/f7378dd2-gp0su41n5_medium-res-1200px-768x512.jpg 768w, https:\/\/www.greenpeace.org\/static\/planet4-sweden-stateless\/2025\/01\/f7378dd2-gp0su41n5_medium-res-1200px-510x340.jpg 510w, https:\/\/www.greenpeace.org\/static\/planet4-sweden-stateless\/2025\/01\/f7378dd2-gp0su41n5_medium-res-1200px.jpg 1200w\" sizes=\"auto, (max-width: 1024px) 100vw, 1024px\" \/><figcaption class=\"wp-element-caption\"><br>Brandm\u00e4n bek\u00e4mpar Eaton-branden i januari 2025 i Altadena, Kalifornien. Foto: David McNew \/ Greenpeace<\/figcaption><\/figure>\n\n<p>2024 kommer att g\u00e5 till historien som \u00e5ret d\u00e5 vi f\u00f6r f\u00f6rsta g\u00e5ngen \u00f6versteg den kritiska gr\u00e4nsen p\u00e5 1,5 graders global uppv\u00e4rmning. Forskare har varnat oss i \u00e5ratal f\u00f6rvad detta betyder: f\u00f6r\u00f6dande extremv\u00e4der, sm\u00e4ltande isar och en v\u00e4rld som f\u00f6r\u00e4ndras snabbare \u00e4n n\u00e5gonsin. Nu ser vi konsekvenserna i realtid \u2013 skyfall, v\u00e4rmeb\u00f6ljor och skogsbr\u00e4nder som drabbar och d\u00f6dar b\u00e5de m\u00e4nniskor och djur.<\/p>\n\n<p>\u200b\u200bExtremv\u00e4der dominerade 2024, med f\u00f6r\u00f6dande \u00f6versv\u00e4mningar i Brasilien och Spanien, extrem torka och v\u00e4rmeb\u00f6ljor i V\u00e4stafrika samt intensiv hetta i Indien. 2025 har redan b\u00f6rjat med f\u00f6r\u00f6dande skogsbr\u00e4nder i Kalifornien.<\/p>\n\n<p>De p\u00e5g\u00e5ende br\u00e4nderna i Los Angeles intr\u00e4ffar i en tid d\u00e5 klimatf\u00f6r\u00e4ndringarna skapar farliga f\u00f6ruts\u00e4ttningar som g\u00f6r br\u00e4nder st\u00f6rre och mer intensiva \u2013 med torka, v\u00e4rmeb\u00f6ljor och extrema v\u00e4derh\u00e4ndelser som nyckelfaktorer. De extrema v\u00e4derf\u00f6rh\u00e5llanden som r\u00e5dde n\u00e4r br\u00e4nderna i Los Angeles br\u00f6t ut kan till stor del f\u00f6rklaras av den globala uppv\u00e4rmningen, <a href=\"https:\/\/www.sverigesradio.se\/artikel\/studie-kopplar-brander-i-la-till-global-uppvarmning\">enligt bland annat forskarn\u00e4tverket ClimaMeter.<\/a><\/p>\n\n<p>\u2013 \u00c4ven om br\u00e4ndernas omfattning kan variera fr\u00e5n \u00e5r till \u00e5r s\u00e5 har extremv\u00e4der p\u00e5 kort sikt skapat &#8221;perfekta f\u00f6rh\u00e5llanden&#8221; f\u00f6r br\u00e4nderna, s\u00e4ger brandforskaren Maria Lucia Ferreira Barbosa vid UK Centre for Ecology &amp; Hydrology till AFP. Hon f\u00f6rklarar att br\u00e4nderna sprider sig s\u00e4rskilt snabbt p\u00e5 grund av torka och starka vindar.<\/p>\n\n<p>Temperaturen p\u00e5 jorden stiger nu snabbare \u00e4n forskarna n\u00e5gonsin tidigare har observerat, enligt FN. En av klimatf\u00f6r\u00e4ndringarnas konsekvenser \u00e4r att extremv\u00e4der som v\u00e4rmeb\u00f6ljor, torka, \u00f6versv\u00e4mningar och orkaner kommer att bli b\u00e5de vanligare och mer intensiva.<\/p>\n\n<figure class=\"wp-block-image size-large\"><img loading=\"lazy\" decoding=\"async\" width=\"1024\" height=\"683\" src=\"https:\/\/www.greenpeace.org\/static\/planet4-sweden-stateless\/2025\/01\/8a136db1-gp0su41ps_medium-res-1200px-1024x683.jpg\" alt=\"\" class=\"wp-image-62042\" srcset=\"https:\/\/www.greenpeace.org\/static\/planet4-sweden-stateless\/2025\/01\/8a136db1-gp0su41ps_medium-res-1200px-1024x683.jpg 1024w, https:\/\/www.greenpeace.org\/static\/planet4-sweden-stateless\/2025\/01\/8a136db1-gp0su41ps_medium-res-1200px-300x200.jpg 300w, https:\/\/www.greenpeace.org\/static\/planet4-sweden-stateless\/2025\/01\/8a136db1-gp0su41ps_medium-res-1200px-768x512.jpg 768w, https:\/\/www.greenpeace.org\/static\/planet4-sweden-stateless\/2025\/01\/8a136db1-gp0su41ps_medium-res-1200px-510x340.jpg 510w, https:\/\/www.greenpeace.org\/static\/planet4-sweden-stateless\/2025\/01\/8a136db1-gp0su41ps_medium-res-1200px.jpg 1200w\" sizes=\"auto, (max-width: 1024px) 100vw, 1024px\" \/><figcaption class=\"wp-element-caption\">M\u00e4nniskor smyger sig in i en evakueringszon f\u00f6r att ta selfies framf\u00f6r brinnande hem vid Eaton-branden i januari 2025 i Pasadena, Kalifornien. Foto: David McNew \/ Greenpeace<\/figcaption><\/figure>\n\n<p>Vad kan vi g\u00f6ra f\u00f6r att stoppa klimatkrisen? Fossila br\u00e4nslen \u00e4r den st\u00f6rsta orsaken till v\u00e4xthusgasutsl\u00e4pp och global uppv\u00e4rmning. Enligt FN st\u00e5r f\u00f6rbr\u00e4nningen av kol, olja och gas f\u00f6r n\u00e4stan 90 procent av alla koldioxidutsl\u00e4pp. F\u00f6r att stoppa klimatf\u00f6r\u00e4ndringarna m\u00e5ste vi snabbt fasa ut fossila br\u00e4nslen.<\/p>\n\n<p>Samtidigt som klimatkrisen eskalerar f\u00f6rs\u00f6ker oljej\u00e4ttarna, som b\u00e4r det st\u00f6rsta ansvaret f\u00f6r planetens uppv\u00e4rmning, att tysta oss. De anv\u00e4nder sina resurser f\u00f6r att st\u00e4mma Greenpeace och andra milj\u00f6organisationer som v\u00e5gar st\u00e5 emot dem. Det \u00e4r en attack mot b\u00e5de klimatet och v\u00e5r r\u00e4tt att k\u00e4mpa f\u00f6r en b\u00e4ttre framtid.<\/p>\n\n<p>Vi kan inte l\u00e5ta oss tystas av ekonomiska och r\u00e4ttsliga hot och p\u00e5tryckningar fr\u00e5n oljej\u00e4ttar som forts\u00e4tter f\u00f6rv\u00e4rra klimatkrisen trots alla vetenskapliga larmrapporter och katastrofala extremv\u00e4der \u00f6ver hela v\u00e4rlden. Vi beh\u00f6ver all hj\u00e4lp vi kan f\u00e5 s\u00e5 att vi tillsammans kan forts\u00e4tta avsl\u00f6ja och konfrontera oljejbolagen som\u00a0 offrar v\u00e5r enda planet f\u00f6r kortsiktiga vinster.<strong> <\/strong>St\u00e5 upp med oss mot de som f\u00f6rs\u00f6ker tysta oss &#8211; <a href=\"https:\/\/stod.greenpeace.org\/climate\/~se-min-donation\">bli en av Greenpeace livsviktiga m\u00e5nadsgivare idag, f\u00f6r v\u00e5r och planetens framtid.<\/a><\/p>\n\n<p><\/p>\n","protected":false},"excerpt":{"rendered":"<p>2024 kommer att g\u00e5 till historien som \u00e5ret d\u00e5 vi f\u00f6r f\u00f6rsta g\u00e5ngen \u00f6versteg den kritiska gr\u00e4nsen p\u00e5 1,5 graders global uppv\u00e4rmning. Forskare har varnat oss i \u00e5ratal f\u00f6rvad detta betyder: f\u00f6r\u00f6dande extremv\u00e4der, sm\u00e4ltande isar och en v\u00e4rld som f\u00f6r\u00e4ndras snabbare \u00e4n n\u00e5gonsin. Nu ser vi konsekvenserna i realtid \u2013 skyfall, v\u00e4rmeb\u00f6ljor och skogsbr\u00e4nder som drabbar och d\u00f6dar b\u00e5de m\u00e4nniskor och djur.<\/p>\n","protected":false},"author":36,"featured_media":62041,"comment_status":"closed","ping_status":"closed","sticky":false,"template":"","format":"standard","meta":{"ep_exclude_from_search":false,"p4_og_title":"","p4_og_description":"","p4_og_image":"","p4_og_image_id":"","p4_seo_canonical_url":"","p4_campaign_name":"","p4_local_project":"","p4_basket_name":"","p4_department":"","footnotes":""},"categories":[2],"tags":[23,24],"p4-page-type":[16],"class_list":["post-62040","post","type-post","status-publish","format-standard","has-post-thumbnail","hentry","category-klimat","tag-globaluppvarmning","tag-fossilenergi","p4-page-type-artiklar"],"_links":{"self":[{"href":"https:\/\/www.greenpeace.org\/sweden\/wp-json\/wp\/v2\/posts\/62040","targetHints":{"allow":["GET"]}}],"collection":[{"href":"https:\/\/www.greenpeace.org\/sweden\/wp-json\/wp\/v2\/posts"}],"about":[{"href":"https:\/\/www.greenpeace.org\/sweden\/wp-json\/wp\/v2\/types\/post"}],"author":[{"embeddable":true,"href":"https:\/\/www.greenpeace.org\/sweden\/wp-json\/wp\/v2\/users\/36"}],"replies":[{"embeddable":true,"href":"https:\/\/www.greenpeace.org\/sweden\/wp-json\/wp\/v2\/comments?post=62040"}],"version-history":[{"count":2,"href":"https:\/\/www.greenpeace.org\/sweden\/wp-json\/wp\/v2\/posts\/62040\/revisions"}],"predecessor-version":[{"id":62044,"href":"https:\/\/www.greenpeace.org\/sweden\/wp-json\/wp\/v2\/posts\/62040\/revisions\/62044"}],"wp:featuredmedia":[{"embeddable":true,"href":"https:\/\/www.greenpeace.org\/sweden\/wp-json\/wp\/v2\/media\/62041"}],"wp:attachment":[{"href":"https:\/\/www.greenpeace.org\/sweden\/wp-json\/wp\/v2\/media?parent=62040"}],"wp:term":[{"taxonomy":"category","embeddable":true,"href":"https:\/\/www.greenpeace.org\/sweden\/wp-json\/wp\/v2\/categories?post=62040"},{"taxonomy":"post_tag","embeddable":true,"href":"https:\/\/www.greenpeace.org\/sweden\/wp-json\/wp\/v2\/tags?post=62040"},{"taxonomy":"p4-page-type","embeddable":true,"href":"https:\/\/www.greenpeace.org\/sweden\/wp-json\/wp\/v2\/p4-page-type?post=62040"}],"curies":[{"name":"wp","href":"https:\/\/api.w.org\/{rel}","templated":true}]}}