{"id":62389,"date":"2025-02-11T11:10:16","date_gmt":"2025-02-11T10:10:16","guid":{"rendered":"https:\/\/www.greenpeace.org\/sweden\/?p=62389"},"modified":"2025-02-11T11:10:19","modified_gmt":"2025-02-11T10:10:19","slug":"ny-rapport-avslojar-arlas-klimatarbete-som-mestadels-greenwash","status":"publish","type":"post","link":"https:\/\/www.greenpeace.org\/sweden\/pressmeddelanden\/klimat\/ny-rapport-avslojar-arlas-klimatarbete-som-mestadels-greenwash\/","title":{"rendered":"Ny rapport avsl\u00f6jar Arlas klimatarbete som mestadels greenwash"},"content":{"rendered":"\n<p><strong>En ny rapport fr\u00e5n Changing Markets Foundation och Greenpeace Norden avsl\u00f6jar att Arla, trots sina l\u00f6ften om klimatneutralitet, misslyckas med att leverera konkreta \u00e5tg\u00e4rder och ist\u00e4llet \u00e4gnar sig \u00e5t lobbying f\u00f6r att f\u00f6rsv\u00e5ra klimatlagstiftning. Rapporten visar att Arlas metanutsl\u00e4pp \u00f6verstiger flera europeiska l\u00e4nders totala jordbruksutsl\u00e4pp och att bolagets \u00e5tg\u00e4rder inte lever upp till FN:s riktlinjer f\u00f6r trov\u00e4rdiga klimatm\u00e5l. Representanter fr\u00e5n organisationerna bes\u00f6kte idag Arlas huvudkontor i \u00c5rhus f\u00f6r att \u00f6verl\u00e4mna rapporten med krav om att Arla tar vidare steg f\u00f6r att minska sina utsl\u00e4pp.<\/strong><\/p>\n\n<figure class=\"wp-block-image size-large\"><img loading=\"lazy\" decoding=\"async\" width=\"1024\" height=\"683\" src=\"https:\/\/www.greenpeace.org\/static\/planet4-sweden-stateless\/2025\/02\/433dab85-gp0su4ct1_medium-res-1200px-1024x683.jpg\" alt=\"\" class=\"wp-image-62391\" srcset=\"https:\/\/www.greenpeace.org\/static\/planet4-sweden-stateless\/2025\/02\/433dab85-gp0su4ct1_medium-res-1200px-1024x683.jpg 1024w, https:\/\/www.greenpeace.org\/static\/planet4-sweden-stateless\/2025\/02\/433dab85-gp0su4ct1_medium-res-1200px-300x200.jpg 300w, https:\/\/www.greenpeace.org\/static\/planet4-sweden-stateless\/2025\/02\/433dab85-gp0su4ct1_medium-res-1200px-768x512.jpg 768w, https:\/\/www.greenpeace.org\/static\/planet4-sweden-stateless\/2025\/02\/433dab85-gp0su4ct1_medium-res-1200px-510x340.jpg 510w, https:\/\/www.greenpeace.org\/static\/planet4-sweden-stateless\/2025\/02\/433dab85-gp0su4ct1_medium-res-1200px.jpg 1200w\" sizes=\"auto, (max-width: 1024px) 100vw, 1024px\" \/><figcaption class=\"wp-element-caption\">Greenpeace-aktivist i ko-mask h\u00e5ller upp en banderoll utanf\u00f6r Arlas huvudkontor i \u00c5rhus n\u00e4r rapporten \u00f6verl\u00e4mnades till f\u00f6retaget.\u00a0<strong>\u00a9 Will Rose \/ Greenpeace<\/strong><\/figcaption><\/figure>\n\n<p>\u2013 Om Arla hade lagt lika mycket resurser p\u00e5 det faktiska klimatarbetet som p\u00e5 PR och lobbying, hade de f\u00f6rmodligen haft en god chans att n\u00e5 sina egna klimatm\u00e5l. Men tyv\u00e4rr bryr sig Arla mer mer om att se bra ut \u00e4n att faktiskt minska sina utsl\u00e4pp, s\u00e4ger\u00a0<strong>Sandra Lamborn, talesperson i jordbruksfr\u00e5gor p\u00e5 Greenpeace<\/strong>.<\/p>\n\n<p>Rapporten &#8221;<a href=\"https:\/\/www.greenpeace.org\/static\/planet4-sweden-stateless\/2025\/02\/1e6974d8-dairytale-full-report_final.pdf\">Dairytales: Arla\u2019s smokescreen for its lack of climate action<\/a>&#8221; granskar Arlas h\u00e5llbarhetspolicy och klimatinitiativ mot\u00a0<a href=\"https:\/\/www.un.org\/sites\/un2.un.org\/files\/high-levelexpertgroupupdate7.pdf\">FN:s riktlinjer f\u00f6r trov\u00e4rdiga nettonollm\u00e5l<\/a>\u00a0och konstaterar att Arla endast uppfyller en av nio relevanta rekommendationer, delvis uppfyller fem och misslyckas helt med att uppfylla de \u00f6vriga. Arla kritiseras s\u00e4rskilt f\u00f6r att sakna konkreta m\u00e5l f\u00f6r att minska utsl\u00e4ppen av metan, som \u00e4r en v\u00e4xthusgas, 80 g\u00e5nger kraftigare \u00e4n koldioxid och som utg\u00f6r en stor del av f\u00f6retagets totala utsl\u00e4pp. Ist\u00e4llet f\u00f6r att fokusera p\u00e5 grundorsaken till sina stora metanutsl\u00e4pp, f\u00f6rlitar sig Arla p\u00e5 obepr\u00f6vade tekniska l\u00f6sningar som fodertillsatser vars l\u00e5ngsiktiga effektivitet \u00e4r os\u00e4ker. Rapporten pekar \u00e4ven p\u00e5 att Arla spenderar mer pengar p\u00e5 marknadsf\u00f6ring \u00e4n p\u00e5 h\u00e5llbarhets\u00e5tg\u00e4rder och med nuvarande policys \u00e4r det inte m\u00f6jligt f\u00f6r Arla att n\u00e5 sitt eget m\u00e5l om netto nollutsl\u00e4pp 2050.<\/p>\n\n<p>\u2013 Arla har ber\u00e4ttat sagor f\u00f6r oss alldeles f\u00f6r l\u00e4nge, och den h\u00e4r rapporten avsl\u00f6jar den starka mots\u00e4gelsen mellan Arlas rykte som ett f\u00f6red\u00f6me n\u00e4r det g\u00e4ller deras h\u00e5llbarhet och det faktum att Arla inte har utvecklat robusta planer f\u00f6r att minska sina utsl\u00e4pp &#8211; i synnerhet inte sina metanutsl\u00e4pp, s\u00e4ger\u00a0<strong>Alma Castrejon-Davila<\/strong>\u00a0<strong>p\u00e5 Changing Markets Foundation<\/strong>.<\/p>\n\n<p>Rapporten visar att Arla l\u00e4gger stora resurser p\u00e5 att lobba mot klimatlagstiftning, exempelvis f\u00f6r att stoppa v\u00e4xtbaserade alternativ i skolmatsalar. Arlas lobbyingverksamhet omfattar minst 24 direkta ingripanden med EU-kommissionen sedan 2017, d\u00e4r Arla direkt eller indirekt arbetat f\u00f6r att undanta inkluderingen av jordbruk i viktiga h\u00e5llbarhetsinitiativ, som EU:s metanstrategi. Arlas lobby-anstr\u00e4ngningar som tas upp i rapporten har syftat till att f\u00f6rsena och f\u00f6rhindra en bredare omvandling av mejeriindustrin och livsmedelssystemen mot \u00f6kad h\u00e5llbarhet.<\/p>\n\n<p>\u2013 Arla arbetar h\u00e5rt f\u00f6r att framst\u00e5 som att de bryr sig om klimatet, milj\u00f6n, men n\u00e4r man granskar vad de faktiskt g\u00f6r blir bilden en annan. Exempelvis marknadsf\u00f6rs deras FarmAhead-modell som en stor h\u00e5llbarhetssatsning, men i praktiken driver det b\u00f6nderna mot en mer intensiv produktion, vilket inte alls \u00e4r h\u00e5llbart. P\u00e5 samma s\u00e4tt anv\u00e4nder Arla flitigt bilder av kor p\u00e5 gr\u00f6na betesmarker i sin marknadsf\u00f6ring, men v\u00e5ra k\u00e4llor fr\u00e5n insidan av Arlas verksamhet vittnar om att f\u00f6retaget lobbar f\u00f6r att regeringen ska skrota Sveriges unika lag om att mj\u00f6lkkor har r\u00e4tt att beta utomhus p\u00e5 sommaren, s\u00e4ger\u00a0<strong>Sandra Lamborn<\/strong>.<\/p>\n\n<p>F\u00f6r att \u00e5terf\u00e5 f\u00f6rtroendet i sitt h\u00e5llbarhetsarbete anser Greenpeace att Arla m\u00e5ste g\u00f6ra mer och inte bara prata om h\u00e5llbarhet. Arla beh\u00f6ver inf\u00f6ra transparenta rapporteringssystem, anta ambiti\u00f6sa m\u00e5l f\u00f6r att minska metanutsl\u00e4ppen och aktivt st\u00f6dja klimatlagstiftning, inte motarbeta den.<\/p>\n\n<p><strong>N\u00e5gra av rapportens slutsatser<\/strong><\/p>\n\n<ul class=\"wp-block-list\">\n<li><strong>Arla saknar reduktionsm\u00e5l f\u00f6r metanuts\u00e4pp:<\/strong>\u00a0Arlas metanutsl\u00e4pp uppskattas till 13,4 MtCO2e\/\u00e5r, vilket \u00f6verstiger de totala jordbruksutsl\u00e4ppen fr\u00e5n Nederl\u00e4nderna (11,4 MtCO2e\/\u00e5r). Trots detta saknar Arla m\u00e5l f\u00f6r att minska utsl\u00e4ppen av metan. Metan \u00e4r en kraftig v\u00e4xthusgas som bidrar till den globala uppv\u00e4rmningen, men om utsl\u00e4ppen av metan minskas kan det snabbt ge en avkylande effekt p\u00e5 de stigande temperaturerna.<\/li>\n\n\n\n<li><strong>Arla redovisar inte sina metanutsl\u00e4pp:\u00a0<\/strong>Trots att Arla sj\u00e4lva framh\u00e4ver att metan \u00e4r en stor utmaning f\u00f6r mejerin\u00e4ringen redovisar bolaget inte sina metanutsl\u00e4pp separat utan endas som en del av bolagets totala v\u00e4xthusgasutsl\u00e4pp.<\/li>\n\n\n\n<li><strong>Arla lever inte upp till FN:standard f\u00f6r trov\u00e4rdiga klimatm\u00e5l:\u00a0<\/strong>Arla har \u00e5tagit sig att n\u00e5 nettonollutsl\u00e4pp senast 2050, men genom att j\u00e4mf\u00f6ra Arlas klimatplaner med FN:s riktlinjer f\u00f6r icke-statliga akt\u00f6rer som s\u00e4tter upp nettonollm\u00e5l visar rapporten att av nio relevanta rekommendationer har Arla endast uppfyllt en.<\/li>\n\n\n\n<li><strong>Arla satsar p\u00e5 obepr\u00f6vade och ineffektiva tekniska l\u00f6sningar:<\/strong>\u00a0M\u00e5nga av Arlas strategier f\u00f6r minska sina utsl\u00e4pp bygger p\u00e5 forskning och utveckling som \u00e4nnu inte har visat sig vara effektiva eller ha l\u00e5ngvariga effekter, eller som inte angriper grundorsaken till utsl\u00e4ppen, exempelvis fodertillsatser och biogasproduktion fr\u00e5n g\u00f6dsel.<\/li>\n\n\n\n<li><strong>Arlas satsningar p\u00e5 biogas fr\u00e5n g\u00f6dsel kan inte minska utsl\u00e4ppen tillr\u00e4ckligt:<\/strong>\u00a0I rapporten uppskatta det att Arla maximalt skulle kunna minska sina utsl\u00e4pp med 15 procent om all g\u00f6dsel skulle anv\u00e4ndas f\u00f6r biogas, detta tyder p\u00e5 att biogasproduktion inte \u00e4r den patentl\u00f6sning som Arla vill f\u00e5 det att se ut som i sina klimatstrategier. De nuvarande utsl\u00e4ppsminskningarna fr\u00e5n biogasproduktion uppg\u00e5r till 2,6%.<\/li>\n\n\n\n<li><strong>Arla har bedrivit i aktiv lobbying mot klimat\u00e5tg\u00e4rder:<\/strong>\u00a0Arla har gjort minst 24 direkta eller indirekta lobbyanstr\u00e4ngningar riktade mot EU-kommissionen sedan 2017 f\u00f6r att p\u00e5verka lagstiftning om h\u00e5llbarhet eller klimat. De har bidragit till att jordbruk har exkluderats fr\u00e5n viktiga h\u00e5llbarhetsinitiativ, som exempelvis EU:s metanstrategi.<\/li>\n\n\n\n<li><strong>Arla satsar inte seri\u00f6st p\u00e5 v\u00e4xtbaserat:\u00a0<\/strong>Arlas v\u00e4xtbaserade varum\u00e4rke, J\u00f6rd, st\u00e5r exempelvis endast f\u00f6r 0,3 % av f\u00f6retagets totala int\u00e4kter i Storbritannien, vilket visar att Arla inte prioriterar en \u00f6verg\u00e5ng till mer h\u00e5llbara v\u00e4xtbaserade alternativ.<\/li>\n<\/ul>\n\n<p><a href=\"https:\/\/www.greenpeace.org\/static\/planet4-sweden-stateless\/2025\/02\/1e6974d8-dairytale-full-report_final.pdf\">Rapporten finns att l\u00e4sa h\u00e4r<\/a><\/p>\n\n<p><a href=\"https:\/\/media.greenpeace.org\/collection\/27MZIFJV5B781\">Bilder fr\u00e5n \u00f6verl\u00e4mningen av rapporten till Arla<\/a><\/p>\n\n<p><strong>Kontakt:<br>Sandra Lamborn,\u00a0<\/strong>talesperson i jordbruksfr\u00e5gor p\u00e5 Greenpeace, p\u00e5 plats utanf\u00f6r Arlas huvudkontor i \u00c5rhus idag,\u00a0<strong>073-982 65 83<\/strong><\/p>\n","protected":false},"excerpt":{"rendered":"<p>Ny rapport visar att Arla kommer missa sina egna klimatm\u00e5l och ist\u00e4llet \u00e4gnar sig \u00e5t lobbying f\u00f6r att hindra klimatlagstiftning.<\/p>\n","protected":false},"author":40,"featured_media":62391,"comment_status":"closed","ping_status":"closed","sticky":false,"template":"","format":"standard","meta":{"ep_exclude_from_search":false,"p4_og_title":"","p4_og_description":"","p4_og_image":"","p4_og_image_id":"","p4_seo_canonical_url":"","p4_campaign_name":"","p4_local_project":"","p4_basket_name":"","p4_department":"","footnotes":""},"categories":[2],"tags":[58,40,27],"p4-page-type":[14],"class_list":["post-62389","post","type-post","status-publish","format-standard","has-post-thumbnail","hentry","category-klimat","tag-falskmarknadsforing","tag-biodiversitet","tag-matproduktion","p4-page-type-pressmeddelanden"],"_links":{"self":[{"href":"https:\/\/www.greenpeace.org\/sweden\/wp-json\/wp\/v2\/posts\/62389","targetHints":{"allow":["GET"]}}],"collection":[{"href":"https:\/\/www.greenpeace.org\/sweden\/wp-json\/wp\/v2\/posts"}],"about":[{"href":"https:\/\/www.greenpeace.org\/sweden\/wp-json\/wp\/v2\/types\/post"}],"author":[{"embeddable":true,"href":"https:\/\/www.greenpeace.org\/sweden\/wp-json\/wp\/v2\/users\/40"}],"replies":[{"embeddable":true,"href":"https:\/\/www.greenpeace.org\/sweden\/wp-json\/wp\/v2\/comments?post=62389"}],"version-history":[{"count":2,"href":"https:\/\/www.greenpeace.org\/sweden\/wp-json\/wp\/v2\/posts\/62389\/revisions"}],"predecessor-version":[{"id":62395,"href":"https:\/\/www.greenpeace.org\/sweden\/wp-json\/wp\/v2\/posts\/62389\/revisions\/62395"}],"wp:featuredmedia":[{"embeddable":true,"href":"https:\/\/www.greenpeace.org\/sweden\/wp-json\/wp\/v2\/media\/62391"}],"wp:attachment":[{"href":"https:\/\/www.greenpeace.org\/sweden\/wp-json\/wp\/v2\/media?parent=62389"}],"wp:term":[{"taxonomy":"category","embeddable":true,"href":"https:\/\/www.greenpeace.org\/sweden\/wp-json\/wp\/v2\/categories?post=62389"},{"taxonomy":"post_tag","embeddable":true,"href":"https:\/\/www.greenpeace.org\/sweden\/wp-json\/wp\/v2\/tags?post=62389"},{"taxonomy":"p4-page-type","embeddable":true,"href":"https:\/\/www.greenpeace.org\/sweden\/wp-json\/wp\/v2\/p4-page-type?post=62389"}],"curies":[{"name":"wp","href":"https:\/\/api.w.org\/{rel}","templated":true}]}}