{"id":62632,"date":"2025-03-11T15:12:13","date_gmt":"2025-03-11T14:12:13","guid":{"rendered":"https:\/\/www.greenpeace.org\/sweden\/?p=62632"},"modified":"2025-03-11T15:12:41","modified_gmt":"2025-03-11T14:12:41","slug":"greenpeace-polisanmaler-skogsbolaget-sca-for-artskyddsbrott","status":"publish","type":"post","link":"https:\/\/www.greenpeace.org\/sweden\/pressmeddelanden\/skog\/greenpeace-polisanmaler-skogsbolaget-sca-for-artskyddsbrott\/","title":{"rendered":"Greenpeace polisanm\u00e4ler skogsbolaget SCA f\u00f6r artskyddsbrott"},"content":{"rendered":"\n<p><strong>Greenpeace l\u00e4mnade idag in en polisanm\u00e4lan mot skogsbolaget SCA f\u00f6r misst\u00e4nkt artskyddsbrott. Anm\u00e4lan kommer efter att SCA p\u00e5b\u00f6rjat en avverkning av en skog\u00a0<\/strong><a href=\"https:\/\/maps.app.goo.gl\/ncNsaExso5hzm5wX6\">v\u00e4ster om Ramsele i V\u00e4sternorrland<\/a><strong>, trots att omr\u00e5det hade uppenbart h\u00f6ga naturv\u00e4rden. I skogen fanns r\u00f6dlistade och fridlysta arter, d\u00e4ribland tret\u00e5ig hackspett och hundratals exemplar av den svenska orkid\u00e9n kn\u00e4rot. Greenpeace misst\u00e4nker att SCA medvetet bortsett fr\u00e5n skogens h\u00f6ga naturv\u00e4rden.<\/strong><\/p>\n\n<figure class=\"wp-block-image size-large\"><img loading=\"lazy\" decoding=\"async\" width=\"1024\" height=\"675\" src=\"https:\/\/www.greenpeace.org\/static\/planet4-sweden-stateless\/2025\/03\/be0d788f-karolina_carlsson_polisanmaler_sca-1024x675.jpg\" title=\"Greenpeace l\u00e4mnar in polisanm\u00e4lan mot SCA f\u00f6r misst\u00e4nkt artskyddsbrott, efter att SCA p\u00e5b\u00f6rjat en avverkning av en skog v\u00e4ster om Ramsele i V\u00e4sternorrland, trots att omr\u00e5det hade uppenbart h\u00f6ga naturv\u00e4rden med r\u00f6dlistade arter.\" alt=\"\" class=\"wp-image-62633\" srcset=\"https:\/\/www.greenpeace.org\/static\/planet4-sweden-stateless\/2025\/03\/be0d788f-karolina_carlsson_polisanmaler_sca-1024x675.jpg 1024w, https:\/\/www.greenpeace.org\/static\/planet4-sweden-stateless\/2025\/03\/be0d788f-karolina_carlsson_polisanmaler_sca-300x198.jpg 300w, https:\/\/www.greenpeace.org\/static\/planet4-sweden-stateless\/2025\/03\/be0d788f-karolina_carlsson_polisanmaler_sca-768x506.jpg 768w, https:\/\/www.greenpeace.org\/static\/planet4-sweden-stateless\/2025\/03\/be0d788f-karolina_carlsson_polisanmaler_sca-1536x1013.jpg 1536w, https:\/\/www.greenpeace.org\/static\/planet4-sweden-stateless\/2025\/03\/be0d788f-karolina_carlsson_polisanmaler_sca-2048x1350.jpg 2048w, https:\/\/www.greenpeace.org\/static\/planet4-sweden-stateless\/2025\/03\/be0d788f-karolina_carlsson_polisanmaler_sca-510x336.jpg 510w\" sizes=\"auto, (max-width: 1024px) 100vw, 1024px\" \/><figcaption class=\"wp-element-caption\">Karolina Carlsson fr\u00e5n Greenpeace utanf\u00f6r polisstationen i Sundsvall.\u00a0<strong>\u00a9 Greenpeace<\/strong><\/figcaption><\/figure>\n\n<p>\u2013<strong>\u00a0<\/strong>Som skogsbolag har SCA ett ansvar att s\u00e4kerst\u00e4lla att man inte avverkar skyddsv\u00e4rd natur och f\u00f6rst\u00f6r habitat f\u00f6r fridlysta och r\u00f6dlistade arter<strong>,\u00a0<\/strong>s\u00e4ger\u00a0<strong>Karolina Carlsson, talesperson i skogsfr\u00e5gor f\u00f6r Greenpeace.<\/strong><\/p>\n\n<p>Skogen l\u00e5g dessutom inom Ohredahke samebys centrala renbetesmarker d\u00e4r SCA sedan den 24 januari inte har samtycke f\u00f6r att avverka n\u00e5gon skog. Greenpeace aktivister som uppt\u00e4ckte att SCA avverkade skogen lyckades till slut se till att resten av det 13 hektar stora omr\u00e5det inte avverkades.<\/p>\n\n<p>\u2013 SCA borde pausat alla avverkningar utan samtycke fr\u00e5n samebyn redan n\u00e4r detta drogs tillbaka. Nu har vi flera g\u00e5nger sett hur SCA inom dessa omr\u00e5den \u00e4ven avverkar skogar med dokumenterat h\u00f6ga naturv\u00e4rden. Det finns inte mycket skog kvar som inte redan kalhuggits och det \u00e4r just dessa sista naturskogar som m\u00e5ste f\u00e5 finnas kvar f\u00f6r att renarna och rensk\u00f6tseln ska ha en chans att \u00f6verleva. Vi kan inte dra n\u00e5gon annan slutsats \u00e4n att SCA fullst\u00e4ndigt ignorerar sitt ansvar gentemot rensk\u00f6tseln och de r\u00f6dlistade arter som finns i dessa skogar, s\u00e4ger\u00a0<strong>Karolina Carlsson<\/strong>.<\/p>\n\n<p>Det var p\u00e5 tisdagen den 4 mars som aktivister fr\u00e5n Greenpeace tillsammans med inventerare fr\u00e5n den lokala skogsorganisationen Skogsv\u00e4rn uppt\u00e4ckte att SCA avverkade i skogen och att den inneh\u00f6ll r\u00f6dlistade arter som tret\u00e5ig hackspett och den fridlysta orkid\u00e9n kn\u00e4rot. Trots att fynden med bilder och GPS-punkter rapporterades in till Artportalen och ansvariga fr\u00e5n SCA fick informationen direkt, f\u00f6rs\u00f6kte bolaget att forts\u00e4tta avverkningen.<\/p>\n\n<p>Vid en efterf\u00f6ljande inventering hittades \u00f6ver 300 exemplar av kn\u00e4rot och ett flertal andra r\u00f6dlistade arter, trots att en stor del av marken fortfarande var t\u00e4ckt av sn\u00f6. Att artfynden var s\u00e5 omfattande tillsammans med bolagets ovilja att ta emot information om dessa st\u00e4rker Greenpeace misstankar om att SCA medvetet valt att avverka skogen trots dessa h\u00f6ga naturv\u00e4rden.<\/p>\n\n<p>\u2013 F\u00f6r alla med kunskap att se naturv\u00e4rden i skogliga milj\u00f6er \u00e4r det uppenbart att detta \u00e4r en skog med h\u00f6gt skyddsv\u00e4rde. Artfynden vi gjort g\u00e5r inte att missa f\u00f6r n\u00e5gon som letar. De arter vi hittat h\u00e4r \u00e4r som ett kvitto p\u00e5 att detta \u00e4r en skyddsv\u00e4rd skog, s\u00e4ger\u00a0<strong>Kamilla Andersson, inventerare fr\u00e5n organisationen Skogsv\u00e4rn<\/strong>.<\/p>\n\n<p>Detta \u00e4r inte f\u00f6rsta g\u00e5ngen som milj\u00f6organisationer och ideella naturv\u00e4rdesinventerare uppt\u00e4cker att SCA avverkar omr\u00e5den med h\u00f6ga naturv\u00e4rden. Nyligen publicerade Skydda Skogen\u00a0<a href=\"https:\/\/sca-files.skyddaskogen.se\/\">en rapport som dokumenterar 500 liknande fall<\/a>\u00a0vilket enligt organisationen visar att detta \u00e4r ett systematiskt tillv\u00e4gag\u00e5ngss\u00e4tt f\u00f6r SCA.<\/p>\n\n<p><strong>\u00d6versikt \u00f6ver de arter som hittades inom avverkningsanm\u00e4lningen mellan 4-6 mars och rapporterats till Artdatabanken:<\/strong><\/p>\n\n<figure class=\"wp-block-table\"><table class=\"has-fixed-layout\"><tbody><tr><td>Svenskt namn<\/td><td>Vetenskapligt namn<\/td><td>Organismgrupp<\/td><td>R\u00f6dlistekategori<\/td><td>Antal<\/td><\/tr><tr><td>Garnlav<\/td><td><em>Alectoria sarmentosa<\/em><\/td><td>Lavar<\/td><td>NT &#8211; n\u00e4ra hotad<\/td><td>&gt;11<\/td><\/tr><tr><td>Kn\u00e4rot<\/td><td><em>Goodyera repens<\/em><\/td><td>Blomv\u00e4xt<\/td><td>VU &#8211; S\u00e5rbar<\/td><td>&gt;330<\/td><\/tr><tr><td>Ullticka<\/td><td><em>Phellinidium ferrugineofuscum<\/em><\/td><td>Svampar<\/td><td>NT- n\u00e4ra hotad<\/td><td>1<\/td><\/tr><tr><td>Lunglav<\/td><td><em>Lobaria pulmonaria<\/em><\/td><td>Lavar<\/td><td>NT &#8211; n\u00e4ra hotad<\/td><td>9<\/td><\/tr><tr><td>Tallticka<\/td><td><em>Porodaedalea pini<\/em><\/td><td>Svampar<\/td><td>NT &#8211; n\u00e4ra hotad<\/td><td>1<\/td><\/tr><tr><td>Tret\u00e5ig hackspett<\/td><td><em>Picoides tridactylus<\/em><\/td><td>F\u00e5glar<\/td><td>NT &#8211; n\u00e4ra hotad<\/td><td>&gt;10<\/td><\/tr><tr><td>Gammelgranssk\u00e5l<\/td><td><em>Pseudographis pinicola<\/em><\/td><td>Svampar<\/td><td>NT &#8211; n\u00e4ra hotad<\/td><td>2<\/td><\/tr><tr><td>Spillkr\u00e5ka<\/td><td><em>Dryocopus martius<\/em><\/td><td>F\u00e5glar<\/td><td>NT &#8211; n\u00e4ra hotad<\/td><td>1<\/td><\/tr><tr><td>Skrovellav<\/td><td><em>Lobaria scrobiculata<\/em><\/td><td>Lavar<\/td><td>NT &#8211; n\u00e4ra hotad<\/td><td>1<\/td><\/tr><\/tbody><\/table><\/figure>\n\n<p>Se <a href=\"https:\/\/www.greenpeace.org\/static\/planet4-sweden-stateless\/2025\/03\/4f22d33e-anmalan-om-misstankt-brott-mot-artskyddsforordningen-2025-03-11.pdf\" data-type=\"link\" data-id=\"https:\/\/www.greenpeace.org\/static\/planet4-sweden-stateless\/2025\/03\/4f22d33e-anmalan-om-misstankt-brott-mot-artskyddsforordningen-2025-03-11.pdf\">polisanm\u00e4lan<\/a> f\u00f6r mer information.<\/p>\n\n<p><strong>Kontakt:<br>Karolina Carlsson, talesperson i skogsfr\u00e5gor f\u00f6r Greenpeace, 073-986 50 96<\/strong><br><strong>Ludvig Tillman, kommunikationsansvarig, Greenpeace, 0702 71 64 37<\/strong><\/p>\n","protected":false},"excerpt":{"rendered":"<p>Anm\u00e4lan kommer efter att SCA p\u00e5b\u00f6rjat en avverkning i V\u00e4sternorrland, trots att skogen hade uppenbart h\u00f6ga naturv\u00e4rden. T.ex. tret\u00e5ig hackspett och den svenska orkid\u00e9n kn\u00e4rot.<\/p>\n","protected":false},"author":40,"featured_media":62633,"comment_status":"closed","ping_status":"closed","sticky":false,"template":"","format":"standard","meta":{"ep_exclude_from_search":false,"p4_og_title":"","p4_og_description":"","p4_og_image":"","p4_og_image_id":"","p4_seo_canonical_url":"","p4_campaign_name":"","p4_local_project":"","p4_basket_name":"","p4_department":"","footnotes":""},"categories":[22],"tags":[40,64,19],"p4-page-type":[14],"class_list":["post-62632","post","type-post","status-publish","format-standard","has-post-thumbnail","hentry","category-skog","tag-biodiversitet","tag-sapmi","tag-skyddaskogen","p4-page-type-pressmeddelanden"],"_links":{"self":[{"href":"https:\/\/www.greenpeace.org\/sweden\/wp-json\/wp\/v2\/posts\/62632","targetHints":{"allow":["GET"]}}],"collection":[{"href":"https:\/\/www.greenpeace.org\/sweden\/wp-json\/wp\/v2\/posts"}],"about":[{"href":"https:\/\/www.greenpeace.org\/sweden\/wp-json\/wp\/v2\/types\/post"}],"author":[{"embeddable":true,"href":"https:\/\/www.greenpeace.org\/sweden\/wp-json\/wp\/v2\/users\/40"}],"replies":[{"embeddable":true,"href":"https:\/\/www.greenpeace.org\/sweden\/wp-json\/wp\/v2\/comments?post=62632"}],"version-history":[{"count":3,"href":"https:\/\/www.greenpeace.org\/sweden\/wp-json\/wp\/v2\/posts\/62632\/revisions"}],"predecessor-version":[{"id":62637,"href":"https:\/\/www.greenpeace.org\/sweden\/wp-json\/wp\/v2\/posts\/62632\/revisions\/62637"}],"wp:featuredmedia":[{"embeddable":true,"href":"https:\/\/www.greenpeace.org\/sweden\/wp-json\/wp\/v2\/media\/62633"}],"wp:attachment":[{"href":"https:\/\/www.greenpeace.org\/sweden\/wp-json\/wp\/v2\/media?parent=62632"}],"wp:term":[{"taxonomy":"category","embeddable":true,"href":"https:\/\/www.greenpeace.org\/sweden\/wp-json\/wp\/v2\/categories?post=62632"},{"taxonomy":"post_tag","embeddable":true,"href":"https:\/\/www.greenpeace.org\/sweden\/wp-json\/wp\/v2\/tags?post=62632"},{"taxonomy":"p4-page-type","embeddable":true,"href":"https:\/\/www.greenpeace.org\/sweden\/wp-json\/wp\/v2\/p4-page-type?post=62632"}],"curies":[{"name":"wp","href":"https:\/\/api.w.org\/{rel}","templated":true}]}}