{"id":62816,"date":"2025-03-27T13:38:03","date_gmt":"2025-03-27T12:38:03","guid":{"rendered":"https:\/\/www.greenpeace.org\/sweden\/?p=62816"},"modified":"2025-03-27T13:38:06","modified_gmt":"2025-03-27T12:38:06","slug":"kommentar-till-regeringens-proposition-om-karnkraftsfinansiering","status":"publish","type":"post","link":"https:\/\/www.greenpeace.org\/sweden\/pressmeddelanden\/energi\/kommentar-till-regeringens-proposition-om-karnkraftsfinansiering\/","title":{"rendered":"Kommentar till regeringens proposition om k\u00e4rnkraftsfinansiering"},"content":{"rendered":"\n<p><strong>Idag presenterade regeringen och Sverigedemokraterna sin proposition f\u00f6r hur eventuell ny k\u00e4rnkraft i Sverige ska kunna finansieras. Greenpeace kampanjledare\u00a0Carl Schlyter\u00a0kommenterar detta s\u00e5 h\u00e4r:<\/strong><\/p>\n\n<p>\u2013 Detta kommer att bli v\u00e4rre \u00e4n Nuon. Det \u00e4r gl\u00e4djekalkyler fr\u00e5n b\u00f6rjan till slut, det \u00e4r helt orealistiskt att tro att Sverige skulle kunna bygga ny k\u00e4rnkraft dubbelt s\u00e5 snabbt och h\u00e4lften s\u00e5 dyrt som j\u00e4mf\u00f6rbara v\u00e4stl\u00e4nder, det saknar all koppling till verkligheten.\u00a0<\/p>\n\n<p>\u2013 Propositionen bygger p\u00e5 en underm\u00e5lig utredning som s\u00e5gats av en stor m\u00e4ngd tunga remissinstanser. Att regeringen trots all relevant kritik g\u00e5r vidare med detta visar att de inte lyssnar p\u00e5 fakta n\u00e4r det kommer till k\u00e4rnkraft, utan l\u00e5ter prestige g\u00e5 f\u00f6re Sveriges demokrati, ekonomi, och milj\u00f6. Att regeringen rundar lagr\u00e5det i en s\u00e5 h\u00e4r stor fr\u00e5ga och att de dessutom vill g\u00f6ra upp med k\u00e4rnkraftsbolagen om villkoren f\u00f6r subventionerna bakom st\u00e4ngda d\u00f6rrar \u00e4r h\u00e4pnadsv\u00e4ckande. Riksdagen beh\u00f6ver s\u00e4tta ner foten och stoppa regeringens k\u00e4rnkraftscirkus.<\/p>\n\n<p>\u2013 Regeringen gick till val p\u00e5 en effektiv klimatpolitik och en tro p\u00e5 teknikneutrala, marknadsekonomiska l\u00f6sningar, nu g\u00e5r de full Sovjet i sin planekonomi kring k\u00e4rnkraften. Med denna proposition kommer marknaden att undermineras och andra energialternativ blockeras. Det kommer ocks\u00e5 leda till en kraftig \u00f6kning av utsl\u00e4ppen till 2045 j\u00e4mf\u00f6rt med satsningar p\u00e5 energieffektiviseringar, energilager och f\u00f6rnybart.<\/p>\n\n<p><strong>Kontakt:<\/strong><br><strong>Carl Schlyter, kampanjledare p\u00e5 Greenpeace, 070-234 13 57<\/strong><\/p>\n","protected":false},"excerpt":{"rendered":"<p>\u2013 Detta kommer att bli v\u00e4rre \u00e4n Nuon. Propositionen bygger p\u00e5 en underm\u00e5lig utredning som s\u00e5gats av en stor m\u00e4ngd tunga remissinstanser. Det \u00e4r gl\u00e4djekalkyler fr\u00e5n b\u00f6rjan till slut.<\/p>\n","protected":false},"author":40,"featured_media":58530,"comment_status":"closed","ping_status":"closed","sticky":false,"template":"","format":"standard","meta":{"ep_exclude_from_search":false,"p4_og_title":"","p4_og_description":"","p4_og_image":"","p4_og_image_id":"","p4_seo_canonical_url":"","p4_campaign_name":"","p4_local_project":"","p4_basket_name":"","p4_department":"","footnotes":""},"categories":[45],"tags":[26,53],"p4-page-type":[14],"class_list":["post-62816","post","type-post","status-publish","format-standard","has-post-thumbnail","hentry","category-energi","tag-atomkraft","tag-svenskpolitik","p4-page-type-pressmeddelanden"],"_links":{"self":[{"href":"https:\/\/www.greenpeace.org\/sweden\/wp-json\/wp\/v2\/posts\/62816","targetHints":{"allow":["GET"]}}],"collection":[{"href":"https:\/\/www.greenpeace.org\/sweden\/wp-json\/wp\/v2\/posts"}],"about":[{"href":"https:\/\/www.greenpeace.org\/sweden\/wp-json\/wp\/v2\/types\/post"}],"author":[{"embeddable":true,"href":"https:\/\/www.greenpeace.org\/sweden\/wp-json\/wp\/v2\/users\/40"}],"replies":[{"embeddable":true,"href":"https:\/\/www.greenpeace.org\/sweden\/wp-json\/wp\/v2\/comments?post=62816"}],"version-history":[{"count":1,"href":"https:\/\/www.greenpeace.org\/sweden\/wp-json\/wp\/v2\/posts\/62816\/revisions"}],"predecessor-version":[{"id":62817,"href":"https:\/\/www.greenpeace.org\/sweden\/wp-json\/wp\/v2\/posts\/62816\/revisions\/62817"}],"wp:featuredmedia":[{"embeddable":true,"href":"https:\/\/www.greenpeace.org\/sweden\/wp-json\/wp\/v2\/media\/58530"}],"wp:attachment":[{"href":"https:\/\/www.greenpeace.org\/sweden\/wp-json\/wp\/v2\/media?parent=62816"}],"wp:term":[{"taxonomy":"category","embeddable":true,"href":"https:\/\/www.greenpeace.org\/sweden\/wp-json\/wp\/v2\/categories?post=62816"},{"taxonomy":"post_tag","embeddable":true,"href":"https:\/\/www.greenpeace.org\/sweden\/wp-json\/wp\/v2\/tags?post=62816"},{"taxonomy":"p4-page-type","embeddable":true,"href":"https:\/\/www.greenpeace.org\/sweden\/wp-json\/wp\/v2\/p4-page-type?post=62816"}],"curies":[{"name":"wp","href":"https:\/\/api.w.org\/{rel}","templated":true}]}}