{"id":63035,"date":"2025-05-15T15:16:30","date_gmt":"2025-05-15T14:16:30","guid":{"rendered":"https:\/\/www.greenpeace.org\/sweden\/?p=63035"},"modified":"2025-07-02T08:30:20","modified_gmt":"2025-07-02T07:30:20","slug":"sa-anvande-greenpeace-dina-gavor-resultat-och-grona-framgangar-2024","status":"publish","type":"post","link":"https:\/\/www.greenpeace.org\/sweden\/artiklar\/greenpeace\/sa-anvande-greenpeace-dina-gavor-resultat-och-grona-framgangar-2024\/","title":{"rendered":"S\u00e5 anv\u00e4nde Greenpeace dina g\u00e5vor \u2013 resultat och gr\u00f6na framg\u00e5ngar 2024"},"content":{"rendered":"\n<p><strong>St\u00f6det fr\u00e5n mer \u00e4n 100.000 milj\u00f6k\u00e4mpar i Norden \u00e4r det som har gjort stor skillnad f\u00f6r otroliga livsmilj\u00f6er och arter v\u00e4rlden \u00f6ver som annars hade kunnat g\u00e5 f\u00f6rlorade. Tusen tack till alla er som skyddar v\u00e5r \u00e4lskade planet!<\/strong><\/p>\n\n<figure class=\"wp-block-image size-large\"><img loading=\"lazy\" decoding=\"async\" width=\"1024\" height=\"683\" src=\"https:\/\/www.greenpeace.org\/static\/planet4-sweden-stateless\/2025\/05\/91e4adde-gp0stznhb-1024x683.jpg\" alt=\"\" class=\"wp-image-63236\" srcset=\"https:\/\/www.greenpeace.org\/static\/planet4-sweden-stateless\/2025\/05\/91e4adde-gp0stznhb-1024x683.jpg 1024w, https:\/\/www.greenpeace.org\/static\/planet4-sweden-stateless\/2025\/05\/91e4adde-gp0stznhb-300x200.jpg 300w, https:\/\/www.greenpeace.org\/static\/planet4-sweden-stateless\/2025\/05\/91e4adde-gp0stznhb-768x512.jpg 768w, https:\/\/www.greenpeace.org\/static\/planet4-sweden-stateless\/2025\/05\/91e4adde-gp0stznhb-510x340.jpg 510w, https:\/\/www.greenpeace.org\/static\/planet4-sweden-stateless\/2025\/05\/91e4adde-gp0stznhb.jpg 1200w\" sizes=\"auto, (max-width: 1024px) 100vw, 1024px\" \/><figcaption><div class=\"credit icon-left\"> \u00a9 Tom\u00e1s Munita \/ Greenpeace<\/div><\/figcaption><\/figure>\n\n<h2 class=\"wp-block-heading\">Var kommer Greenpeace int\u00e4kter ifr\u00e5n?<\/h2>\n\n<figure class=\"wp-block-image size-full\"><img loading=\"lazy\" decoding=\"async\" width=\"1024\" height=\"768\" src=\"https:\/\/www.greenpeace.org\/static\/planet4-sweden-stateless\/2025\/05\/0b849cf2-greenpeace-nordic-income-diagram-2024.png\" alt=\"\" class=\"wp-image-63226\" srcset=\"https:\/\/www.greenpeace.org\/static\/planet4-sweden-stateless\/2025\/05\/0b849cf2-greenpeace-nordic-income-diagram-2024.png 1024w, https:\/\/www.greenpeace.org\/static\/planet4-sweden-stateless\/2025\/05\/0b849cf2-greenpeace-nordic-income-diagram-2024-300x225.png 300w, https:\/\/www.greenpeace.org\/static\/planet4-sweden-stateless\/2025\/05\/0b849cf2-greenpeace-nordic-income-diagram-2024-768x576.png 768w, https:\/\/www.greenpeace.org\/static\/planet4-sweden-stateless\/2025\/05\/0b849cf2-greenpeace-nordic-income-diagram-2024-453x340.png 453w\" sizes=\"auto, (max-width: 1024px) 100vw, 1024px\" \/><\/figure>\n\n<p>Den st\u00f6rsta delen av Greenpeace int\u00e4kter kommer fr\u00e5n <strong>privatpersoner <\/strong>\u2013 under 2024 var det hela 75 % av Greenpeace Nordens totala int\u00e4kter. Det betyder att v\u00e5ra viktigaste allierade inte \u00e4r stora f\u00f6retag eller myndigheter, utan m\u00e4nniskor. 75 % \u00e4r en avsev\u00e4rt st\u00f6rre andel j\u00e4mf\u00f6rt med m\u00e5nga andra organisationer \u2013 och understryker en viktig sak: Greenpeace hade inte existerat utan st\u00f6det fr\u00e5n m\u00e4nniskor v\u00e4rlden \u00f6ver som tror p\u00e5 en gr\u00f6nare och mer r\u00e4ttvis framtid \u2013 och som v\u00e4ljer att agera p\u00e5 det.<\/p>\n\n<p>Vi tar inte emot bidrag fr\u00e5n varken regeringar eller f\u00f6retag, f\u00f6r att v\u00e5rt oberoende \u00e4r helt avg\u00f6rande. Genom att st\u00e5 fria fr\u00e5n politiska och ekonomiska intressen kan vi s\u00e4tta den n\u00f6dv\u00e4ndiga pressen p\u00e5 beslutsfattare och makthavare n\u00e4r de sviker klimatet och milj\u00f6n.<\/p>\n\n<p>Tio procent av v\u00e5ra medel under 2024 kom fr\u00e5n <strong>stiftelser<\/strong>. Sju procent kom fr\u00e5n <strong>Svenska Postkodlotteriet<\/strong>: ett st\u00f6d som har m\u00f6jliggjort allt fr\u00e5n att mobilisera och utbilda unga i klimatkampen v\u00e4rlden \u00f6ver, till forskningsresor till Sargassohavet och Galapagos samt avsl\u00f6janden av textildumpning p\u00e5 str\u00e4nderna i Ghana.<\/p>\n\n<p>Greenpeace Norden bidrar ekonomiskt till det globala arbetet f\u00f6r att till exempel skydda Amazonas regnskog. Vi tar samtidigt emot <strong>bidrag fr\u00e5n andra Greenpeace-kontor<\/strong> till n\u00e5gra av v\u00e5ra insatser \u2013 under 2024 utgjorde de sex procent.<\/p>\n\n<p>En s\u00e4rskild typ av st\u00f6d ber\u00f6r v\u00e5ra hj\u00e4rtan lite extra: Allt fler v\u00e4ljer att <strong>l\u00e5ta en del av deras arv g\u00e5 till naturen och klimatet<\/strong>. Under 2024 utgjorde arv 2 procent av v\u00e5ra insamlade medel. Det \u00e4r en g\u00e5va till framtiden \u2013 och en stor tillitsf\u00f6rklaring.<\/p>\n\n<h2 class=\"wp-block-heading\">Hur anv\u00e4nde Greenpeace insamlade medel?<\/h2>\n\n<figure class=\"wp-block-image size-full\"><img loading=\"lazy\" decoding=\"async\" width=\"1024\" height=\"768\" src=\"https:\/\/www.greenpeace.org\/static\/planet4-sweden-stateless\/2025\/05\/d449739b-greenpeace-nordic-expenditure-diagram-2024-se.png\" alt=\"\" class=\"wp-image-63229\" srcset=\"https:\/\/www.greenpeace.org\/static\/planet4-sweden-stateless\/2025\/05\/d449739b-greenpeace-nordic-expenditure-diagram-2024-se.png 1024w, https:\/\/www.greenpeace.org\/static\/planet4-sweden-stateless\/2025\/05\/d449739b-greenpeace-nordic-expenditure-diagram-2024-se-300x225.png 300w, https:\/\/www.greenpeace.org\/static\/planet4-sweden-stateless\/2025\/05\/d449739b-greenpeace-nordic-expenditure-diagram-2024-se-768x576.png 768w, https:\/\/www.greenpeace.org\/static\/planet4-sweden-stateless\/2025\/05\/d449739b-greenpeace-nordic-expenditure-diagram-2024-se-453x340.png 453w\" sizes=\"auto, (max-width: 1024px) 100vw, 1024px\" \/><\/figure>\n\n<p>Under 2024 arbetade Greenpeace bland annat f\u00f6r levande hav och ett mer h\u00e5llbart jordbruk. Vi genomf\u00f6rde forskning till havs och mobiliserade ett massivt tryck fr\u00e5n allm\u00e4nheten mot djuphavsgruvdrift. Vi har ocks\u00e5 gjort allt vi kunnat i kampen mot norsk olja.<\/p>\n\n<p>H\u00e4r nedanf\u00f6r kan du l\u00e4sa om n\u00e5gra av de viktigaste sakerna vi fokuserade p\u00e5 under 2024.<\/p>\n\n<h3 class=\"wp-block-heading\">Tillsammans skyddade vi havsbotten i Arktis &#8211; HAV 7 %<\/h3>\n\n<figure class=\"wp-block-image size-large is-style-default\"><img loading=\"lazy\" decoding=\"async\" width=\"1024\" height=\"683\" src=\"https:\/\/www.greenpeace.org\/static\/planet4-sweden-stateless\/2024\/12\/cf81a2f7-gp0su1y0w-1024x683.jpg\" alt=\"\" class=\"wp-image-61912\" srcset=\"https:\/\/www.greenpeace.org\/static\/planet4-sweden-stateless\/2024\/12\/cf81a2f7-gp0su1y0w-1024x683.jpg 1024w, https:\/\/www.greenpeace.org\/static\/planet4-sweden-stateless\/2024\/12\/cf81a2f7-gp0su1y0w-300x200.jpg 300w, https:\/\/www.greenpeace.org\/static\/planet4-sweden-stateless\/2024\/12\/cf81a2f7-gp0su1y0w-768x512.jpg 768w, https:\/\/www.greenpeace.org\/static\/planet4-sweden-stateless\/2024\/12\/cf81a2f7-gp0su1y0w-510x340.jpg 510w, https:\/\/www.greenpeace.org\/static\/planet4-sweden-stateless\/2024\/12\/cf81a2f7-gp0su1y0w.jpg 1200w\" sizes=\"auto, (max-width: 1024px) 100vw, 1024px\" \/><figcaption><div class=\"credit icon-left\"> \u00a9 Christian \u00c5slund \/ Greenpeace<\/div><\/figcaption><\/figure>\n\n<p>F\u00f6rra \u00e5ret m\u00f6jliggjorde v\u00e5ra givares st\u00f6d viktig forskning om valar i Arktis. Tillsammans med v\u00e5ra protester satte forskningsresultaten press p\u00e5 <a href=\"https:\/\/www.greenpeace.org\/sweden\/artiklar\/greenpeace\/2024-var-aret-da-vi-stoppade-djuphavsgruvdrift-i-arktis\/\" data-type=\"link\" data-id=\"https:\/\/www.greenpeace.org\/sweden\/artiklar\/greenpeace\/2024-var-aret-da-vi-stoppade-djuphavsgruvdrift-i-arktis\/\" target=\"_blank\" rel=\"noreferrer noopener\">Norge att inte g\u00e5 vidare med sina planer om att riva upp havsbotten i jakten p\u00e5 djuphavsmineraler<\/a>. Det fick effekt, och den norska regeringen lovade att inte ge ut n\u00e5gra licenser, \u00e5tminstone inte f\u00f6re n\u00e4sta val. Det \u00e4r riktigt goda nyheter f\u00f6r havsmilj\u00f6n, valarna och andra enast\u00e5ende arter i Arktis och vi arbetar sj\u00e4lvklart vidare, s\u00e5 att licenserna f\u00f6r djuphavsgruvdrift slopas helt!<\/p>\n\n<h3 class=\"wp-block-heading\">Vi stod upp f\u00f6r kornas r\u00e4tt att beta &#8211; JORDBRUK 30 %<\/h3>\n\n<figure class=\"wp-block-image size-large\"><img loading=\"lazy\" decoding=\"async\" width=\"1024\" height=\"683\" src=\"https:\/\/www.greenpeace.org\/static\/planet4-sweden-stateless\/2024\/09\/c769b7ba-betesratt_greenpeace_jana_eriksson_2024-1746-1024x683.jpg\" alt=\"\" class=\"wp-image-61116\" srcset=\"https:\/\/www.greenpeace.org\/static\/planet4-sweden-stateless\/2024\/09\/c769b7ba-betesratt_greenpeace_jana_eriksson_2024-1746-1024x683.jpg 1024w, https:\/\/www.greenpeace.org\/static\/planet4-sweden-stateless\/2024\/09\/c769b7ba-betesratt_greenpeace_jana_eriksson_2024-1746-300x200.jpg 300w, https:\/\/www.greenpeace.org\/static\/planet4-sweden-stateless\/2024\/09\/c769b7ba-betesratt_greenpeace_jana_eriksson_2024-1746-768x512.jpg 768w, https:\/\/www.greenpeace.org\/static\/planet4-sweden-stateless\/2024\/09\/c769b7ba-betesratt_greenpeace_jana_eriksson_2024-1746-1536x1024.jpg 1536w, https:\/\/www.greenpeace.org\/static\/planet4-sweden-stateless\/2024\/09\/c769b7ba-betesratt_greenpeace_jana_eriksson_2024-1746-2048x1366.jpg 2048w, https:\/\/www.greenpeace.org\/static\/planet4-sweden-stateless\/2024\/09\/c769b7ba-betesratt_greenpeace_jana_eriksson_2024-1746-510x340.jpg 510w\" sizes=\"auto, (max-width: 1024px) 100vw, 1024px\" \/><\/figure>\n\n<p>I Sverige stod vi upp f\u00f6r beteskravet, mj\u00f6lkkornas lagstadgade r\u00e4tt att beta, som just nu hotas av regeringspartierna och jordbruksindustrins lobbyorganisationer. Genom <a href=\"https:\/\/www.greenpeace.org\/sweden\/pressmeddelanden\/klimat\/greenpeace-stanger-in-lobbyister-pa-lrfs-huvudkontor-i-nytt-experiment\/\" data-type=\"link\" data-id=\"https:\/\/www.greenpeace.org\/sweden\/pressmeddelanden\/klimat\/greenpeace-stanger-in-lobbyister-pa-lrfs-huvudkontor-i-nytt-experiment\/\" target=\"_blank\" rel=\"noreferrer noopener\">fredliga aktioner<\/a> och m\u00f6ten med politiker bidrog v\u00e5ra gemensamma insatser till att fr\u00e5gan hamnade p\u00e5 l\u00f6psedlarna och skapade landsomfattande debatt.<\/p>\n\n<p>Vi kartlade vad samtliga av Sveriges kommuner g\u00f6r f\u00f6r att minska klimatavtrycket fr\u00e5n den mat som serveras inom skolan och \u00e4ldrev\u00e5rden \u2013 den blev p\u00e5 vissa s\u00e4tt <a href=\"https:\/\/www.greenpeace.org\/sweden\/pressmeddelanden\/klimat\/stora-skillnader-i-kommunernas-klimatambitioner-for-maltiderna\/\" data-type=\"link\" data-id=\"https:\/\/www.greenpeace.org\/sweden\/pressmeddelanden\/klimat\/stora-skillnader-i-kommunernas-klimatambitioner-for-maltiderna\/\" target=\"_blank\" rel=\"noreferrer noopener\">den mest detaljerade kartl\u00e4ggningen av sitt slag<\/a> vilket gjorde att \u00e4ven statliga myndigheter visade intresse f\u00f6r att anv\u00e4nda sig av resultaten.<\/p>\n\n<h3 class=\"wp-block-heading\">Vi avsl\u00f6jade \u00f6del\u00e4ggelsen av v\u00e4rdefull skog &#8211; SKOG 6 %<\/h3>\n\n<figure class=\"wp-block-image\"><img loading=\"lazy\" decoding=\"async\" width=\"1200\" height=\"900\" src=\"https:\/\/www.greenpeace.org\/static\/planet4-sweden-stateless\/2025\/05\/19a8f62a-gp0stt1qa.jpg\" alt=\"\" class=\"wp-image-63217\" srcset=\"https:\/\/www.greenpeace.org\/static\/planet4-sweden-stateless\/2025\/05\/19a8f62a-gp0stt1qa.jpg 1200w, https:\/\/www.greenpeace.org\/static\/planet4-sweden-stateless\/2025\/05\/19a8f62a-gp0stt1qa-300x225.jpg 300w, https:\/\/www.greenpeace.org\/static\/planet4-sweden-stateless\/2025\/05\/19a8f62a-gp0stt1qa-1024x768.jpg 1024w, https:\/\/www.greenpeace.org\/static\/planet4-sweden-stateless\/2025\/05\/19a8f62a-gp0stt1qa-768x576.jpg 768w, https:\/\/www.greenpeace.org\/static\/planet4-sweden-stateless\/2025\/05\/19a8f62a-gp0stt1qa-453x340.jpg 453w\" sizes=\"auto, (max-width: 1200px) 100vw, 1200px\" \/><figcaption><div class=\"credit icon-left\"> \u00a9 Jani Sipil\u00e4 \/ Greenpeace<\/div><\/figcaption><\/figure>\n\n<p>Under 2024 avsl\u00f6jade vi att virke fr\u00e5n v\u00e4rdefulla skogar anv\u00e4nds f\u00f6r att tillverka produkter av eng\u00e5ngspapper och pappkartong. Greenpeace genomf\u00f6rde f\u00e4ltunders\u00f6kningar och f\u00f6ljde sedan virkets v\u00e4g fr\u00e5n de svenska skogarna hela v\u00e4gen genom leverant\u00f6rskedjan till k\u00e4nda m\u00e4rken som Amazon och Zalando. D\u00e4refter sl\u00e4ppte vi <a href=\"https:\/\/www.greenpeace.org\/sweden\/pressmeddelanden\/skog\/rapport-e-handeln-hotar-svenska-gammelskogar-och-samers-rattigheter-2\/\" data-type=\"link\" data-id=\"https:\/\/www.greenpeace.org\/sweden\/pressmeddelanden\/skog\/rapport-e-handeln-hotar-svenska-gammelskogar-och-samers-rattigheter-2\/\" target=\"_blank\" rel=\"noreferrer noopener\">en rapport med resultaten fr\u00e5n unders\u00f6kningen<\/a>, och delade alla resultat med skogsbolagens kunder s\u00e5 de kan s\u00e4tta press p\u00e5 de svenska skogsbolagen att sluta avverka i v\u00e4rdefulla skogar. I b\u00e5de Sverige och Finland hotar skogssk\u00f6vlingen den biologiska m\u00e5ngfalden, klimatet och samers r\u00e4ttigheter \u2013 Europas enda erk\u00e4nda urfolk.<\/p>\n\n<h3 class=\"wp-block-heading\">Vi kr\u00e4vde klimatr\u00e4ttvisa &#8211; KLIMAT OCH ENERGI 4%<\/h3>\n\n<figure class=\"wp-block-image size-large\"><img loading=\"lazy\" decoding=\"async\" width=\"1024\" height=\"661\" src=\"https:\/\/www.greenpeace.org\/static\/planet4-sweden-stateless\/2025\/05\/511e0dfd-gp0su1p43-1024x661.jpg\" alt=\"\" class=\"wp-image-63206\" srcset=\"https:\/\/www.greenpeace.org\/static\/planet4-sweden-stateless\/2025\/05\/511e0dfd-gp0su1p43-1024x661.jpg 1024w, https:\/\/www.greenpeace.org\/static\/planet4-sweden-stateless\/2025\/05\/511e0dfd-gp0su1p43-300x194.jpg 300w, https:\/\/www.greenpeace.org\/static\/planet4-sweden-stateless\/2025\/05\/511e0dfd-gp0su1p43-768x496.jpg 768w, https:\/\/www.greenpeace.org\/static\/planet4-sweden-stateless\/2025\/05\/511e0dfd-gp0su1p43-510x329.jpg 510w, https:\/\/www.greenpeace.org\/static\/planet4-sweden-stateless\/2025\/05\/511e0dfd-gp0su1p43.jpg 1200w\" sizes=\"auto, (max-width: 1024px) 100vw, 1024px\" \/><figcaption><div class=\"credit icon-left\"> \u00a9 Noel Celis \/ Greenpeace<\/div><\/figcaption><\/figure>\n\n<p>Klimatkrisen kommer att st\u00e5 v\u00e4rlden dyrt, men vem st\u00e5r f\u00f6r kostnaden? Greenpeace menar att det \u00e4r de som f\u00f6rorenar som ska betala, inte de som drabbas av den globala uppv\u00e4rmningens konsekvenser. Under 2024, samtidigt som oljef\u00f6retagen redovisade sina vinster, protesterade vi med affischer med texten \u201dV\u00e5r vinst. Din f\u00f6rlust\u201d, som visade bilder p\u00e5 leende VD:ar bredvid m\u00e4nniskor som f\u00f6rlorat allt i sp\u00e5ren av extremv\u00e4der. I Norge konfronterade vi oljebolaget Equinors VD med bland annat f\u00f6rst\u00f6rda leksaker fr\u00e5n en \u00f6versv\u00e4mning i Brasilien f\u00f6r att visa kopplingen mellan deras vinster och folks lidande.<\/p>\n\n<h3 class=\"wp-block-heading\">Klimatseger mot norsk olja &#8211; OLJA OCH GAS 22 %<\/h3>\n\n<figure class=\"wp-block-image\"><img loading=\"lazy\" decoding=\"async\" width=\"1200\" height=\"801\" src=\"https:\/\/www.greenpeace.org\/static\/planet4-sweden-stateless\/2025\/05\/f04905f6-gp049id.jpg\" alt=\"\" class=\"wp-image-63219\" srcset=\"https:\/\/www.greenpeace.org\/static\/planet4-sweden-stateless\/2025\/05\/f04905f6-gp049id.jpg 1200w, https:\/\/www.greenpeace.org\/static\/planet4-sweden-stateless\/2025\/05\/f04905f6-gp049id-300x200.jpg 300w, https:\/\/www.greenpeace.org\/static\/planet4-sweden-stateless\/2025\/05\/f04905f6-gp049id-1024x684.jpg 1024w, https:\/\/www.greenpeace.org\/static\/planet4-sweden-stateless\/2025\/05\/f04905f6-gp049id-768x513.jpg 768w, https:\/\/www.greenpeace.org\/static\/planet4-sweden-stateless\/2025\/05\/f04905f6-gp049id-510x340.jpg 510w\" sizes=\"auto, (max-width: 1200px) 100vw, 1200px\" \/><figcaption><div class=\"credit icon-left\"> \u00a9 Daniel Beltr\u00e1 \/ Greenpeace<\/div><\/figcaption><\/figure>\n\n<p>2024 \u00e5ret b\u00f6rjade med en stor seger, d\u00e5 <a href=\"https:\/\/www.greenpeace.org\/sweden\/pressmeddelanden\/klimat\/greenpeace-och-natur-och-ungdom-vinner-klimatrattsfall-mot-norska-staten\/\" data-type=\"link\" data-id=\"https:\/\/www.greenpeace.org\/sweden\/pressmeddelanden\/klimat\/greenpeace-och-natur-och-ungdom-vinner-klimatrattsfall-mot-norska-staten\/\" target=\"_blank\" rel=\"noreferrer noopener\">vi vann ett klimatr\u00e4ttsfall mot den norska staten<\/a>. Tingsr\u00e4tten i Oslo ogiltigf\u00f6rklarade godk\u00e4nnandet av tre oljef\u00e4lt, vilket inneb\u00e4r att de enorma m\u00e4ngder koldioxid som skulle ha sl\u00e4ppts ut fr\u00e5n oljeutvinningen nu kan f\u00e5 stanna kvar i marken. Trots att staten \u00f6verklagade domen, bekr\u00e4ftade H\u00f6gsta domstolen nyligen tingsr\u00e4ttens beslut att produktionen och utbyggnaden av oljef\u00e4lten m\u00e5ste stoppas s\u00e5 l\u00e4nge r\u00e4ttsprocessen p\u00e5g\u00e5r. Ytterligare en viktig delseger som visar att oljeindustrin inte st\u00e5r \u00f6ver lagen!<\/p>\n\n<h3 class=\"wp-block-heading\">Koordinering av gr\u00f6na projekt &#8211; ADMINISTRATION 2 %<\/h3>\n\n<figure class=\"wp-block-image size-large\"><img loading=\"lazy\" decoding=\"async\" width=\"1024\" height=\"683\" src=\"https:\/\/www.greenpeace.org\/static\/planet4-sweden-stateless\/2025\/05\/52f307ac-gp0su131f-1024x683.jpg\" alt=\"\" class=\"wp-image-63209\" srcset=\"https:\/\/www.greenpeace.org\/static\/planet4-sweden-stateless\/2025\/05\/52f307ac-gp0su131f-1024x683.jpg 1024w, https:\/\/www.greenpeace.org\/static\/planet4-sweden-stateless\/2025\/05\/52f307ac-gp0su131f-300x200.jpg 300w, https:\/\/www.greenpeace.org\/static\/planet4-sweden-stateless\/2025\/05\/52f307ac-gp0su131f-768x512.jpg 768w, https:\/\/www.greenpeace.org\/static\/planet4-sweden-stateless\/2025\/05\/52f307ac-gp0su131f-510x340.jpg 510w, https:\/\/www.greenpeace.org\/static\/planet4-sweden-stateless\/2025\/05\/52f307ac-gp0su131f.jpg 1200w\" sizes=\"auto, (max-width: 1024px) 100vw, 1024px\" \/><figcaption><div class=\"credit icon-left\"> \u00a9 Pedro Armestre \/ Greenpeace<\/div><\/figcaption><\/figure>\n\n<p>Greenpeace har m\u00e5nga volont\u00e4rer och aktivister samt globala, regionala, nationella och lokala projekt. Vi anv\u00e4nder en mindre andel av v\u00e5ra int\u00e4kter f\u00f6r att koordinera projekten och s\u00e4kerst\u00e4lla effektiv administration.<\/p>\n\n<p>Greenpeace har ett 90-konto (en kvalitetsst\u00e4mpel p\u00e5 att g\u00e5vor anv\u00e4nds p\u00e5 r\u00e4tt s\u00e4tt) och h\u00e5ller sig alltid inom ramarna f\u00f6r Svensk Insamlingskontrolls regler, det vill s\u00e4ga att h\u00f6gst 25 % f\u00e5r g\u00e5 till administration och insamling, och minst 75 % g\u00e5r till kampanjarbete.<\/p>\n\n<h3 class=\"wp-block-heading\">Hj\u00e4lpt unga att agera &#8211; MOBILISERING 9 %<\/h3>\n\n<figure class=\"wp-block-image\"><img loading=\"lazy\" decoding=\"async\" width=\"1200\" height=\"735\" src=\"https:\/\/www.greenpeace.org\/static\/planet4-sweden-stateless\/2025\/05\/c25cf4e1-gp0su34m0.jpg\" alt=\"\" class=\"wp-image-63214\" srcset=\"https:\/\/www.greenpeace.org\/static\/planet4-sweden-stateless\/2025\/05\/c25cf4e1-gp0su34m0.jpg 1200w, https:\/\/www.greenpeace.org\/static\/planet4-sweden-stateless\/2025\/05\/c25cf4e1-gp0su34m0-300x184.jpg 300w, https:\/\/www.greenpeace.org\/static\/planet4-sweden-stateless\/2025\/05\/c25cf4e1-gp0su34m0-1024x627.jpg 1024w, https:\/\/www.greenpeace.org\/static\/planet4-sweden-stateless\/2025\/05\/c25cf4e1-gp0su34m0-768x470.jpg 768w, https:\/\/www.greenpeace.org\/static\/planet4-sweden-stateless\/2025\/05\/c25cf4e1-gp0su34m0-510x312.jpg 510w\" sizes=\"auto, (max-width: 1200px) 100vw, 1200px\" \/><figcaption><div class=\"credit icon-left\"> \u00a9  Magsman Media \/ Greenpeace<\/div><\/figcaption><\/figure>\n\n<p>F\u00f6r att s\u00e4kra en gr\u00f6nare framtid \u00e4r det viktigt att vi st\u00e5r samman som en stor, gr\u00f6n r\u00f6relse. Greenpeace har utbildat tusentals unga v\u00e4rlden \u00f6ver i fredlig civil olydnad och kampanjarbete.<\/p>\n\n<h3 class=\"wp-block-heading\">Vi fick den gr\u00f6na r\u00f6relsen att v\u00e4xa &#8211; INFORMATIONSSPRIDNING OCH INSAMLING 20%<\/h3>\n\n<figure class=\"wp-block-image size-full\"><img loading=\"lazy\" decoding=\"async\" width=\"1024\" height=\"726\" src=\"https:\/\/www.greenpeace.org\/static\/planet4-sweden-stateless\/2023\/12\/a1a00def-rasmusstills_001-1024x726-1.jpg\" alt=\"\" class=\"wp-image-58660\" srcset=\"https:\/\/www.greenpeace.org\/static\/planet4-sweden-stateless\/2023\/12\/a1a00def-rasmusstills_001-1024x726-1.jpg 1024w, https:\/\/www.greenpeace.org\/static\/planet4-sweden-stateless\/2023\/12\/a1a00def-rasmusstills_001-1024x726-1-300x213.jpg 300w, https:\/\/www.greenpeace.org\/static\/planet4-sweden-stateless\/2023\/12\/a1a00def-rasmusstills_001-1024x726-1-768x545.jpg 768w, https:\/\/www.greenpeace.org\/static\/planet4-sweden-stateless\/2023\/12\/a1a00def-rasmusstills_001-1024x726-1-480x340.jpg 480w\" sizes=\"auto, (max-width: 1024px) 100vw, 1024px\" \/><\/figure>\n\n<p>F\u00f6r varje krona som vi investerar i informationsspridning och insamling f\u00e5r vi 4 kronor tillbaka till arbetet f\u00f6r en gr\u00f6nare framtid p\u00e5 v\u00e5r \u00e4lskade planet. Greenpeace investerar i att informera om klimatkrisen och f\u00f6rlusten av biologisk m\u00e5ngfald, och f\u00f6rs\u00f6ker f\u00e5 fler att engagera sig f\u00f6r naturen och klimatet.<\/p>\n","protected":false},"excerpt":{"rendered":"<p>St\u00f6det fr\u00e5n mer \u00e4n 100.000 milj\u00f6k\u00e4mpar i Norden \u00e4r det som har gjort stor skillnad f\u00f6r otroliga livsmilj\u00f6er och arter v\u00e4rlden \u00f6ver som annars hade kunnat g\u00e5 f\u00f6rlorade. Tusen tack&hellip;<\/p>\n","protected":false},"author":34,"featured_media":63236,"comment_status":"closed","ping_status":"closed","sticky":false,"template":"","format":"standard","meta":{"ep_exclude_from_search":false,"p4_og_title":"","p4_og_description":"","p4_og_image":"","p4_og_image_id":"","p4_seo_canonical_url":"","p4_campaign_name":"","p4_local_project":"","p4_basket_name":"","p4_department":"","footnotes":""},"categories":[1],"tags":[13],"p4-page-type":[16],"class_list":["post-63035","post","type-post","status-publish","format-standard","has-post-thumbnail","hentry","category-greenpeace","tag-omgreenpeace","p4-page-type-artiklar"],"_links":{"self":[{"href":"https:\/\/www.greenpeace.org\/sweden\/wp-json\/wp\/v2\/posts\/63035","targetHints":{"allow":["GET"]}}],"collection":[{"href":"https:\/\/www.greenpeace.org\/sweden\/wp-json\/wp\/v2\/posts"}],"about":[{"href":"https:\/\/www.greenpeace.org\/sweden\/wp-json\/wp\/v2\/types\/post"}],"author":[{"embeddable":true,"href":"https:\/\/www.greenpeace.org\/sweden\/wp-json\/wp\/v2\/users\/34"}],"replies":[{"embeddable":true,"href":"https:\/\/www.greenpeace.org\/sweden\/wp-json\/wp\/v2\/comments?post=63035"}],"version-history":[{"count":20,"href":"https:\/\/www.greenpeace.org\/sweden\/wp-json\/wp\/v2\/posts\/63035\/revisions"}],"predecessor-version":[{"id":63940,"href":"https:\/\/www.greenpeace.org\/sweden\/wp-json\/wp\/v2\/posts\/63035\/revisions\/63940"}],"wp:featuredmedia":[{"embeddable":true,"href":"https:\/\/www.greenpeace.org\/sweden\/wp-json\/wp\/v2\/media\/63236"}],"wp:attachment":[{"href":"https:\/\/www.greenpeace.org\/sweden\/wp-json\/wp\/v2\/media?parent=63035"}],"wp:term":[{"taxonomy":"category","embeddable":true,"href":"https:\/\/www.greenpeace.org\/sweden\/wp-json\/wp\/v2\/categories?post=63035"},{"taxonomy":"post_tag","embeddable":true,"href":"https:\/\/www.greenpeace.org\/sweden\/wp-json\/wp\/v2\/tags?post=63035"},{"taxonomy":"p4-page-type","embeddable":true,"href":"https:\/\/www.greenpeace.org\/sweden\/wp-json\/wp\/v2\/p4-page-type?post=63035"}],"curies":[{"name":"wp","href":"https:\/\/api.w.org\/{rel}","templated":true}]}}