{"id":6393,"date":"2020-03-27T09:30:51","date_gmt":"2020-03-27T08:30:51","guid":{"rendered":"https:\/\/www.greenpeace.org\/sweden\/?p=6393"},"modified":"2024-08-26T14:30:02","modified_gmt":"2024-08-26T13:30:02","slug":"miljarderna-bor-ga-till-att-rusta-manniskor-for-framtiden-och-hjalpa-oss-i-samhallsomstallningen","status":"publish","type":"post","link":"https:\/\/www.greenpeace.org\/sweden\/pressmeddelanden\/klimat\/miljarderna-bor-ga-till-att-rusta-manniskor-for-framtiden-och-hjalpa-oss-i-samhallsomstallningen\/","title":{"rendered":"Miljarderna b\u00f6r g\u00e5 till att rusta m\u00e4nniskor f\u00f6r framtiden och hj\u00e4lpa oss i samh\u00e4llsomst\u00e4llningen"},"content":{"rendered":"\n<figure class=\"wp-block-image size-large  caption-style-blue-overlay caption-alignment-center\"><img loading=\"lazy\" decoding=\"async\" width=\"1080\" height=\"1080\" src=\"https:\/\/www.greenpeace.org\/static\/planet4-sweden-stateless\/2020\/03\/7c545ab9-greenpeacesverige_90088162_211065106668584_758863072833546595_n.jpg\" alt=\"\" class=\"wp-image-6236\"\/><\/figure>\n\n<p><strong>Till f\u00f6ljd av Coronaviruset spridning i samh\u00e4llet blir nu ekonomin kraftigt p\u00e5verkad. Stora samh\u00e4llsanstr\u00e4ngningar g\u00f6rs f\u00f6r att begr\u00e4nsa de ekonomiska f\u00f6ljdverkningarna. Med r\u00e4tt stimulans\u00e5tg\u00e4rder har vi en unik m\u00f6jlighet att styra bort fr\u00e5n coronakrisen och ocks\u00e5 p\u00e5b\u00f6rja den mer genomgripande f\u00f6r\u00e4ndring som kr\u00e4vs f\u00f6r att trygga framtiden p\u00e5 planeten.&nbsp;<\/strong><\/p>\n\n<p><a href=\"https:\/\/www.altinget.se\/miljo\/artikel\/greenpeace-miljarderna-bor-gaa-till-samhallsomstallningen#.XnxnbUvrV24.twitter\">Detta \u00e4r en debattartikel som publicerats p\u00e5 Altinget och kan ocks\u00e5 l\u00e4sas d\u00e4r via denna l\u00e4nk<\/a><\/p>\n\n<p>V\u00e4rlden \u00e4r mitt uppe i en pandemi som g\u00f6r att regeringar och parlament vidtar s\u00e4llan sk\u00e5dade \u00e5tg\u00e4rder f\u00f6r att f\u00f6rhindra spridningen av virussmittan och st\u00f6tta ekonomin. V\u00e4rldsledarna konstaterar genom sitt agerande att naturkrafter inte g\u00e5r att f\u00f6rhandla med och att vi m\u00e5ste agera i enlighet med vad situationen kr\u00e4ver. De s\u00e4ger att vi m\u00e5ste lyssna till experterna och att de storskaliga kraft\u00e5tg\u00e4rder som nu vidtas \u00e4r i linje med forskares och myndigheters rekommendationer.<\/p>\n\n<p>Samtidigt som coronaviruset f\u00f6rs\u00e4tter v\u00e5ra samh\u00e4llen i en extrem situation, befinner vi oss ocks\u00e5 i flera parallella kriser &#8211; klimatkrisen, massutrotning av arter, utarmning av matjorden. De kom inte lika pl\u00f6tsligt och \u00e4r inte riktigt lika n\u00e4ra och k\u00e4nnbara h\u00e4r j\u00e4mf\u00f6rt med i m\u00e5nga andra delar av v\u00e4rlden, men de \u00e4r ocks\u00e5 akuta.<\/p>\n\n<p>Det \u00e4r viktigt att vi hanterar den \u00f6verh\u00e4ngande coronakrisen f\u00f6r att s\u00e4kra m\u00e4nniskors v\u00e4lm\u00e5ende, f\u00f6rs\u00f6rjning och trygghet i stunden men det \u00e4r ocks\u00e5 centralt att vi hanterar den skenande klimatkrisen, f\u00f6r att kunna s\u00e4kra v\u00e5r v\u00e4lf\u00e4rd i l\u00e4ngden. N\u00e4r smittspridningen mattats av, b\u00f6rserna b\u00f6rjat v\u00e4nda upp\u00e5t och f\u00f6retag \u00e5ter gasar p\u00e5 mot framtiden \u00e4r det viktigt att vi anv\u00e4nder samh\u00e4llets resurser f\u00f6r att skapa ett l\u00e5ngsiktig ekologiskt och ekonomiskt h\u00e5llbart samh\u00e4lle. Vi beh\u00f6ver ett storskalig omst\u00e4llning inom samh\u00e4llets alla sektorer f\u00f6r att trygga m\u00e4nniskors s\u00e4kerhet, v\u00e4lm\u00e5ende, jobb och de ekosystem vi \u00e4r en del av.<\/p>\n\n<p>Vi har varken r\u00e5d eller tid att g\u00f6ra om samma misstag som under finanskrisen 2008, d\u00e4r m\u00e4nniskor f\u00f6rlorade sina jobb, tvingades i konkurs, fick l\u00e4mna hus och hem samtidigt som man fortsatte trycka gasen i botten f\u00f6r fossilekonomin. M\u00e4nniskor, klimat och milj\u00f6 fick betala priset.&nbsp;<\/p>\n\n<p>Samh\u00e4llets resurser kommer att beh\u00f6vas f\u00f6r att skapa nya arbetstillf\u00e4llen eller f\u00f6rbereda m\u00e4nniskor p\u00e5 nya anst\u00e4llningsm\u00f6jligheter och d\u00e5 m\u00e5ste vi ta tillf\u00e4llet i akt och gynna de h\u00e5llbara samh\u00e4llsektorer som har en framtid. De statliga st\u00f6d som kommer i efterdyningarna av coronakrisen b\u00f6r g\u00e5 till infrastruktursatsningar som fasar ut anv\u00e4ndningen av fossil energi, omst\u00e4llningsmedel som s\u00e4krar klimatkompetens, f\u00f6r klimatomst\u00e4llning kommer de flesta av oss att beh\u00f6va arbeta med p\u00e5 ett eller annat s\u00e4tt.<\/p>\n\n<p><strong>Coronasituationen visar att det \u00e4r fullt m\u00f6jligt att agera kraftfullt i linje med rekommendationer fr\u00e5n experter och forskare och s\u00e4tta in omfattande \u00e5tg\u00e4rder i hela samh\u00e4llet n\u00e4r det kr\u00e4vs.<\/strong><\/p>\n\n<p>N\u00e4r vi nu st\u00e5r inf\u00f6r st\u00f6rre behov av statsinvesteringar \u00e4n p\u00e5 v\u00e4ldigt l\u00e4nge har regering och riksdag ocks\u00e5 en unik m\u00f6jlighet att ta till samh\u00e4llsbyggande \u00e5tg\u00e4rder f\u00f6r att st\u00e4vja den ekonomiska krisen: En m\u00f6jlighet att anv\u00e4nda v\u00e5ra resurser f\u00f6r att staka ut en ny v\u00e4g fram\u00e5t, bort fr\u00e5n fossilekonomin som inte l\u00e4ngre tj\u00e4nar oss. Miljarderna b\u00f6r g\u00e5 till att rusta m\u00e4nniskor f\u00f6r framtiden, rena framtidsindustrier som skapar l\u00e5ngsiktiga jobb, h\u00e5llbar infrastruktur, forskning och utbildning som hj\u00e4lper oss i samh\u00e4llsomst\u00e4llningen. Kalla det green new deal, l\u00e5ngsiktigt sund finanspolitik, en ekonomi inom planetens gr\u00e4nser eller en uppdaterad version av den svenska modellen.<\/p>\n\n<p><strong>Fotnot<\/strong>: Sedan debattartikeln skrevs har Greenpeace startat en namninsamling f\u00f6r klimatomst\u00e4llning i stimulanspaketen. <a href=\"https:\/\/www.greenpeace.org\/sweden\/agera\/covid-19\/\">Skriv under du med!<\/a><br><\/p>\n","protected":false},"excerpt":{"rendered":"<p>Till f\u00f6ljd av Coronaviruset spridning i samh\u00e4llet blir nu ekonomin kraftigt p\u00e5verkad. Stora samh\u00e4llsanstr\u00e4ngningar g\u00f6rs f\u00f6r att begr\u00e4nsa de ekonomiska f\u00f6ljdverkningarna. Med r\u00e4tt stimulans\u00e5tg\u00e4rder har vi en unik m\u00f6jlighet att&hellip;<\/p>\n","protected":false},"author":38,"featured_media":6236,"comment_status":"closed","ping_status":"open","sticky":false,"template":"","format":"standard","meta":{"ep_exclude_from_search":false,"p4_og_title":"","p4_og_description":"","p4_og_image":"","p4_og_image_id":"","p4_seo_canonical_url":"","p4_campaign_name":"not set","p4_local_project":"","p4_basket_name":"not set","p4_department":"","footnotes":""},"categories":[2],"tags":[23,25,55],"p4-page-type":[14],"class_list":["post-6393","post","type-post","status-publish","format-standard","has-post-thumbnail","hentry","category-klimat","tag-globaluppvarmning","tag-hallbarenergi","tag-systemomstallning","p4-page-type-pressmeddelanden"],"_links":{"self":[{"href":"https:\/\/www.greenpeace.org\/sweden\/wp-json\/wp\/v2\/posts\/6393","targetHints":{"allow":["GET"]}}],"collection":[{"href":"https:\/\/www.greenpeace.org\/sweden\/wp-json\/wp\/v2\/posts"}],"about":[{"href":"https:\/\/www.greenpeace.org\/sweden\/wp-json\/wp\/v2\/types\/post"}],"author":[{"embeddable":true,"href":"https:\/\/www.greenpeace.org\/sweden\/wp-json\/wp\/v2\/users\/38"}],"replies":[{"embeddable":true,"href":"https:\/\/www.greenpeace.org\/sweden\/wp-json\/wp\/v2\/comments?post=6393"}],"version-history":[{"count":5,"href":"https:\/\/www.greenpeace.org\/sweden\/wp-json\/wp\/v2\/posts\/6393\/revisions"}],"predecessor-version":[{"id":6497,"href":"https:\/\/www.greenpeace.org\/sweden\/wp-json\/wp\/v2\/posts\/6393\/revisions\/6497"}],"wp:featuredmedia":[{"embeddable":true,"href":"https:\/\/www.greenpeace.org\/sweden\/wp-json\/wp\/v2\/media\/6236"}],"wp:attachment":[{"href":"https:\/\/www.greenpeace.org\/sweden\/wp-json\/wp\/v2\/media?parent=6393"}],"wp:term":[{"taxonomy":"category","embeddable":true,"href":"https:\/\/www.greenpeace.org\/sweden\/wp-json\/wp\/v2\/categories?post=6393"},{"taxonomy":"post_tag","embeddable":true,"href":"https:\/\/www.greenpeace.org\/sweden\/wp-json\/wp\/v2\/tags?post=6393"},{"taxonomy":"p4-page-type","embeddable":true,"href":"https:\/\/www.greenpeace.org\/sweden\/wp-json\/wp\/v2\/p4-page-type?post=6393"}],"curies":[{"name":"wp","href":"https:\/\/api.w.org\/{rel}","templated":true}]}}