{"id":64195,"date":"2025-08-21T14:53:58","date_gmt":"2025-08-21T13:53:58","guid":{"rendered":"https:\/\/www.greenpeace.org\/sweden\/?p=64195"},"modified":"2025-08-27T14:04:53","modified_gmt":"2025-08-27T13:04:53","slug":"greenpeace-kommentarer-angaende-ny-karnkraft-i-sverige","status":"publish","type":"post","link":"https:\/\/www.greenpeace.org\/sweden\/pressmeddelanden\/klimat\/greenpeace-kommentarer-angaende-ny-karnkraft-i-sverige\/","title":{"rendered":"Greenpeace kommentarer ang\u00e5ende ny k\u00e4rnkraft i Sverige"},"content":{"rendered":"\n<figure class=\"wp-block-image size-full\"><img loading=\"lazy\" decoding=\"async\" width=\"750\" height=\"455\" src=\"https:\/\/www.greenpeace.org\/static\/planet4-sweden-stateless\/2025\/08\/30f8ed9f-konsekvenser.jpg\" alt=\"\" class=\"wp-image-64196\" srcset=\"https:\/\/www.greenpeace.org\/static\/planet4-sweden-stateless\/2025\/08\/30f8ed9f-konsekvenser.jpg 750w, https:\/\/www.greenpeace.org\/static\/planet4-sweden-stateless\/2025\/08\/30f8ed9f-konsekvenser-300x182.jpg 300w, https:\/\/www.greenpeace.org\/static\/planet4-sweden-stateless\/2025\/08\/30f8ed9f-konsekvenser-510x309.jpg 510w\" sizes=\"auto, (max-width: 750px) 100vw, 750px\" \/><\/figure>\n\n<p>Idag presenterade Regeringen, Sverigedemokraterna och statliga Vattenfall planer p\u00e5 ny k\u00e4rnkraft i Sverige. Dagens presstr\u00e4ff visar hur oerh\u00f6rt diffusa regeringens k\u00e4rnkraftsplaner fortfarande \u00e4r. Konkret tidslinje och budget saknas och det finns inget tillst\u00e5nd.<\/p>\n\n<p>\u2013 Inf\u00f6r f\u00f6rra riksdagsvalet f\u00f6rs\u00f6kte Tid\u00f6partierna lura svenska folket att ny k\u00e4rnkraft skulle leda till billig och bra el. Alla seri\u00f6sa granskningar av regeringens planer har dock slagit fast att ekvationen inte g\u00e5r ihop. Ny k\u00e4rnkraft kommer kr\u00e4va de st\u00f6rsta statliga subventionerna i Sveriges historia, den kommer \u00f6ka utsl\u00e4ppen och f\u00f6rsena industrins elektrifiering. Det blir allts\u00e5 dyrare, l\u00e5ngsammare och s\u00e4mre f\u00f6r klimatet \u00e4n om vi skulle satsa p\u00e5 f\u00f6rnybart ist\u00e4llet f\u00f6r k\u00e4rnkraft. Det vi sett idag \u00e4r en desperat regering som sl\u00e4ppt allt samh\u00e4llsansvar f\u00f6r att inte beh\u00f6va svika sitt h\u00f6ftskott till vall\u00f6fte, s\u00e4ger <strong>Rolf Lindahl, kampanjledare p\u00e5 Greenpeace<\/strong><\/p>\n\n<p>Presstr\u00e4ffen gav f\u00e5 konkreta svar mer \u00e4n att Tid\u00f6regeringen fortfarande \u00e4r \u00f6vertygade k\u00e4rnkraftsanh\u00e4ngare.<\/p>\n\n<p>\u2013 Dagens presstr\u00e4ff visar hur oerh\u00f6rt diffusa regeringens k\u00e4rnkraftsplaner fortfarande \u00e4r. Konkret tidslinje och budget saknas och det finns inget tillst\u00e5nd. Det enda som finns \u00e4r helt ogrundade p\u00e5st\u00e5enden kring att vi m\u00e5ste ha en massa k\u00e4rnkraft. Regeringen m\u00e5ste tala klarspr\u00e5k om kostnaderna och tidsperspektiven. Hur m\u00e5nga generationer svenskar ska skulds\u00e4ttas f\u00f6r regeringens besatthet av ny k\u00e4rnkraft, s\u00e4ger <strong>Rolf Lindahl<\/strong><\/p>\n\n<p>Det som var nytt under presstr\u00e4ffen var att Vattenfall beslutat g\u00e5 vidare med s\u00e5 kallade sm\u00e5 modul\u00e4ra reaktorer (SMR) och att man tittar p\u00e5 tv\u00e5 leverant\u00f6rer av dessa.<\/p>\n\n<p>\u2013 Sm\u00e5 reaktorer \u00e4r ju bara lite mindre \u00e4n stora, allts\u00e5 de har mindre effekt. De kommer inte med n\u00e5gra magiska l\u00f6sningar f\u00f6r slutf\u00f6rvaret eller vad g\u00e4ller tidsaspekten och de totala kostnaderna \u00e4r fortfarande enorma. Dagens presstr\u00e4ff var ett luftslott d\u00e4r varken Tid\u00f6partierna eller Vattenfall kunde ge n\u00e5gra konkreta besked p\u00e5 om det blir n\u00e5gon ny k\u00e4rnkraft och hur mycket det kommer att kosta, s\u00e4ger <strong>Rolf Lindahl<\/strong><\/p>\n\n<p>Dagens vaga besked fr\u00e5n Tid\u00f6partierna beh\u00f6ver nu f\u00f6ljas upp fr\u00e5n oppositionen som m\u00e5ste markera mot planerna f\u00f6r att svenska elkonsumenter inte ska l\u00e5sas fast vid dyr k\u00e4rnkraft i flera decennier.<\/p>\n\n<p><strong>Kontakt:<\/strong><\/p>\n\n<p>Rolf Lindahl<br>rolf.lindahl@greenpeace.org<br>+46 (0)70 397 58 70<\/p>\n\n<p><\/p>\n","protected":false},"excerpt":{"rendered":"<p>Greenpeace ang ny k\u00e4rnkraft i Sverige 21.8.2025 15:28:11 |\u00a0Greenpeace\u00a0| PressmeddelandeIdag presenterade Regeringen, Sverigedemokraterna och statliga Vattenfall planer p\u00e5 ny k\u00e4rnkraft i Sverige. Greenpeace menar att dagens presstr\u00e4ff visar hur oerh\u00f6rt diffusa\u2026<\/p>\n","protected":false},"author":34,"featured_media":64196,"comment_status":"closed","ping_status":"closed","sticky":false,"template":"","format":"standard","meta":{"ep_exclude_from_search":false,"p4_og_title":"","p4_og_description":"","p4_og_image":"","p4_og_image_id":"","p4_seo_canonical_url":"","p4_campaign_name":"","p4_local_project":"","p4_basket_name":"","p4_department":"","footnotes":""},"categories":[45,2],"tags":[26,25,53],"p4-page-type":[14],"class_list":["post-64195","post","type-post","status-publish","format-standard","has-post-thumbnail","hentry","category-energi","category-klimat","tag-atomkraft","tag-hallbarenergi","tag-svenskpolitik","p4-page-type-pressmeddelanden"],"_links":{"self":[{"href":"https:\/\/www.greenpeace.org\/sweden\/wp-json\/wp\/v2\/posts\/64195","targetHints":{"allow":["GET"]}}],"collection":[{"href":"https:\/\/www.greenpeace.org\/sweden\/wp-json\/wp\/v2\/posts"}],"about":[{"href":"https:\/\/www.greenpeace.org\/sweden\/wp-json\/wp\/v2\/types\/post"}],"author":[{"embeddable":true,"href":"https:\/\/www.greenpeace.org\/sweden\/wp-json\/wp\/v2\/users\/34"}],"replies":[{"embeddable":true,"href":"https:\/\/www.greenpeace.org\/sweden\/wp-json\/wp\/v2\/comments?post=64195"}],"version-history":[{"count":3,"href":"https:\/\/www.greenpeace.org\/sweden\/wp-json\/wp\/v2\/posts\/64195\/revisions"}],"predecessor-version":[{"id":64307,"href":"https:\/\/www.greenpeace.org\/sweden\/wp-json\/wp\/v2\/posts\/64195\/revisions\/64307"}],"wp:featuredmedia":[{"embeddable":true,"href":"https:\/\/www.greenpeace.org\/sweden\/wp-json\/wp\/v2\/media\/64196"}],"wp:attachment":[{"href":"https:\/\/www.greenpeace.org\/sweden\/wp-json\/wp\/v2\/media?parent=64195"}],"wp:term":[{"taxonomy":"category","embeddable":true,"href":"https:\/\/www.greenpeace.org\/sweden\/wp-json\/wp\/v2\/categories?post=64195"},{"taxonomy":"post_tag","embeddable":true,"href":"https:\/\/www.greenpeace.org\/sweden\/wp-json\/wp\/v2\/tags?post=64195"},{"taxonomy":"p4-page-type","embeddable":true,"href":"https:\/\/www.greenpeace.org\/sweden\/wp-json\/wp\/v2\/p4-page-type?post=64195"}],"curies":[{"name":"wp","href":"https:\/\/api.w.org\/{rel}","templated":true}]}}