{"id":65073,"date":"2025-04-01T13:31:00","date_gmt":"2025-04-01T12:31:00","guid":{"rendered":"https:\/\/www.greenpeace.org\/sweden\/?p=65073"},"modified":"2025-10-28T13:34:34","modified_gmt":"2025-10-28T12:34:34","slug":"sca-maste-borja-respektera-urfolks-rattigheter","status":"publish","type":"post","link":"https:\/\/www.greenpeace.org\/sweden\/artiklar\/skog\/sca-maste-borja-respektera-urfolks-rattigheter\/","title":{"rendered":"SCA m\u00e5ste b\u00f6rja respektera urfolks r\u00e4ttigheter"},"content":{"rendered":"\n<p><strong>Samer \u00e4r Europas enda erk\u00e4nda urfolk<\/strong> och en minoritet i Sverige. Deras r\u00e4ttigheter har ett omfattande skydd och enligt Sveriges grundlag ska det samiska folkets m\u00f6jligheter att beh\u00e5lla och utveckla sin kultur <em>fr\u00e4mjas<\/em>.<\/p>\n\n<h2 class=\"wp-block-heading\">Markerna i S\u00e1pmi: Kulturell livsnerv och ekologisk trygghet<\/h2>\n\n<figure class=\"wp-block-image size-large\"><img loading=\"lazy\" decoding=\"async\" width=\"1024\" height=\"683\" src=\"https:\/\/www.greenpeace.org\/static\/planet4-sweden-stateless\/2025\/10\/6f517c0a-gp0su43vi_pressmedia-2500px-1-1024x683.jpg\" alt=\"\" class=\"wp-image-65079\" srcset=\"https:\/\/www.greenpeace.org\/static\/planet4-sweden-stateless\/2025\/10\/6f517c0a-gp0su43vi_pressmedia-2500px-1-1024x683.jpg 1024w, https:\/\/www.greenpeace.org\/static\/planet4-sweden-stateless\/2025\/10\/6f517c0a-gp0su43vi_pressmedia-2500px-1-300x200.jpg 300w, https:\/\/www.greenpeace.org\/static\/planet4-sweden-stateless\/2025\/10\/6f517c0a-gp0su43vi_pressmedia-2500px-1-768x512.jpg 768w, https:\/\/www.greenpeace.org\/static\/planet4-sweden-stateless\/2025\/10\/6f517c0a-gp0su43vi_pressmedia-2500px-1-1536x1024.jpg 1536w, https:\/\/www.greenpeace.org\/static\/planet4-sweden-stateless\/2025\/10\/6f517c0a-gp0su43vi_pressmedia-2500px-1-2048x1366.jpg 2048w, https:\/\/www.greenpeace.org\/static\/planet4-sweden-stateless\/2025\/10\/6f517c0a-gp0su43vi_pressmedia-2500px-1-510x340.jpg 510w\" sizes=\"auto, (max-width: 1024px) 100vw, 1024px\" \/><figcaption class=\"wp-element-caption\">Renskiljning i Ohredahke sameby. <div class=\"credit icon-left\"> \u00a9 Christian \u00c5slund \/ Greenpeace<\/div><\/figcaption><\/figure>\n\n<p><strong>I samisk kultur \u00e4r markerna och relationen till dem helt centrala.<\/strong> Markerna i S\u00e1pmi \u00e4r knutna till samisk historia, identitet, andlighet och v\u00e4rldsbild. \u00c4ven till samiska traditionella n\u00e4ringar som jakt, fiske, rensk\u00f6tsel och duodjie (samisk sl\u00f6jd).<\/p>\n\n<p>Intakta marker \u00e4r d\u00e4rf\u00f6r ocks\u00e5 nyckeln till att kunna f\u00f6ra samiska traditioner vidare till kommande generationer och att utveckla den samiska kulturen p\u00e5 det s\u00e4tt som samerna sj\u00e4lva \u00f6nskar. <\/p>\n\n<p>Men att vi kan beh\u00e5lla rika levande ekosystem \u00e4r inte bara avg\u00f6rande f\u00f6r den samiska kulturen. Samma marker reglerar ocks\u00e5 klimatet, hyser rik biologisk m\u00e5ngfald och avg\u00f6r om v\u00e5ra samh\u00e4llen har tillg\u00e5ng till rent vatten, ren luft och jordar att odla mat p\u00e5. Att de h\u00e5lls friska och levande utg\u00f6r <strong>en avg\u00f6rande trygghet f\u00f6r alla m\u00e4nniskor<\/strong> och m\u00f6jligheterna att s\u00e4kra en framtid f\u00f6r kommande generationer.<\/p>\n\n<h2 class=\"wp-block-heading\">SCAs kalhyggesbruk trasar s\u00f6nder livsmilj\u00f6erna<\/h2>\n\n<p>Det oh\u00e5llbara och storskaliga kalhyggesbruk som svensk skogsindustri med SCA i spetsen bedriver inneb\u00e4r ett \u00e5terkommande intr\u00e5ng p\u00e5 samiska marker d\u00e4r det fullkomligt trasar s\u00f6nder skogslandskapet. <\/p>\n\n<p>F\u00f6r flera samebyar \u00e4r <strong>det storskaliga skogsbruket en huvudanledning<\/strong> till att situationen f\u00f6r den naturbetesbaserad rensk\u00f6tsel \u00e4r s\u00e5 allvarlig. N\u00e4r kalhyggesbruket ers\u00e4tter lavrika naturskogar som f\u00f6rs\u00f6rjer renen med mat och livsmilj\u00f6, med planterade och artfattiga tr\u00e4dbest\u00e5nd, skapar det en enorm p\u00e5frestning f\u00f6r renens livsvillkor. <\/p>\n\n<h3 class=\"wp-block-heading\">Contorta-plantagerna: Ett gift f\u00f6r renbetet<\/h3>\n\n<figure class=\"wp-block-image size-large\"><img loading=\"lazy\" decoding=\"async\" width=\"1024\" height=\"683\" src=\"https:\/\/www.greenpeace.org\/static\/planet4-sweden-stateless\/2025\/10\/16c363ef-gp0sts0gg_pressmedia-2500px-1024x683.jpg\" alt=\"\" class=\"wp-image-65083\" srcset=\"https:\/\/www.greenpeace.org\/static\/planet4-sweden-stateless\/2025\/10\/16c363ef-gp0sts0gg_pressmedia-2500px-1024x683.jpg 1024w, https:\/\/www.greenpeace.org\/static\/planet4-sweden-stateless\/2025\/10\/16c363ef-gp0sts0gg_pressmedia-2500px-300x200.jpg 300w, https:\/\/www.greenpeace.org\/static\/planet4-sweden-stateless\/2025\/10\/16c363ef-gp0sts0gg_pressmedia-2500px-768x512.jpg 768w, https:\/\/www.greenpeace.org\/static\/planet4-sweden-stateless\/2025\/10\/16c363ef-gp0sts0gg_pressmedia-2500px-1536x1024.jpg 1536w, https:\/\/www.greenpeace.org\/static\/planet4-sweden-stateless\/2025\/10\/16c363ef-gp0sts0gg_pressmedia-2500px-2048x1366.jpg 2048w, https:\/\/www.greenpeace.org\/static\/planet4-sweden-stateless\/2025\/10\/16c363ef-gp0sts0gg_pressmedia-2500px-510x340.jpg 510w\" sizes=\"auto, (max-width: 1024px) 100vw, 1024px\" \/><figcaption class=\"wp-element-caption\">SCA:s plantskola i Timr\u00e5 \u00e4r d\u00e4r SCA odlar den invasiva contortatallen (Pinus Contorta) innan den planteras ut i naturen, ofta som ers\u00e4ttning f\u00f6r naturliga skogar.<div class=\"credit icon-left\"> \u00a9 Christian \u00c5slund \/ Greenpeace<\/div><\/figcaption><\/figure>\n\n<p>I v\u00e4rsta fall planterar skogsbolagen efter en kalavverkning den fr\u00e4mmande och problematiska tallsorten contorta, som f\u00f6rst\u00f6r lavmarkerna och v\u00e4xer s\u00e5 t\u00e4tt att renarna och rensk\u00f6tare har sv\u00e5rt att ta sig igenom den.<\/p>\n\n<p><strong>Svenska Samernas Riksf\u00f6rbund har deklarerat en <a href=\"https:\/\/www.sapmi.se\/om-ssr\/policydokument\/skogspolicy\/\">nolltolerans<\/a><\/strong><a href=\"https:\/\/www.sapmi.se\/om-ssr\/policydokument\/skogspolicy\/\"> mot den fr\u00e4mmande arten inom rensk\u00f6tselomr\u00e5de<\/a>. SCA har planterat omkring h\u00e4lften av all contorta som finns i Sverige, och har idag contorta p\u00e5 300 000 hektar mark, vilket \u00e4r 15% av deras markinnehav. Trots tydlig samisk st\u00e5ndpunkt om nolltolerens och krav p\u00e5 avveckling v\u00e4ljer SCA att forts\u00e4tta plantera dessa invasiva tr\u00e4d.<strong> <\/strong><\/p>\n\n<p><a href=\"https:\/\/skyddaskogen.se\/motionerna-som-scas-bolagsledning-inte-vill-att-du-ska-se\/\">Vi kr\u00e4ver att contortaplantagerna avvecklas.<\/a><strong> <\/strong>Forskning visar att de lavrika marker som rensk\u00f6tseln \u00e4r beroende av <strong>minskat med 71% sedan 1950-talet.<\/strong> Ansvaret f\u00f6r att rensk\u00f6tare larmar om att renen, som \u00f6verlevt i dessa karga landskap i tusentals nu riskerar att sv\u00e4lta, vilar tungt p\u00e5 skogsindustrin och inte minst SCAs samvete.<\/p>\n\n<h2 class=\"wp-block-heading\">En oj\u00e4mlik maktbalans och ignorerade r\u00e4ttigheter<\/h2>\n\n<p>Grundl\u00e4ggande f\u00f6r att denna problematik har kunnat uppst\u00e5 handlar om den <strong>oj\u00e4mlika maktbalans som r\u00e5der mellan skogsbolag och samebyar.<\/strong> Trots att samebyar \u00e4r r\u00e4ttighetsinnehavare av rensk\u00f6tselr\u00e4tten och sedan urminnes tider levt av markerna p\u00e5 ett h\u00e5llbart s\u00e4tt i S\u00e1pmi, \u00e4r det i praktiken skogsbolag som SCA som s\u00e4tter premisserna f\u00f6r hur skogsbruket ska bedrivas. <\/p>\n\n<p>Det r\u00e5der parallella markr\u00e4ttigheter, men systemet \u00e4r riggat till skogsindustrins f\u00f6rdel och det utnyttjar SCA till max. L\u00e4s mer om denna verklighet i rapporten <a href=\"https:\/\/www.greenpeace.org\/static\/planet4-sweden-stateless\/2025\/03\/f8a29df4-kampen-om-renskogarna-greenpeace-och-renskog.pdf\">\u201cKampen om renskogarna\u201d<\/a> som Greenpeace och Renskog sl\u00e4ppte i v\u00e5ras.<strong> SCA pratar g\u00e4rna om samexistens, men agerar med ett maktmissbruk.<\/strong> Denna maktobalans utg\u00f6r en nutida forts\u00e4ttning av Sveriges koloniala \u00f6vergrepp i S\u00e1pmi.<\/p>\n\n<p>Det finns verktyg som st\u00e4rker urfolks inflytande under samr\u00e5d med skogsbolagen vilket ocks\u00e5 kan g\u00f6ra skogsbruket mer h\u00e5llbart och r\u00e4ttvist! Den internationellt erk\u00e4nda principen <strong><em>Fritt<\/em>, <em>P\u00e5 f\u00f6rhand <\/em>och <em>Informerat Samtycke<\/em> (FPIC)<\/strong> \u00e4r ett s\u00e5dant verktyg.<strong> <\/strong>Det inneb\u00e4r att <em>samtycke<\/em> kr\u00e4vs till en avverkning. Skogsj\u00e4tten SCA \u00e4r skyldig att f\u00f6lja principen &#8211;&nbsp; men som konflikten med Ohredahke sameby har visat &#8211; s\u00e5 <strong>ignorerar de den st\u00e4ndigt.<\/strong> &nbsp;<\/p>\n\n<h2 class=\"wp-block-heading\" id=\"video\"><strong>Fallstudie: SCAs \u00f6vergrepp mot Ohredahke sameby<\/strong><\/h2>\n\n<figure class=\"wp-block-embed is-type-video is-provider-youtube wp-block-embed-youtube wp-embed-aspect-16-9 wp-has-aspect-ratio\"><div class=\"wp-block-embed__wrapper\">\n<iframe loading=\"lazy\" title=\"St\u00e5r bakom Ohredahke sameby i sin kamp f\u00f6r skogarna och r\u00e4tt att ut\u00f6va traditionell rensk\u00f6tsel.\" width=\"500\" height=\"281\" src=\"https:\/\/www.youtube.com\/embed\/T6HZVBsMb6o?feature=oembed\" frameborder=\"0\" allow=\"accelerometer; autoplay; clipboard-write; encrypted-media; gyroscope; picture-in-picture; web-share\" referrerpolicy=\"strict-origin-when-cross-origin\" allowfullscreen><\/iframe>\n<\/div><\/figure>\n\n<p>Under v\u00e5ren uppm\u00e4rksammades SCAs h\u00e4nsynsl\u00f6sa agerande i Ohredahke sameby, som \u00e4r en av 51 samebyar p\u00e5 svenska sidan S\u00e1pmi. Deras marker str\u00e4cker sig fr\u00e5n kusten i Sundsvall till fj\u00e4llen och norska gr\u00e4nsen i J\u00e4mtland och SCA \u00e4r den st\u00f6rsta formella skogs\u00e4garen i Ohredahkes sameby.<\/p>\n\n<p>P\u00e5 bara 10 \u00e5r har <strong>kontinuitetsskogarna p\u00e5 samebyns marker minskat med en tredjedel.<\/strong> Kontinuitetsskogar \u00e4r skogar som aldrig tidigare kalavverkats och som d\u00e4rmed ofta \u00e4r extra viktiga f\u00f6r rensk\u00f6tseln, den biologiska m\u00e5ngfalden och klimatet.<\/p>\n\n<p>Analyser visar att om SCA forts\u00e4tter att avverka dessa skogar i dagens takt riskerar <strong>all gammal och naturlig skog utanf\u00f6r skyddade omr\u00e5den att vara borta om bara 20 \u00e5r<\/strong> i Ohredahke sameby (!). Det \u00e4r en tragedi och en enorm or\u00e4ttvisa som inte kan accepteras.<\/p>\n\n<h3 class=\"wp-block-heading\">Ohredahke drog i n\u00f6dbromsen \u2013 SCA k\u00f6rde \u00f6ver<\/h3>\n\n<figure class=\"wp-block-image size-full\"><img loading=\"lazy\" decoding=\"async\" width=\"800\" height=\"533\" src=\"https:\/\/www.greenpeace.org\/static\/planet4-sweden-stateless\/2025\/10\/7cbbe64e-greenpece-karolina-sca-skogsbruk-urfolk-gp0su4col_low-res-800px.jpg\" alt=\"\" class=\"wp-image-65048\" srcset=\"https:\/\/www.greenpeace.org\/static\/planet4-sweden-stateless\/2025\/10\/7cbbe64e-greenpece-karolina-sca-skogsbruk-urfolk-gp0su4col_low-res-800px.jpg 800w, https:\/\/www.greenpeace.org\/static\/planet4-sweden-stateless\/2025\/10\/7cbbe64e-greenpece-karolina-sca-skogsbruk-urfolk-gp0su4col_low-res-800px-300x200.jpg 300w, https:\/\/www.greenpeace.org\/static\/planet4-sweden-stateless\/2025\/10\/7cbbe64e-greenpece-karolina-sca-skogsbruk-urfolk-gp0su4col_low-res-800px-768x512.jpg 768w, https:\/\/www.greenpeace.org\/static\/planet4-sweden-stateless\/2025\/10\/7cbbe64e-greenpece-karolina-sca-skogsbruk-urfolk-gp0su4col_low-res-800px-510x340.jpg 510w\" sizes=\"auto, (max-width: 800px) 100vw, 800px\" \/><figcaption class=\"wp-element-caption\"> Greenpeace kampanjledare Karolina Carlsson framf\u00f6r en stoppad avverkningsmaskin d\u00e4r SCA avverkade utan att ha n\u00e5got samtycke fr\u00e5n samebyn.<div class=\"credit icon-left\"> \u00a9 Christian \u00c5slund \/ Greenpeace<\/div><\/figcaption><\/figure>\n\n<p>Upprepade \u00f6vertramp fr\u00e5n skogsbolaget SCA och m\u00e5nga \u00e5rs kamp f\u00f6r att bromsa f\u00f6rst\u00f6relsen p\u00e5 deras renbetesmarker utan geh\u00f6r, gjorde att Ohredahke sameby tillslut valde att dra i n\u00f6dbromsen.<\/p>\n\n<p>Informationen att SCA, trots deras skyldighet att f\u00f6rst f\u00e5 samtycke fr\u00e5n samebyn, hade <strong>avverkat \u00f6ver 2400 hektar skog i smyg<\/strong> var droppen som gjorde att <a href=\"https:\/\/www.greenpeace.org\/static\/planet4-sweden-stateless\/2025\/01\/848947d1-uttalande-till-sca-ohredahke-sameby.pdf\">Ohredahke sameby i b\u00f6rjan av 2025 \u00e5terkallade sitt samtycke<\/a> f\u00f6r avverkning p\u00e5 sina centrala renbetesmarker. De kr\u00e4vde ett tillf\u00e4lligt avverkningsstopp i deras viktigaste omr\u00e5den, tills en ordentlig dialog som adresserar den allvarliga helhetsproblematiken \u00e4ger rum och tills SCA faktiskt agerar f\u00f6r att f\u00f6rb\u00e4ttra Ohredahke samebys situation.<\/p>\n\n<h2 class=\"wp-block-heading\"><strong>Hur har SCA agerat och reagerat p\u00e5 kritiken?<\/strong><\/h2>\n\n<p>Det \u00e4r mycket som har h\u00e4nt sedan i v\u00e5ras, n\u00e4r Ohredahke \u00e5terkallade sitt samtycke, men en sak \u00e4r s\u00e4ker &#8211; n\u00e4r SCA s\u00e4ger att de tar urfolksr\u00e4ttigheter p\u00e5 stort allvar &#8211; <strong>s\u00e5 talar de inte sanning.<\/strong><\/p>\n\n<p>Skogsj\u00e4tten valde att helt ignorera det faktum att Ohredahke sameby dragit tillbaka sitt samtycke f\u00f6r avverkningar inom deras k\u00e4rn- och nyckelomr\u00e5den. Ist\u00e4llet f\u00f6r att visa respekt, pausa och lyh\u00f6rt lyssna &#8211; k\u00f6rde de p\u00e5 som ingenting hade h\u00e4nt och avverkade ist\u00e4llet 234 skogar och avverkningsanm\u00e4lde ytterligare hela 545 nya skogar inom Ohredahkes centrala renbetesmarker.<\/p>\n\n<p>Det tog \u00f6ver en m\u00e5nad innan SCA \u00f6verhuvudtaget kontaktade samebyn, och de har \u00e4nnu inte erbjudit en dialog som p\u00e5 riktigt tar tag i grundproblematiken eller erbjudit l\u00f6sningar som i n\u00e5gon rimlig omfattning kan f\u00f6rb\u00e4ttra den allvarliga situationen.<\/p>\n\n<h3 class=\"wp-block-heading\">Greenwashing och hot om att l\u00e4mna FSC<\/h3>\n\n<p>I april i \u00e5r meddelade SCA att de \u00e4mnade att <a href=\"https:\/\/skyddaskogen.se\/svenska-pappersjatten-sca-lamnar-miljocertifiering-fsc\/\">pausa sin h\u00e5llbarhetscertifiering enligt FSC. <\/a>SCA menade att <strong>kraven g\u00e4llande h\u00e4nsyn till naturv\u00e4rden och urfolksr\u00e4ttigheter<\/strong> som certifieringen st\u00e4ller \u00e4r f\u00f6r h\u00f6ga, vilket skapar problem f\u00f6r dem att f\u00e5 in tillr\u00e4ckligt h\u00f6ga volymer skoglig biomassa till sin industri.<\/p>\n\n<p>De f\u00f6rs\u00f6kte m\u00e5la upp det som att det \u00e4ven hindrar dem fr\u00e5n att skapa klimatnytta, vilket \u00e4r en <strong>greenwashing-l\u00f6gn f\u00f6r att legitimera deras storskaliga kalhyggesbruk<\/strong> och plantering av mera contorta. De meddelande dock den 30 maj att de \u201c<a href=\"https:\/\/www.sca.com\/sv\/media\/nyheter\/2025\/sca-skjuter-upp-pausen-av-fsc-forest-management-certifieringen-i-sverige\/\">pausar sin paus\u201d.<\/a><\/p>\n\n<h3 class=\"wp-block-heading\">Ett &#8221;snabbsp\u00e5r&#8221; f\u00f6r att begr\u00e4nsa samiskt inflytande<\/h3>\n\n<figure class=\"wp-block-image size-large\"><img loading=\"lazy\" decoding=\"async\" width=\"1024\" height=\"684\" src=\"https:\/\/www.greenpeace.org\/static\/planet4-sweden-stateless\/2025\/08\/b9a4a0cc-gp0stqb54_medium-res-1200px-1024x684.jpg\" alt=\"\" class=\"wp-image-64372\" srcset=\"https:\/\/www.greenpeace.org\/static\/planet4-sweden-stateless\/2025\/08\/b9a4a0cc-gp0stqb54_medium-res-1200px-1024x684.jpg 1024w, https:\/\/www.greenpeace.org\/static\/planet4-sweden-stateless\/2025\/08\/b9a4a0cc-gp0stqb54_medium-res-1200px-300x200.jpg 300w, https:\/\/www.greenpeace.org\/static\/planet4-sweden-stateless\/2025\/08\/b9a4a0cc-gp0stqb54_medium-res-1200px-768x513.jpg 768w, https:\/\/www.greenpeace.org\/static\/planet4-sweden-stateless\/2025\/08\/b9a4a0cc-gp0stqb54_medium-res-1200px-510x340.jpg 510w, https:\/\/www.greenpeace.org\/static\/planet4-sweden-stateless\/2025\/08\/b9a4a0cc-gp0stqb54_medium-res-1200px.jpg 1200w\" sizes=\"auto, (max-width: 1024px) 100vw, 1024px\" \/><figcaption class=\"wp-element-caption\">Trots att kalhyggen \u00f6del\u00e4gger de lokala ekosystemen och orsakar stora v\u00e4xthusgasutsl\u00e4pp \u00e4r det fortfarande den helt dominerade metoden inom svenskt skogsbruk.<div class=\"credit icon-left\"> \u00a9 Christian \u00c5slund \/ Greenpeace <\/div><\/figcaption><\/figure>\n\n<p>FSC-klagom\u00e5l som Greenpeace tagit del av avsl\u00f6jar att \u00e4ven om SCA aldrig l\u00e4mnade FSC och aldrig slutade s\u00e4lja FSC-certifierade produkter, f\u00f6rs\u00f6kte de \u00e4nd\u00e5 gena i&nbsp; samplaneringen med samebyar enligt de krav som certifieringen inneb\u00e4r.<\/p>\n\n<p>Det innebar att SCA f\u00f6rs\u00f6kte f\u00e5 samebyar att g\u00e5 med p\u00e5 ett s\u00e5 kallat \u201csnabbsp\u00e5r\u201d, som innebar att <strong>samebyarnas m\u00f6jligheter till inflytande kraftigt skulle begr\u00e4nsas<\/strong> f\u00f6r att SCA skulle kunna f\u00e5 igenom s\u00e5 mycket avverkningar som m\u00f6jligt p\u00e5 s\u00e5 kort tid som m\u00f6jligt. I en sameby <strong>avverkade SCA \u00e5terigen medvetet utan samtycke<\/strong>, och i detta fall anm\u00e4lde de sedan sig sj\u00e4lva f\u00f6r regelbrottet.<\/p>\n\n<h2 class=\"wp-block-heading\">En desperat och oh\u00e5llbar aff\u00e4rsmodell<\/h2>\n\n<p>SCAs agerande andas desperation. Ist\u00e4llet f\u00f6r att st\u00e4lla om till ett naturn\u00e4ra skogsbruk och anpassa sin verksamhet efter naturens gr\u00e4nser, v\u00e4ljer de att h\u00e5lla sig fast i en oh\u00e5llbar industrimodell som kr\u00e4ver ett oh\u00e5llbart skogsbruk d\u00e4r f\u00f6rbrytelser mot urfolksr\u00e4ttigheter och milj\u00f6lagar \u00e4r vardag. <\/p>\n\n<p><strong>SCAs business as usual \u00e4r en skandal.<\/strong><\/p>\n\t\t\t<section\n\t\t\tclass=\"boxout post-64917  sticky-bottom-mobile collapse show\"\n\t\t\tid=\"action-card\"\n\t\t>\n\t\t\t<a\n\t\t\t\tdata-ga-category=\"Take Action Boxout\"\n\t\t\t\tdata-ga-action=\"Image\"\n\t\t\t\tdata-ga-label=\"n\/a\"\n\t\t\t\tclass=\"cover-card-overlay\"\n\t\t\t\thref=\"https:\/\/www.greenpeace.org\/sweden\/agera\/stoppa-scandalen\/\" \n\t\t\t><\/a>\n\t\t\t\t\t\t\t<img\n\t\t\t\t\t\tsrc=\"https:\/\/www.greenpeace.org\/static\/planet4-sweden-stateless\/2025\/10\/dd021554-250210_greenpeace_stromsund063_hd-1024x682.jpg\"\n\t\t\t\t\t\tsrcset=\"https:\/\/www.greenpeace.org\/static\/planet4-sweden-stateless\/2025\/10\/dd021554-250210_greenpeace_stromsund063_hd-300x200.jpg 300w, https:\/\/www.greenpeace.org\/static\/planet4-sweden-stateless\/2025\/10\/dd021554-250210_greenpeace_stromsund063_hd-1024x682.jpg 1024w, https:\/\/www.greenpeace.org\/static\/planet4-sweden-stateless\/2025\/10\/dd021554-250210_greenpeace_stromsund063_hd-768x512.jpg 768w, https:\/\/www.greenpeace.org\/static\/planet4-sweden-stateless\/2025\/10\/dd021554-250210_greenpeace_stromsund063_hd-510x340.jpg 510w, https:\/\/www.greenpeace.org\/static\/planet4-sweden-stateless\/2025\/10\/dd021554-250210_greenpeace_stromsund063_hd.jpg 1280w\"\n\t\t\t\t\t\tsizes=\"(min-width: 1000px) 358px, (min-width: 780px) 313px, 88px\"\n\t\t\t\t\t\talt=\"\" title=\"\"\n\t\t\t\t\/>\n            \t\t\t<div class=\"boxout-content\">\n\t\t\t\t\t\t\t\t\t<a\n\t\t\t\t\t\tclass=\"boxout-heading medium\"\n\t\t\t\t\t\tdata-ga-category=\"Take Action Boxout\"\n\t\t\t\t\t\tdata-ga-action=\"Title\"\n\t\t\t\t\t\tdata-ga-label=\"n\/a\"\n\t\t\t\t\t\thref=\"https:\/\/www.greenpeace.org\/sweden\/agera\/stoppa-scandalen\/\"\n\t\t\t\t\t\t\n\t\t\t\t\t>\n\t\t\t\t\t\tStoppa SCAndalen! Skydda svensk skog\n\t\t\t\t\t<\/a>\n\t\t\t\t\t\t\t\t\t\t\t\t\t<p class=\"boxout-excerpt\">SCA \u00e4r inte bara Sveriges och Europas st\u00f6rsta privata skogsbolag, de \u00e4r \u00e4ven ett av de allra v\u00e4rsta. Deras skogsbruk bryter mot lagen, hotar biologisk m\u00e5ngfald och kr\u00e4nker samers r\u00e4ttigheter \u2013 vill du h\u00f6ja din r\u00f6st f\u00f6r att stoppa SCAndalen?<\/p>\n\t\t\t\t                                    <a\n                        class=\"btn btn-primary\"\n                        data-ga-category=\"Take Action Boxout\"\n                        data-ga-action=\"Call to Action\"\n                        data-ga-label=\"n\/a\"\n                        href=\"https:\/\/www.greenpeace.org\/sweden\/agera\/stoppa-scandalen\/\"\n                        \n                    >\n                        Engagera dig\n                    <\/a>\n                \t\t\t<\/div>\n\t\t\t\t\t\t\t<a\n\t\t\t\t\tclass=\"not-now\"\n\t\t\t\t\trole=\"button\"\n\t\t\t\t\tdata-bs-toggle=\"collapse\"\n\t\t\t\t\thref=\"#action-card\"\n\t\t\t\t><\/a>\n\t\t\t\t\t<\/section>\n\t","protected":false},"excerpt":{"rendered":"<p>Enligt svensk grundlag ska det samiska folkets m\u00f6jligheter att beh\u00e5lla och utveckla sin kultur fr\u00e4mjas. Tyv\u00e4rr ser verkligheten annorlunda ut. Enligt vittnesm\u00e5l fr\u00e5n samiska representanter p\u00e5visas det g\u00e5ng p\u00e5 g\u00e5ng att SCA bryter mot detta.<\/p>\n","protected":false},"author":34,"featured_media":65079,"comment_status":"closed","ping_status":"closed","sticky":false,"template":"","format":"standard","meta":{"ep_exclude_from_search":false,"p4_og_title":"","p4_og_description":"","p4_og_image":"","p4_og_image_id":"","p4_seo_canonical_url":"","p4_campaign_name":"","p4_local_project":"Swedish Forests","p4_basket_name":"Forests","p4_department":"","footnotes":""},"categories":[22],"tags":[19,64],"p4-page-type":[16],"class_list":["post-65073","post","type-post","status-publish","format-standard","has-post-thumbnail","hentry","category-skog","tag-skyddaskogen","tag-sapmi","p4-page-type-artiklar"],"_links":{"self":[{"href":"https:\/\/www.greenpeace.org\/sweden\/wp-json\/wp\/v2\/posts\/65073","targetHints":{"allow":["GET"]}}],"collection":[{"href":"https:\/\/www.greenpeace.org\/sweden\/wp-json\/wp\/v2\/posts"}],"about":[{"href":"https:\/\/www.greenpeace.org\/sweden\/wp-json\/wp\/v2\/types\/post"}],"author":[{"embeddable":true,"href":"https:\/\/www.greenpeace.org\/sweden\/wp-json\/wp\/v2\/users\/34"}],"replies":[{"embeddable":true,"href":"https:\/\/www.greenpeace.org\/sweden\/wp-json\/wp\/v2\/comments?post=65073"}],"version-history":[{"count":8,"href":"https:\/\/www.greenpeace.org\/sweden\/wp-json\/wp\/v2\/posts\/65073\/revisions"}],"predecessor-version":[{"id":65158,"href":"https:\/\/www.greenpeace.org\/sweden\/wp-json\/wp\/v2\/posts\/65073\/revisions\/65158"}],"wp:featuredmedia":[{"embeddable":true,"href":"https:\/\/www.greenpeace.org\/sweden\/wp-json\/wp\/v2\/media\/65079"}],"wp:attachment":[{"href":"https:\/\/www.greenpeace.org\/sweden\/wp-json\/wp\/v2\/media?parent=65073"}],"wp:term":[{"taxonomy":"category","embeddable":true,"href":"https:\/\/www.greenpeace.org\/sweden\/wp-json\/wp\/v2\/categories?post=65073"},{"taxonomy":"post_tag","embeddable":true,"href":"https:\/\/www.greenpeace.org\/sweden\/wp-json\/wp\/v2\/tags?post=65073"},{"taxonomy":"p4-page-type","embeddable":true,"href":"https:\/\/www.greenpeace.org\/sweden\/wp-json\/wp\/v2\/p4-page-type?post=65073"}],"curies":[{"name":"wp","href":"https:\/\/api.w.org\/{rel}","templated":true}]}}