{"id":65192,"date":"2025-11-06T20:40:20","date_gmt":"2025-11-06T19:40:20","guid":{"rendered":"https:\/\/www.greenpeace.org\/sweden\/?p=65192"},"modified":"2025-11-06T20:40:23","modified_gmt":"2025-11-06T19:40:23","slug":"nestle-flyr-kontroversiellt-svenskt-skogsbruk-bryter-med-skogsjatten-sca","status":"publish","type":"post","link":"https:\/\/www.greenpeace.org\/sweden\/pressmeddelanden\/skog\/nestle-flyr-kontroversiellt-svenskt-skogsbruk-bryter-med-skogsjatten-sca\/","title":{"rendered":"Nestl\u00e9 flyr kontroversiellt svenskt skogsbruk \u2014 bryter med skogsj\u00e4tten SCA"},"content":{"rendered":"\n<p><strong>V\u00e4rldens st\u00f6rsta livsmedelsf\u00f6retag, Nestl\u00e9, har meddelat att de slutar k\u00f6pa nyfiber fr\u00e5n kontroversiellt skogsbruk i norra Sverige p\u00e5 grund av h\u00e5llbarhetsrisker g\u00e4llande milj\u00f6h\u00e4nsyn och urfolksr\u00e4ttigheter \u2014 ett beslut som inneb\u00e4r att de bryter med skogsj\u00e4tten SCA.<\/strong><\/p>\n\n<figure class=\"wp-block-image size-large\"><img loading=\"lazy\" decoding=\"async\" width=\"1024\" height=\"683\" src=\"https:\/\/www.greenpeace.org\/static\/planet4-sweden-stateless\/2025\/11\/0c25f0bf-greenpeace_sca_forest_03_small-1024x683.jpg\" alt=\"\" class=\"wp-image-65193\" srcset=\"https:\/\/www.greenpeace.org\/static\/planet4-sweden-stateless\/2025\/11\/0c25f0bf-greenpeace_sca_forest_03_small-1024x683.jpg 1024w, https:\/\/www.greenpeace.org\/static\/planet4-sweden-stateless\/2025\/11\/0c25f0bf-greenpeace_sca_forest_03_small-300x200.jpg 300w, https:\/\/www.greenpeace.org\/static\/planet4-sweden-stateless\/2025\/11\/0c25f0bf-greenpeace_sca_forest_03_small-768x512.jpg 768w, https:\/\/www.greenpeace.org\/static\/planet4-sweden-stateless\/2025\/11\/0c25f0bf-greenpeace_sca_forest_03_small-1536x1024.jpg 1536w, https:\/\/www.greenpeace.org\/static\/planet4-sweden-stateless\/2025\/11\/0c25f0bf-greenpeace_sca_forest_03_small-510x340.jpg 510w, https:\/\/www.greenpeace.org\/static\/planet4-sweden-stateless\/2025\/11\/0c25f0bf-greenpeace_sca_forest_03_small.jpg 1558w\" sizes=\"auto, (max-width: 1024px) 100vw, 1024px\" \/><figcaption class=\"wp-element-caption\">En skylt med texten &#8221;Forest SCAndal&#8221; ligger i en skog som kalavverkats av SCA.\u00a0<strong>Christian \u00c5slund \/ Greenpeace<\/strong><\/figcaption><\/figure>\n\n<p>I flera \u00e5r har\u00a0<strong>SCA<\/strong>, Europas och Sveriges st\u00f6rsta privata skogs\u00e4gare, f\u00e5tt upprepad kritik fr\u00e5n milj\u00f6organisationer och samebyar g\u00e4llande skogsj\u00e4ttens storskaliga avverkning av skogar med h\u00f6ga naturv\u00e4rden och f\u00f6rst\u00f6relse av samiska renbetesmarker.\u00a0<strong>Nestl\u00e9\u00a0<\/strong>har under l\u00e5ng tid varit kund till SCA, samtidigt som vittnesm\u00e5len och rapporterna om SCAs systematiska lag- och regelbrott samt kr\u00e4nkningar av urfolks r\u00e4ttigheter, blivit allt fler.\u00a0<\/p>\n\n<p>\u2013 Vi delar Nestl\u00e9s bed\u00f6mning att norra Sverige \u00e4r en mycket riskabel region att k\u00f6pa skogsprodukter fr\u00e5n.Detta beror p\u00e5 att svensk skogslagstiftning och tillsyn \u00e4r mycket svag, och att regeringen avser att f\u00f6rs\u00e4mra skyddet ytterligare f\u00f6r natur- och kontinuitetsskogar. Frivilliga certifieringssystem som FSC och PEFC har dessutom visat sig helt of\u00f6rm\u00f6gna att garantera ett h\u00e5llbart skogsbruk. Alla dessa svagheter utnyttjas maximalt av skogsbolagen, inte minst av SCA, s\u00e4ger <strong>Daniel Rutschman, internationell kampanjledare p\u00e5 Skydda Skogen<\/strong>.<\/p>\n\n<p>Nestl\u00e9s beslut att bryta med kontroversiella leverant\u00f6rer i norra Sverige kommer efter flera \u00e5rs kampanjarbete av Greenpeace och Skydda Skogen som uppm\u00e4rksammat SCAs oh\u00e5llbara skogsbruk. I september 2024 tog de tv\u00e5 organisationerna, tillsammans med samiska representanter, med Nestl\u00e9 och andra bolag p\u00e5 en f\u00e4ltresa i SCA-\u00e4gda skogar. Kort d\u00e4refter signalerade Nestl\u00e9 publikt att de \u00f6verv\u00e4gde att reducera m\u00e4ngden skogsprodukter med ursprung fr\u00e5n norra Sverige i sin leveranskedja.<\/p>\n\n<p>Efter lanseringen av ett nytt\u00a0<a href=\"https:\/\/forestscandal.org\/\">upprop<\/a>\u00a0av Greenpeace och Skydda Skogen den 27 oktober\u00a0 2025, meddelade Nestl\u00e9 att de helt skulle upph\u00f6ra med handel av nyfiber kopplade till kontroversiellt skogsbruk i regionen. En uppdatering p\u00e5 deras hemsida deklarerade:<\/p>\n\n<p><em>\u201cFor several years, we have been working to address risks regarding land use, biodiversity and indigenous community rights in this region. As a result of this work, and our high standards, we have reconsidered our business relationships with suppliers involved in sourcing controversies. We have decided to cease sourcing virgin fibre from suppliers involved in controversy in Northern Sweden.\u201d<\/em><\/p>\n\n<p>\u2013 Nestl\u00e9 har tagit ett viktigt steg i r\u00e4tt riktning genom att st\u00e4da bort produkter fr\u00e5n SCAs oh\u00e5llbara skogsbruk fr\u00e5n sin leveranskedja. Nu hoppas vi att paketerings- och pappersj\u00e4tten DS Smith s\u00e5v\u00e4l som Essity, en j\u00e4tte inom mjukpappers- och hygienartiklar, kommer f\u00f6lja efter. Konsumenter vill inte ha produkter som \u00e4r kopplade till f\u00f6rst\u00f6rda naturskogar eller kr\u00e4nkningar av urfolks r\u00e4ttigheter och Nestl\u00e9s beslut s\u00e4nder en tydlig signal att SCAs kunder b\u00f6rjar f\u00f6rst\u00e5 detta,<strong>\u00a0s\u00e4ger Karolina Carlsson, kampanjledare f\u00f6r skog p\u00e5 Greenpeace\u00a0<\/strong><\/p>\n\n<p>Sverige har en h\u00f6g andel av EU:s sista kvarvarande natur- och kontinuitetsskogar, men lever inte upp till nationella och internationella milj\u00f6- och klimatm\u00e5l kopplade till skog. Oskyddade natur- och kontinuitetsskogar med naturv\u00e4rden \u00e4r avg\u00f6rande f\u00f6r bevarandet av biologisk m\u00e5ngfald, ekosystemtj\u00e4nster och f\u00f6r att stabilisera klimatet , men de f\u00f6rsvinner i h\u00f6g hastighet. Varje \u00e5r avverkningsanm\u00e4ls tiotusentals hektar av dessa v\u00e4rdefulla skogar f\u00f6r kalavverkning.<\/p>\n\n<p>\u2013 Det g\u00e5r inte att underskatta hur br\u00e5dskande situationen \u00e4r. Forskare, myndigheter och experter bed\u00f6mer att om den nuvarande h\u00f6ga avverkningstakten forts\u00e4tter som idag, kommer kvarvarande natur- och kontinuitetsskogar utanf\u00f6r skyddade omr\u00e5den att vara borta om bara n\u00e5gra decennier. F\u00f6retag som fortfarande k\u00f6per produkter fr\u00e5n SCA och svenskt skogsbruk \u00e4r medskyldiga i den h\u00e4r skandalen,\u00a0<strong>s\u00e4ger Daniel Rutschman, internationell kampanjledare p\u00e5 Skydda Skogen<\/strong>.<\/p>\n\n<p><strong>Kontakt:<\/strong><br><strong>Daniel Rutschman<\/strong>, internationell kampanjledare p\u00e5 Skydda Skogen<br><a href=\"mailto:daniel.rutschman@skyddaskogen.se\">daniel.rutschman@skyddaskogen.se<\/a>,\u00a0076-112 88 26<br><strong>Karolina Carlsson<\/strong>, kampanjledare f\u00f6r skog p\u00e5 Greenpeace<br><a href=\"mailto:karolina.carlsson@greenpeace.org\">karolina.carlsson@greenpeace.org<\/a>,\u00a0073-986 50 96<\/p>\n\n<p><strong>L\u00e4s mer:<br><\/strong>Greenpeace och Skydda Skogens upprop (2025):\u00a0<a href=\"http:\/\/forestscandal.org\/\">Stop the Swedish Forest SCAndal<\/a><br>Instagraminl\u00e4gg \u201cForest SCAndal\u201d med Greta Thunberg (2025): [<a href=\"https:\/\/www.instagram.com\/reel\/DQWH9eRgh59\/\">l\u00e4nk<\/a>]<br>Greenpeace i Sveriges rapport (2024):\u00a0<a href=\"https:\/\/www.greenpeace.org\/static\/planet4-sweden-stateless\/2024\/05\/924326e2-killed-by-cardboard-report.pdf\">Killed by Cardboard<\/a><br>Skydda Skogen rapport report (2024):\u00a0<a href=\"http:\/\/sca-files.skyddaskogen.se\/\">SCA-files &#8211; 500 single mistakes<\/a><br>Instagram post efter v\u00e5r f\u00e4ltresa med Nestl\u00e9 med flera (2024): [<a href=\"https:\/\/www.instagram.com\/p\/DA5LMC9C1_n\">l\u00e4nk<\/a>]<br>Greenpeace i Sverige och Renskog rapport (2025):\u00a0<a href=\"https:\/\/www.greenpeace.org\/sweden\/pressmeddelanden\/skog\/rapport-samers-rattigheter-respekteras-inte-av-stora-skogsbolag-bryter-mot-regelverk\/\">Kampen om renskogarna<\/a><\/p>\n\n<h2 class=\"wp-block-heading\"><strong>Officiella uttalanden fr\u00e5n Nestl\u00e9:<\/strong><\/h2>\n\n<p>I Oktober 2025 publicerade Nestl\u00e9 f\u00f6ljande \u00e4ndringar och till\u00e4gg p\u00e5 sin webbsida:<\/p>\n\n<p><strong>Nestl\u00e9s position g\u00e4llande ink\u00f6p av papper fr\u00e5n norra Sverige (nytt uttalande):<br><\/strong><a href=\"https:\/\/www.nestle.com\/ask-nestle\/sustainable-sourcing\/answers\/paper-virgin-fibre-northern-sweden\">https:\/\/www.nestle.com\/ask-nestle\/sustainable-sourcing\/answers\/paper-virgin-fibre-northern-sweden<\/a><\/p>\n\n<p>\u201cWe have decided to cease sourcing virgin fibre from suppliers involved in controversy in Northern Sweden.\u201d<\/p>\n\n<p><strong>Nestl\u00e9 \u2013 Ink\u00f6p av massa och papper (\u00e4ndrat uttalande understruket):<\/strong><br><a href=\"https:\/\/www.nestle.com\/sustainability\/responsible-sourcing\/pulp-paper\">https:\/\/www.nestle.com\/sustainability\/responsible-sourcing\/pulp-paper<\/a><\/p>\n\n<p><em>\u201c<\/em><strong><em>Actions in connection with biodiversity hotspots<\/em><\/strong><em><br><\/em><em>We are taking actions, including significantly decreasing our sourcing demand<\/em><em>&nbsp;from the Swedish Northern Boreal region. [&#8230;] We have identified this region as a biodiversity hotspot and is expected to benefit from higher conservation efforts and social\/land rights considerations.\u201d<\/em><\/p>\n\n<p><em>(Tidigare formulering: \u201cWe are taking actions, including exploring the decrease of our sourcing demand from the Swedish Northern Boreal region.\u201d)<\/em><\/p>\n\n<p><strong>Nestl\u00e9s information om leverant\u00f6rskedjan<\/strong><em>&nbsp;<\/em>(till\u00e4gg till uttalande understruket):<br><a href=\"https:\/\/www.nestle.com\/sites\/default\/files\/2025-10\/responsible-sourcing-disclosure-pulp-paper.pdf\">https:\/\/www.nestle.com\/sites\/default\/files\/2025-10\/responsible-sourcing-disclosure-pulp-paper.pdf<\/a><\/p>\n\n<p>F\u00f6r\u00e4ndringarna i Nestl\u00e9s&nbsp;<a href=\"https:\/\/www.nestle.com\/sites\/default\/files\/2025-10\/responsible-sourcing-disclosure-pulp-paper.pdf\">lista \u00f6ver leverant\u00f6rer av papper och massa<\/a>&nbsp;pekar endast ut Obbola pappersbruk utanf\u00f6r Ume\u00e5, som \u00e4gs av SCA. Listan uppdaterades 2025-10-31, med f\u00f6ljande till\u00e4gg:&nbsp;<\/p>\n\n<p>\u201cThe mill associated with the company indicated with asterisks (**) is part of our supply chain mapping. In 2025, we have requested a significant decrease in volumes from this mill. This&nbsp;decrease is under implementation and the situation is closely monitored.\u201d<br>** ber\u00f6r enbart SCA:s pappersbruk i Obbola.<\/p>\n\n<p>Se<a href=\"https:\/\/www.greenpeace.org\/static\/planet4-sweden-stateless\/2025\/11\/81dd5238-responsible-sourcing-disclosure-pulp-paper-2025-10-25.pdf\" data-type=\"link\" data-id=\"https:\/\/www.greenpeace.org\/static\/planet4-sweden-stateless\/2025\/11\/81dd5238-responsible-sourcing-disclosure-pulp-paper-2025-10-25.pdf\"> tidigare version av Nestl\u00e9s leverant\u00f6rskedja<\/a> (nedladdad 2025-10-25)<\/p>\n\n<p><strong>Mer om svensk skog:<\/strong><br><a href=\"http:\/\/www.swedishforestvision.org\/\">www.swedishforestvision.org<\/a><br><a href=\"http:\/\/www.moreofeverything-film.com\/\">www.moreofeverything-film.com<\/a><br><a href=\"https:\/\/skyddaskogen.se\/wp-content\/uploads\/2025\/05\/forestmonitorreport2025-26-may.pdf\">Forest Monitor report 2025<\/a><\/p>\n","protected":false},"excerpt":{"rendered":"<p>V\u00e4rldens st\u00f6rsta livsmedelsf\u00f6retag slutar k\u00f6pa nyfiber fr\u00e5n SCA p\u00e5 grund av h\u00e5llbarhetsrisker g\u00e4llande milj\u00f6h\u00e4nsyn och urfolksr\u00e4ttigheter.<\/p>\n","protected":false},"author":40,"featured_media":65193,"comment_status":"closed","ping_status":"closed","sticky":false,"template":"","format":"standard","meta":{"ep_exclude_from_search":false,"p4_og_title":"","p4_og_description":"","p4_og_image":"","p4_og_image_id":"","p4_seo_canonical_url":"","p4_campaign_name":"","p4_local_project":"","p4_basket_name":"","p4_department":"","footnotes":""},"categories":[22],"tags":[19,40,68],"p4-page-type":[14],"class_list":["post-65192","post","type-post","status-publish","format-standard","has-post-thumbnail","hentry","category-skog","tag-skyddaskogen","tag-biodiversitet","tag-segrar","p4-page-type-pressmeddelanden"],"_links":{"self":[{"href":"https:\/\/www.greenpeace.org\/sweden\/wp-json\/wp\/v2\/posts\/65192","targetHints":{"allow":["GET"]}}],"collection":[{"href":"https:\/\/www.greenpeace.org\/sweden\/wp-json\/wp\/v2\/posts"}],"about":[{"href":"https:\/\/www.greenpeace.org\/sweden\/wp-json\/wp\/v2\/types\/post"}],"author":[{"embeddable":true,"href":"https:\/\/www.greenpeace.org\/sweden\/wp-json\/wp\/v2\/users\/40"}],"replies":[{"embeddable":true,"href":"https:\/\/www.greenpeace.org\/sweden\/wp-json\/wp\/v2\/comments?post=65192"}],"version-history":[{"count":3,"href":"https:\/\/www.greenpeace.org\/sweden\/wp-json\/wp\/v2\/posts\/65192\/revisions"}],"predecessor-version":[{"id":65210,"href":"https:\/\/www.greenpeace.org\/sweden\/wp-json\/wp\/v2\/posts\/65192\/revisions\/65210"}],"wp:featuredmedia":[{"embeddable":true,"href":"https:\/\/www.greenpeace.org\/sweden\/wp-json\/wp\/v2\/media\/65193"}],"wp:attachment":[{"href":"https:\/\/www.greenpeace.org\/sweden\/wp-json\/wp\/v2\/media?parent=65192"}],"wp:term":[{"taxonomy":"category","embeddable":true,"href":"https:\/\/www.greenpeace.org\/sweden\/wp-json\/wp\/v2\/categories?post=65192"},{"taxonomy":"post_tag","embeddable":true,"href":"https:\/\/www.greenpeace.org\/sweden\/wp-json\/wp\/v2\/tags?post=65192"},{"taxonomy":"p4-page-type","embeddable":true,"href":"https:\/\/www.greenpeace.org\/sweden\/wp-json\/wp\/v2\/p4-page-type?post=65192"}],"curies":[{"name":"wp","href":"https:\/\/api.w.org\/{rel}","templated":true}]}}