{"id":65216,"date":"2025-11-11T08:35:32","date_gmt":"2025-11-11T07:35:32","guid":{"rendered":"https:\/\/www.greenpeace.org\/sweden\/?p=65216"},"modified":"2025-11-11T08:35:37","modified_gmt":"2025-11-11T07:35:37","slug":"ny-sverigechef-pa-greenpeace","status":"publish","type":"post","link":"https:\/\/www.greenpeace.org\/sweden\/pressmeddelanden\/greenpeace\/ny-sverigechef-pa-greenpeace\/","title":{"rendered":"Ny sverigechef p\u00e5 Greenpeace"},"content":{"rendered":"\n<p><strong>Idag tilltr\u00e4der Frida Bengtsson rollen som sverigechef p\u00e5 Greenpeace och kommer att leda Greenpeace Sveriges kampanjarbete fram\u00f6ver.\u00a0<\/strong><br><\/p>\n\n<figure class=\"wp-block-image size-full\"><img loading=\"lazy\" decoding=\"async\" width=\"1000\" height=\"666\" src=\"https:\/\/www.greenpeace.org\/static\/planet4-sweden-stateless\/2025\/11\/7e07cf56-frida-liten.jpg\" alt=\"\" class=\"wp-image-65220\" srcset=\"https:\/\/www.greenpeace.org\/static\/planet4-sweden-stateless\/2025\/11\/7e07cf56-frida-liten.jpg 1000w, https:\/\/www.greenpeace.org\/static\/planet4-sweden-stateless\/2025\/11\/7e07cf56-frida-liten-300x200.jpg 300w, https:\/\/www.greenpeace.org\/static\/planet4-sweden-stateless\/2025\/11\/7e07cf56-frida-liten-768x511.jpg 768w, https:\/\/www.greenpeace.org\/static\/planet4-sweden-stateless\/2025\/11\/7e07cf56-frida-liten-510x340.jpg 510w\" sizes=\"auto, (max-width: 1000px) 100vw, 1000px\" \/><\/figure>\n\n<p class=\"has-text-align-center\">Frida Bengtsson, ny sverigechef p\u00e5 Greenpeace under en expedition till Antarktis. Christian \u00c5slund \/ Greenpeace<\/p>\n\n<p>Frida Bengtsson har en m\u00e5ng\u00e5rig bakgrund inom Greenpeace d\u00e4r hon b\u00f6rjade som volont\u00e4r och har sedan bland annat varit projektledare f\u00f6r Greenpeace globala havsarbete. De senaste \u00e5ren har Frida doktorerat p\u00e5 Stockholm Resilience Centre vid Stockholms universitet och disputerade i h\u00f6stas med <a href=\"https:\/\/www.su.se\/nyheter\/tillit-transparens-och-politisk-vilja-kr%C3%A4vs-f%C3%B6r-ett-h%C3%A5llbart-fiske-1.847660\">en avhandling som ber\u00f6r f\u00f6rvaltarskap, kollektivt handlande och frivilliga \u00e5taganden inom fiskerin\u00e4ringen<\/a>. Frida eftertr\u00e4der Erika Bjureby Saldes som forts\u00e4tter inom Greenpeace som senior politisk r\u00e5dgivare p\u00e5 Greenpeace International.<br><br>\u2013 Jag ser fram emot att lyfta Greenpeace Sveriges arbete ytterligare. Vi kommer fr\u00e5n en styrkeposition i klimat- och milj\u00f6fr\u00e5gor generellt, och skogsfr\u00e5gan specifikt. Nu n\u00e4r det \u00e4r val\u00e5r och kommer milj\u00f6r\u00f6relsen och Greenpeace bli oerh\u00f6rt viktiga f\u00f6r att v\u00e4nda den politiska trenden d\u00e4r klimat- och milj\u00f6fr\u00e5gorna varit nedprioriterade de senaste \u00e5ren. Det \u00e4r tydligt att vi har en stark opinion f\u00f6r politisk handlingskraft i att m\u00f6ta art- och klimatkriserna och det ska vi ta fasta p\u00e5 under det kommande \u00e5ret, s\u00e4ger<strong> Frida Bengtsson.<\/strong><\/p>\n","protected":false},"excerpt":{"rendered":"<p>Idag tilltr\u00e4der Frida Bengtsson rollen som sverigechef p\u00e5 Greenpeace och kommer att leda Greenpeace Sveriges kampanjarbete fram\u00f6ver.\u00a0<\/p>\n","protected":false},"author":38,"featured_media":65218,"comment_status":"closed","ping_status":"closed","sticky":false,"template":"","format":"standard","meta":{"ep_exclude_from_search":false,"p4_og_title":"","p4_og_description":"","p4_og_image":"","p4_og_image_id":"","p4_seo_canonical_url":"","p4_campaign_name":"","p4_local_project":"","p4_basket_name":"","p4_department":"","footnotes":""},"categories":[1],"tags":[13],"p4-page-type":[14],"class_list":["post-65216","post","type-post","status-publish","format-standard","has-post-thumbnail","hentry","category-greenpeace","tag-omgreenpeace","p4-page-type-pressmeddelanden"],"_links":{"self":[{"href":"https:\/\/www.greenpeace.org\/sweden\/wp-json\/wp\/v2\/posts\/65216","targetHints":{"allow":["GET"]}}],"collection":[{"href":"https:\/\/www.greenpeace.org\/sweden\/wp-json\/wp\/v2\/posts"}],"about":[{"href":"https:\/\/www.greenpeace.org\/sweden\/wp-json\/wp\/v2\/types\/post"}],"author":[{"embeddable":true,"href":"https:\/\/www.greenpeace.org\/sweden\/wp-json\/wp\/v2\/users\/38"}],"replies":[{"embeddable":true,"href":"https:\/\/www.greenpeace.org\/sweden\/wp-json\/wp\/v2\/comments?post=65216"}],"version-history":[{"count":2,"href":"https:\/\/www.greenpeace.org\/sweden\/wp-json\/wp\/v2\/posts\/65216\/revisions"}],"predecessor-version":[{"id":65221,"href":"https:\/\/www.greenpeace.org\/sweden\/wp-json\/wp\/v2\/posts\/65216\/revisions\/65221"}],"wp:featuredmedia":[{"embeddable":true,"href":"https:\/\/www.greenpeace.org\/sweden\/wp-json\/wp\/v2\/media\/65218"}],"wp:attachment":[{"href":"https:\/\/www.greenpeace.org\/sweden\/wp-json\/wp\/v2\/media?parent=65216"}],"wp:term":[{"taxonomy":"category","embeddable":true,"href":"https:\/\/www.greenpeace.org\/sweden\/wp-json\/wp\/v2\/categories?post=65216"},{"taxonomy":"post_tag","embeddable":true,"href":"https:\/\/www.greenpeace.org\/sweden\/wp-json\/wp\/v2\/tags?post=65216"},{"taxonomy":"p4-page-type","embeddable":true,"href":"https:\/\/www.greenpeace.org\/sweden\/wp-json\/wp\/v2\/p4-page-type?post=65216"}],"curies":[{"name":"wp","href":"https:\/\/api.w.org\/{rel}","templated":true}]}}